{"id":185823,"date":"2025-06-18T12:15:18","date_gmt":"2025-06-18T12:15:18","guid":{"rendered":"https:\/\/www.europesays.com\/fr\/185823\/"},"modified":"2025-06-18T12:15:18","modified_gmt":"2025-06-18T12:15:18","slug":"la-course-poursuite-se-termine-dans-les-barrieres-de-securite","status":"publish","type":"post","link":"https:\/\/www.europesays.com\/fr\/185823\/","title":{"rendered":"la course-poursuite se termine dans les barri\u00e8res de s\u00e9curit\u00e9"},"content":{"rendered":"<p>Il \u00e9tait environ 13 heures, ce dimanche 15\u00a0juin, quand un \u00e9quipage de la police municipale aper\u00e7oit place Carnot un automobiliste en train de conduire, t\u00e9l\u00e9phone en main.<\/p>\n<p>Les agents lui demandent alors d\u2019arr\u00eater son v\u00e9hicule pour proc\u00e9der \u00e0 un contr\u00f4le. Si dans un premier temps, le conducteur ralentit, il va finalement d\u00e9cider de poursuivre sa route en refusant d\u2019obtemp\u00e9rer.<\/p>\n<p>Le jeune homme, \u00e2g\u00e9 de 23 ans, va alors prendre de nombreux risques en circulant \u00e0 vive allure entre la place Carnot, le boulevard Jules-Janin et la rue Pierre-Dupont. Ce dernier va notamment emprunter un sens interdit et monter \u00e0 plusieurs reprises sur les trottoirs.<\/p>\n<p>  Transf\u00e9r\u00e9 au centre de r\u00e9tention administrative de Lyon<\/p>\n<p>Finalement, le conducteur va perdre le contr\u00f4le de son v\u00e9hicule et percuter de plein fouet des barri\u00e8res de s\u00e9curit\u00e9 qui vont mettre un terme \u00e0 son p\u00e9riple aux abords du quartier de Ch\u00e2teaucreux. Il sera interpell\u00e9 et plac\u00e9 en garde \u00e0 vue au commissariat de police nationale o\u00f9 il a \u00e9t\u00e9 auditionn\u00e9 par les enqu\u00eateurs de la brigade des d\u00e9lits routiers.<\/p>\n<p>Selon une source polici\u00e8re, l\u2019homme, en situation irr\u00e9guli\u00e8re, ne poss\u00e9dait ni permis de conduire, ni assurance. Il a \u00e9t\u00e9 transf\u00e9r\u00e9 au centre de r\u00e9tention administrative de Lyon.<\/p>\n","protected":false},"excerpt":{"rendered":"Il \u00e9tait environ 13 heures, ce dimanche 15\u00a0juin, quand un \u00e9quipage de la police municipale aper\u00e7oit place Carnot&hellip;\n","protected":false},"author":2,"featured_media":185824,"comment_status":"","ping_status":"","sticky":false,"template":"","format":"standard","meta":{"footnotes":""},"categories":[9653],"tags":[1111,11,2430,271,272,7539,1777,674,274,1011,27,12,25,4001,7538,104,2803],"class_list":{"0":"post-185823","1":"post","2":"type-post","3":"status-publish","4":"format-standard","5":"has-post-thumbnail","7":"category-saint-etienne","8":"tag-actu","9":"tag-actualites","10":"tag-auvergne-rhone-alpes","11":"tag-crime","12":"tag-delit-et-contravention","13":"tag-edition-loire-sud","14":"tag-eu","15":"tag-europe","16":"tag-faits-divers-justice","17":"tag-fr","18":"tag-france","19":"tag-news","20":"tag-republique-francaise","21":"tag-saint-etienne","22":"tag-saint-etienne-ville","23":"tag-societe","24":"tag-transport"},"share_on_mastodon":{"url":"https:\/\/pubeurope.com\/@fr\/114704320010697385","error":""},"_links":{"self":[{"href":"https:\/\/www.europesays.com\/fr\/wp-json\/wp\/v2\/posts\/185823","targetHints":{"allow":["GET"]}}],"collection":[{"href":"https:\/\/www.europesays.com\/fr\/wp-json\/wp\/v2\/posts"}],"about":[{"href":"https:\/\/www.europesays.com\/fr\/wp-json\/wp\/v2\/types\/post"}],"author":[{"embeddable":true,"href":"https:\/\/www.europesays.com\/fr\/wp-json\/wp\/v2\/users\/2"}],"replies":[{"embeddable":true,"href":"https:\/\/www.europesays.com\/fr\/wp-json\/wp\/v2\/comments?post=185823"}],"version-history":[{"count":0,"href":"https:\/\/www.europesays.com\/fr\/wp-json\/wp\/v2\/posts\/185823\/revisions"}],"wp:featuredmedia":[{"embeddable":true,"href":"https:\/\/www.europesays.com\/fr\/wp-json\/wp\/v2\/media\/185824"}],"wp:attachment":[{"href":"https:\/\/www.europesays.com\/fr\/wp-json\/wp\/v2\/media?parent=185823"}],"wp:term":[{"taxonomy":"category","embeddable":true,"href":"https:\/\/www.europesays.com\/fr\/wp-json\/wp\/v2\/categories?post=185823"},{"taxonomy":"post_tag","embeddable":true,"href":"https:\/\/www.europesays.com\/fr\/wp-json\/wp\/v2\/tags?post=185823"}],"curies":[{"name":"wp","href":"https:\/\/api.w.org\/{rel}","templated":true}]}}