{"id":185825,"date":"2025-06-18T12:16:09","date_gmt":"2025-06-18T12:16:09","guid":{"rendered":"https:\/\/www.europesays.com\/fr\/185825\/"},"modified":"2025-06-18T12:16:09","modified_gmt":"2025-06-18T12:16:09","slug":"saint-etienne-et-bordeaux-nont-pas-oublie-lacombe","status":"publish","type":"post","link":"https:\/\/www.europesays.com\/fr\/185825\/","title":{"rendered":"Saint-Etienne et Bordeaux n&rsquo;ont pas oubli\u00e9 Lacombe"},"content":{"rendered":"<p>                            <img width=\"770\" height=\"433\" src=\"https:\/\/www.europesays.com\/fr\/wp-content\/uploads\/2025\/06\/20250617221517-93129812-770x433.jpg\" class=\"attachment-article size-article wp-post-image\" alt=\"Bernard Lacombe lors de son hommage au Parc OL en 2019\" decoding=\"async\" fetchpriority=\"high\"  \/><\/p>\n<p>Bernard Lacombe lors de son hommage au Parc OL en 2019 (Photo by ROMAIN LAFABREGUE \/ AFP)<\/p>\n<p>Figure de l&rsquo;OL, Bernard Lacombe n&rsquo;a pas pass\u00e9 toute sa carri\u00e8re \u00e0 Gerland. Le temps d&rsquo;une saison \u00e0 Saint-Etienne puis huit \u00e0 Bordeaux, l&rsquo;attaquant s&rsquo;est forg\u00e9 une r\u00e9putation de buteur. Ses deux anciens clubs n&rsquo;ont pas manqu\u00e9 de saluer sa m\u00e9moire.<\/p>\n<p>Pour ceux qui s&rsquo;interrogeaient sur l&rsquo;impact que pouvait avoir Bernard <strong>Lacombe<\/strong>, <a href=\"https:\/\/www.olympique-et-lyonnais.com\/ol-carnet-noir-bernard-lacombe-est-decede,366335.html\" rel=\"nofollow noopener\" target=\"_blank\">son d\u00e9c\u00e8s<\/a> a malheureusement livr\u00e9 une vraie r\u00e9ponse. L\u00e9gende de l&rsquo;<strong>OL<\/strong>, l&rsquo;attaquant avait avant tout fait l&rsquo;unanimit\u00e9 aux quatre coins de l&rsquo;Hexagone. Que ce soit dans sa carri\u00e8re de joueur et ensuite de dirigeant. Les <a href=\"https:\/\/www.olympique-et-lyonnais.com\/ol-cacapa-bernard-lacombe-faisait-partie-de-ma-famille,366349.html\" rel=\"nofollow noopener\" target=\"_blank\">hommages <\/a>se succ\u00e8dent depuis un peu moins de vingt-quatre heures et tous mettent en avant le caract\u00e8re sympathique de celui qui s&rsquo;est \u00e9teint \u00e0 l&rsquo;\u00e2ge de 72 ans mardi soir. Garant des valeurs lyonnaises pour les petits nouveaux qui d\u00e9barquaient entre Rh\u00f4ne et Sa\u00f4ne, Bernard <strong>Lacombe <\/strong>a aussi vu du pays durant sa carri\u00e8re de joueur.<\/p>\n<p>Il a d&rsquo;ailleurs pass\u00e9 autant de temps \u00e0 l&rsquo;<strong>OL<\/strong> qu&rsquo;aux<strong> Girondins de Bordeaux<\/strong>, son troisi\u00e8me et dernier club en pro. En Gironde, il a fait trembler les filets \u00e0 137 reprises et le club au scapulaire ne l&rsquo;a pas oubli\u00e9. \u00ab\u00a0Pass\u00e9 par les Girondins entre 1979 et 1987, ce buteur de l\u00e9gende a marqu\u00e9 l&rsquo;Histoire du club par son talent et sa g\u00e9n\u00e9rosit\u00e9. Toute la famille Marine et Blanc pleure aujourd&rsquo;hui un attaquant d&rsquo;une \u00e9l\u00e9gance rare, au panth\u00e9on des plus grands joueurs de l&rsquo;histoire du Club. Merci Bernard.\u00a0\u00bb<\/p>\n<p>L&rsquo;ASSE, un rival uni dans la douleur<\/p>\n<p>Vainqueur \u00e0 deux reprises de la Coupe de France, il avait nou\u00e9 une belle amiti\u00e9 avec Alain <strong>Giresse<\/strong>, qu&rsquo;il a c\u00f4toy\u00e9 \u00e9galement en \u00e9quipe de France. Cette aventure girondine lui a permis de tourner la courte page de l&rsquo;<strong>AS Saint-\u00c9tienne<\/strong>. Car oui, la l\u00e9gende lyonnaise a \u00e9volu\u00e9 une saison chez les Verts, un peu \u00e0 contrec\u0153ur, son transfert permettant \u00e0 l&rsquo;OL d&rsquo;\u00e9viter la banqueroute. Ce pass\u00e9 ne lui a jamais \u00e9t\u00e9 reproch\u00e9, bien au contraire. En ce jour de deuil, la rivalit\u00e9 a \u00e9t\u00e9 laiss\u00e9e de c\u00f4t\u00e9, m\u00eame si elle n&rsquo;est jamais bien loin. \u00ab\u00a0Pass\u00e9 au Vert le temps d\u2019une saison, Bernard Lacombe nous a quitt\u00e9s. Grand monsieur d\u2019un club voisin que l\u2019on aime affronter, il restera le t\u00e9moin d\u2019une rivalit\u00e9 qui traverse les g\u00e9n\u00e9rations.\u00a0\u00bb Rivaux sur le terrain, mais unis dans la peine.<\/p>\n","protected":false},"excerpt":{"rendered":"Bernard Lacombe lors de son hommage au Parc OL en 2019 (Photo by ROMAIN LAFABREGUE \/ AFP) Figure&hellip;\n","protected":false},"author":2,"featured_media":185826,"comment_status":"","ping_status":"","sticky":false,"template":"","format":"standard","meta":{"footnotes":""},"categories":[9653],"tags":[1111,11,2430,1777,674,1011,27,66,12,241,978,25,4001],"class_list":{"0":"post-185825","1":"post","2":"type-post","3":"status-publish","4":"format-standard","5":"has-post-thumbnail","7":"category-saint-etienne","8":"tag-actu","9":"tag-actualites","10":"tag-auvergne-rhone-alpes","11":"tag-eu","12":"tag-europe","13":"tag-fr","14":"tag-france","15":"tag-ligue-1","16":"tag-news","17":"tag-ol","18":"tag-olympique-lyonnais","19":"tag-republique-francaise","20":"tag-saint-etienne"},"share_on_mastodon":{"url":"https:\/\/pubeurope.com\/@fr\/114704324029180785","error":""},"_links":{"self":[{"href":"https:\/\/www.europesays.com\/fr\/wp-json\/wp\/v2\/posts\/185825","targetHints":{"allow":["GET"]}}],"collection":[{"href":"https:\/\/www.europesays.com\/fr\/wp-json\/wp\/v2\/posts"}],"about":[{"href":"https:\/\/www.europesays.com\/fr\/wp-json\/wp\/v2\/types\/post"}],"author":[{"embeddable":true,"href":"https:\/\/www.europesays.com\/fr\/wp-json\/wp\/v2\/users\/2"}],"replies":[{"embeddable":true,"href":"https:\/\/www.europesays.com\/fr\/wp-json\/wp\/v2\/comments?post=185825"}],"version-history":[{"count":0,"href":"https:\/\/www.europesays.com\/fr\/wp-json\/wp\/v2\/posts\/185825\/revisions"}],"wp:featuredmedia":[{"embeddable":true,"href":"https:\/\/www.europesays.com\/fr\/wp-json\/wp\/v2\/media\/185826"}],"wp:attachment":[{"href":"https:\/\/www.europesays.com\/fr\/wp-json\/wp\/v2\/media?parent=185825"}],"wp:term":[{"taxonomy":"category","embeddable":true,"href":"https:\/\/www.europesays.com\/fr\/wp-json\/wp\/v2\/categories?post=185825"},{"taxonomy":"post_tag","embeddable":true,"href":"https:\/\/www.europesays.com\/fr\/wp-json\/wp\/v2\/tags?post=185825"}],"curies":[{"name":"wp","href":"https:\/\/api.w.org\/{rel}","templated":true}]}}