{"id":185827,"date":"2025-06-18T12:17:12","date_gmt":"2025-06-18T12:17:12","guid":{"rendered":"https:\/\/www.europesays.com\/fr\/185827\/"},"modified":"2025-06-18T12:17:12","modified_gmt":"2025-06-18T12:17:12","slug":"on-vous-presente-le-nouveau-projet","status":"publish","type":"post","link":"https:\/\/www.europesays.com\/fr\/185827\/","title":{"rendered":"on vous pr\u00e9sente le nouveau projet"},"content":{"rendered":"<p>            Par<br \/>\n        <strong><br \/>\n            <a href=\"https:\/\/actu.fr\/auteur\/pierre-emile-bouchy-actu-fr\" title=\"Consulter tous les articles de Paul-Emile Bouchy\" target=\"_blank\" rel=\"noopener\">Paul-Emile Bouchy<\/a><br \/>\n        <\/strong><\/p>\n<p>        Publi\u00e9 le<\/p>\n<p>            18 juin 2025 \u00e0 14h06        <\/p>\n<p>\u00c0 Nancy, le quartier Rives de Meurthe est l\u2019un de ceux qui a le plus chang\u00e9 ces derni\u00e8res ann\u00e9es et cela devrait se poursuivre avec <a href=\"https:\/\/actu.fr\/tag\/urbanloop\" target=\"_blank\" rel=\"noopener\">Urbanloop<\/a> ou encore la construction de la <a href=\"https:\/\/actu.fr\/grand-est\/nancy_54395\/nouvelle-cite-judiciaire-de-nancy-ou-en-est-le-projet-d-abord-attendu-pour-2025_60739939.html\" target=\"_blank\" rel=\"noopener\">future cit\u00e9 judiciaire<\/a>.<\/p>\n<p class=\" wall-content\">Mardi 17\u00a0juin, lors d\u2019une r\u00e9union publique \u00e0 L\u2019Autre Canal, les \u00e9lus de la Ville et de la M\u00e9tropole du Grand Nancy, ont pr\u00e9sent\u00e9 le <strong>projet de transformation du boulevard d\u2019Austrasie<\/strong>. Voici ce qui est pr\u00e9vu.<\/p>\n<p>Une piste cyclable et des passages pi\u00e9tons s\u00e9curis\u00e9s<\/p>\n<p class=\" wall-content\">Depuis avril\u00a02024, le boulevard est d\u00e9j\u00e0 modifi\u00e9 avec <a href=\"https:\/\/actu.fr\/grand-est\/nancy_54395\/piste-cyclable-zone-pietonne-nouveau-square-ce-quartier-de-nancy-va-connaitre-plusieurs-transformations_60988285.html\" target=\"_blank\" rel=\"noopener\">l\u2019installation d\u2019une piste cyclable transitoire<\/a> d\u00e9limit\u00e9e par des bornes jaunes qui a entra\u00een\u00e9 la suppression des places de stationnement sur un c\u00f4t\u00e9.<\/p>\n<p class=\" wall-content\">Apr\u00e8s cette ann\u00e9e d\u2019exp\u00e9rimentation, les services de la M\u00e9tropole ont travaill\u00e9 sur un projet afin de <strong>p\u00e9renniser cette installation<\/strong>. L\u2019am\u00e9nagement pr\u00e9voit donc\u2009:<\/p>\n<ul class=\" wall-content\">\n<li>la <strong>cr\u00e9ation d\u2019une piste cyclable bidirectionnelle<\/strong>, s\u00e9par\u00e9e de la route par une bordure ;<\/li>\n<li>un <strong>double sens de circulation pour les voitures<\/strong> avec un nouvel enrob\u00e9 ;<\/li>\n<li>des <strong>passages pi\u00e9tons s\u00e9curis\u00e9s<\/strong> avec des ralentisseurs en amont ;<\/li>\n<li>de la v\u00e9g\u00e9talisation avec des <strong>pav\u00e9s v\u00e9g\u00e9talis\u00e9s<\/strong> et de nouvelles plantations.<\/li>\n<\/ul>\n<p class=\" wall-content\">Les trottoirs vont \u00e9galement \u00eatre repris et le <a href=\"https:\/\/actu.fr\/tag\/stationnement\" target=\"_blank\" rel=\"noopener\">stationnement<\/a> maintenu sur un c\u00f4t\u00e9 du boulevard.<\/p>\n<p>    <img   decoding=\"async\" loading=\"lazy\" src=\"https:\/\/www.europesays.com\/fr\/wp-content\/uploads\/2025\/06\/boulevard-daustrasie-projet-piste-cyclable-960x640.jpg\" alt=\"Le boulevard d'Austrasie va accueillir une piste cyclable bidirectionnelle et de nouveaux espaces v\u00e9g\u00e9talis\u00e9s.\" width=\"960\" height=\"640\"\/><br \/>\n    Le boulevard d\u2019Austrasie va accueillir une piste cyclable bidirectionnelle et de nouveaux espaces v\u00e9g\u00e9talis\u00e9s. (\u00a9M\u00e9tropole du Grand Nancy)Une rue prioritaire aux cyclistes et une passerelle au-dessus du canal<\/p>\n<p class=\" wall-content\">Ce chantier s\u2019inscrit dans la volont\u00e9 de la M\u00e9tropole de <a href=\"https:\/\/actu.fr\/grand-est\/nancy_54395\/le-grand-nancy-veut-devenir-une-metropole-100-cyclable-en-2035-voici-comment_61660798.html\" target=\"_blank\" rel=\"noopener\">devenir \u00ab\u2009100\u2009% cyclable\u2009\u00bb en 2035<\/a>. Le boulevard d\u2019Austrasie est un \u00e9l\u00e9ment du futur axe cyclable structurant est-ouest qui ira d\u2019Essey jusqu\u2019\u00e0 Laxou.<\/p>\n<p class=\" wall-content\">Le projet inclut donc la modification de la <strong>rue de Newcastle en \u00ab\u2009v\u00e9lo-rue\u2009\u00bb<\/strong> o\u00f9 les automobilistes devront partager l\u2019espace avec les cyclistes et la <a href=\"https:\/\/actu.fr\/grand-est\/nancy_54395\/nancy-une-passerelle-pour-pietons-et-cyclistes-va-etre-construite-au-dessus-du-canal-pres-du-kinepolis_61609566.html\" target=\"_blank\" rel=\"noopener\">cr\u00e9ation d\u2019une passerelle levante<\/a> qui traversera le canal pour rejoindre la rue Charles III.<\/p>\n<p>    <img   decoding=\"async\" loading=\"lazy\" src=\"https:\/\/www.europesays.com\/fr\/wp-content\/uploads\/2025\/06\/rue-de-newcastle-nancy-projet-960x640.jpg\" alt=\"Dans la rue de Newcastle, l'existant va \u00eatre conserv\u00e9 mais le marquage au sol va \u00eatre modifi\u00e9.\" width=\"960\" height=\"640\"\/><br \/>\n    Dans la rue de Newcastle, l\u2019existant va \u00eatre conserv\u00e9, mais le marquage au sol va \u00eatre modifi\u00e9. (\u00a9M\u00e9tropole du Grand Nancy)Le calendrier des travaux<\/p>\n<p class=\" wall-content\">La M\u00e9tropole du Grand Nancy a d\u00e9voil\u00e9 le <strong>planning pr\u00e9visionnel<\/strong> de ce chantier\u2009:<\/p>\n<ul class=\" wall-content\">\n<li>travaux boulevard d\u2019Austrasie\u2009: \u00e0 partir de l\u2019automne 2025 (sous r\u00e9serve du d\u00e9voiement de r\u00e9seaux par les concessionnaires) pour une dur\u00e9e de six mois ;<\/li>\n<li>travaux passerelle levante\u2009: \u00e0 partir de d\u00e9but 2026 pour une dur\u00e9e de 18 mois.<\/li>\n<\/ul>\n<p class=\" wall-content\">Les travaux de la rue Charles III (entre le canal et le boulevard Lobau) auront lieu durant la fin de la construction de la passerelle, soit au printemps-\u00e9t\u00e9 2027.<\/p>\n<p class=\" wall-content\">Suivez toute l\u2019actualit\u00e9 de vos villes et m\u00e9dias favoris en vous inscrivant \u00e0 <a href=\"https:\/\/moncompte.actu.fr\" title=\"D\u00e9couvez Mon Actu\" rel=\"nofollow noopener\" data-trk=\"{&quot;cta&quot;:{&quot;action&quot;:&quot;https:\\\/\\\/moncompte.actu.fr&quot;,&quot;category&quot;:&quot;mon compte&quot;,&quot;from&quot;:&quot;article footer&quot;,&quot;name&quot;:&quot;Mon actu&quot;,&quot;type&quot;:&quot;cta&quot;}}\" target=\"_blank\">Mon Actu<\/a>.<\/p>\n","protected":false},"excerpt":{"rendered":"Par Paul-Emile Bouchy Publi\u00e9 le 18 juin 2025 \u00e0 14h06 \u00c0 Nancy, le quartier Rives de Meurthe est&hellip;\n","protected":false},"author":2,"featured_media":185828,"comment_status":"","ping_status":"","sticky":false,"template":"","format":"standard","meta":{"footnotes":""},"categories":[9635],"tags":[1111,11,1777,674,1011,27,775,1702,12,4798,25,104,2086,1352],"class_list":{"0":"post-185827","1":"post","2":"type-post","3":"status-publish","4":"format-standard","5":"has-post-thumbnail","7":"category-nancy","8":"tag-actu","9":"tag-actualites","10":"tag-eu","11":"tag-europe","12":"tag-fr","13":"tag-france","14":"tag-grand-est","15":"tag-nancy","16":"tag-news","17":"tag-pistes-cyclables","18":"tag-republique-francaise","19":"tag-societe","20":"tag-travaux","21":"tag-urbanisme"},"share_on_mastodon":{"url":"https:\/\/pubeurope.com\/@fr\/114704328016385432","error":""},"_links":{"self":[{"href":"https:\/\/www.europesays.com\/fr\/wp-json\/wp\/v2\/posts\/185827","targetHints":{"allow":["GET"]}}],"collection":[{"href":"https:\/\/www.europesays.com\/fr\/wp-json\/wp\/v2\/posts"}],"about":[{"href":"https:\/\/www.europesays.com\/fr\/wp-json\/wp\/v2\/types\/post"}],"author":[{"embeddable":true,"href":"https:\/\/www.europesays.com\/fr\/wp-json\/wp\/v2\/users\/2"}],"replies":[{"embeddable":true,"href":"https:\/\/www.europesays.com\/fr\/wp-json\/wp\/v2\/comments?post=185827"}],"version-history":[{"count":0,"href":"https:\/\/www.europesays.com\/fr\/wp-json\/wp\/v2\/posts\/185827\/revisions"}],"wp:featuredmedia":[{"embeddable":true,"href":"https:\/\/www.europesays.com\/fr\/wp-json\/wp\/v2\/media\/185828"}],"wp:attachment":[{"href":"https:\/\/www.europesays.com\/fr\/wp-json\/wp\/v2\/media?parent=185827"}],"wp:term":[{"taxonomy":"category","embeddable":true,"href":"https:\/\/www.europesays.com\/fr\/wp-json\/wp\/v2\/categories?post=185827"},{"taxonomy":"post_tag","embeddable":true,"href":"https:\/\/www.europesays.com\/fr\/wp-json\/wp\/v2\/tags?post=185827"}],"curies":[{"name":"wp","href":"https:\/\/api.w.org\/{rel}","templated":true}]}}