{"id":185829,"date":"2025-06-18T12:18:42","date_gmt":"2025-06-18T12:18:42","guid":{"rendered":"https:\/\/www.europesays.com\/fr\/185829\/"},"modified":"2025-06-18T12:18:42","modified_gmt":"2025-06-18T12:18:42","slug":"volley-vandoeuvre-nancy-engage-la-jeune-finlandaise-sofia-lehto","status":"publish","type":"post","link":"https:\/\/www.europesays.com\/fr\/185829\/","title":{"rendered":"Volley. Vandoeuvre Nancy engage la jeune Finlandaise Sofia Lehto"},"content":{"rendered":"<p>Apr\u00e8s l\u2019exp\u00e9rience ( <a href=\"https:\/\/www.estrepublicain.fr\/sport\/2025\/06\/12\/ajla-paradzik-ca-fait-plusieurs-saisons-que-le-president-m-appelle-pour-revenir-au-vandoeuvre-nancy-vb\" target=\"_blank\" rel=\"noopener\">Ajla Paradzik<\/a> , <a href=\"https:\/\/www.estrepublicain.fr\/sport\/2025\/06\/15\/vandoeuvre-nancy-s-attache-les-services-de-madelyn-robinson-passee-par-le-rc-cannes\" target=\"_blank\" rel=\"noopener\">Madelyn Robinson<\/a> ), le VNVB vient d\u2019assaisonner son effectif en reconstruction d\u2019une pointe de jeunesse, en provenance du Nord de l\u2019Europe. La r\u00e9ceptionneuse\/attaquante finlandaise Sofia Lehto (22 ans ; 1,76m) a en effet donn\u00e9 son accord pour rejoindre le groupe <a href=\"https:\/\/www.estrepublicain.fr\/sport\/2025\/05\/06\/nicola-vettori-nouveau-coach-du-vandoeuvre-nancy-vb-je-sais-que-l-heritage-est-lourd\" target=\"_blank\" rel=\"noopener\">d\u00e9sormais dirig\u00e9 par Nicola Vettori<\/a>. Une joueuse prometteuse, qui pourrait rapidement frapper \u00e0 la porte de la s\u00e9lection nationale finlandaise, <a href=\"https:\/\/www.estrepublicain.fr\/encadres\/2025\/03\/15\/vnvb-futur-entraineur-de-mulhouse-andre-sa-dirigera-aussi-la-selection-finlandaise\" target=\"_blank\" rel=\"noopener\">dont le nouveau patron n\u2019est autre que\u2026 Andr\u00e9 S\u00e0<\/a>.<\/p>\n<p>Form\u00e9e en Finlande, Sofia Lehto a v\u00e9cu sa premi\u00e8re exp\u00e9rience \u00e0 l\u2019\u00e9tranger la saison derni\u00e8re, en Autriche, avec un club d\u2019Innsbruck (Ti-Axess Volley). \u00ab Je voulais franchir une \u00e9tape dans ma carri\u00e8re, en rejoignant un championnat de plus haut niveau et une \u00e9quipe ambitieuse \u00bb, a-t-elle d\u00e9clar\u00e9 via le club vandop\u00e9rien, \u00ab Nancy m\u2019a paru \u00eatre une formidable opportunit\u00e9 pour cela. L\u2019\u00e9quipe a connu une excellente saison l\u2019an dernier. Mon objectif est de contribuer \u00e0 maintenir cette dynamique et d\u2019aider le club \u00e0 vivre une nouvelle saison r\u00e9ussie. J\u2019esp\u00e8re faire partie d\u2019un groupe qui joue un volley de haut niveau et qui se soutient mutuellement, sur le terrain comme en dehors \u00bb.<\/p>\n<p>\u00ab Sofia est un jeune talent finlandais, qui continue son d\u00e9veloppement \u00e0 l\u2019\u00e9tranger, apr\u00e8s l\u2019Autriche, dans notre championnat comp\u00e9titif et relev\u00e9. Elle aura \u00e0 c\u0153ur de progresser pour aider le club, mais aussi pour retenir l\u2019attention de son nouveau s\u00e9lectionneur national, Andr\u00e9 S\u00e0\u2026 \u00bb, pr\u00e9cise pour sa part le directeur sportif Fabien Pelc.<\/p>\n","protected":false},"excerpt":{"rendered":"Apr\u00e8s l\u2019exp\u00e9rience ( Ajla Paradzik , Madelyn Robinson ), le VNVB vient d\u2019assaisonner son effectif en reconstruction d\u2019une&hellip;\n","protected":false},"author":2,"featured_media":185830,"comment_status":"","ping_status":"","sticky":false,"template":"","format":"standard","meta":{"footnotes":""},"categories":[9635],"tags":[1111,11,1704,1777,674,107,1701,1011,27,775,6364,1702,12,25,517,1700,5711,1750,1632],"class_list":{"0":"post-185829","1":"post","2":"type-post","3":"status-publish","4":"format-standard","5":"has-post-thumbnail","7":"category-nancy","8":"tag-actu","9":"tag-actualites","10":"tag-edition-nancy-et-agglomeration","11":"tag-eu","12":"tag-europe","13":"tag-fil-info","14":"tag-fil-info-sport","15":"tag-fr","16":"tag-france","17":"tag-grand-est","18":"tag-metropole-du-grand-nancy-54b1","19":"tag-nancy","20":"tag-news","21":"tag-republique-francaise","22":"tag-sport","23":"tag-sport-lorrain","24":"tag-vandoeuvre-les-nancy","25":"tag-vnvb","26":"tag-volley-ball"},"share_on_mastodon":{"url":"https:\/\/pubeurope.com\/@fr\/114704332155151775","error":""},"_links":{"self":[{"href":"https:\/\/www.europesays.com\/fr\/wp-json\/wp\/v2\/posts\/185829","targetHints":{"allow":["GET"]}}],"collection":[{"href":"https:\/\/www.europesays.com\/fr\/wp-json\/wp\/v2\/posts"}],"about":[{"href":"https:\/\/www.europesays.com\/fr\/wp-json\/wp\/v2\/types\/post"}],"author":[{"embeddable":true,"href":"https:\/\/www.europesays.com\/fr\/wp-json\/wp\/v2\/users\/2"}],"replies":[{"embeddable":true,"href":"https:\/\/www.europesays.com\/fr\/wp-json\/wp\/v2\/comments?post=185829"}],"version-history":[{"count":0,"href":"https:\/\/www.europesays.com\/fr\/wp-json\/wp\/v2\/posts\/185829\/revisions"}],"wp:featuredmedia":[{"embeddable":true,"href":"https:\/\/www.europesays.com\/fr\/wp-json\/wp\/v2\/media\/185830"}],"wp:attachment":[{"href":"https:\/\/www.europesays.com\/fr\/wp-json\/wp\/v2\/media?parent=185829"}],"wp:term":[{"taxonomy":"category","embeddable":true,"href":"https:\/\/www.europesays.com\/fr\/wp-json\/wp\/v2\/categories?post=185829"},{"taxonomy":"post_tag","embeddable":true,"href":"https:\/\/www.europesays.com\/fr\/wp-json\/wp\/v2\/tags?post=185829"}],"curies":[{"name":"wp","href":"https:\/\/api.w.org\/{rel}","templated":true}]}}