{"id":185839,"date":"2025-06-18T12:25:16","date_gmt":"2025-06-18T12:25:16","guid":{"rendered":"https:\/\/www.europesays.com\/fr\/185839\/"},"modified":"2025-06-18T12:25:16","modified_gmt":"2025-06-18T12:25:16","slug":"pourquoi-cest-encore-loin-detre-fini-a-rouen-et-au-havre","status":"publish","type":"post","link":"https:\/\/www.europesays.com\/fr\/185839\/","title":{"rendered":"pourquoi c&rsquo;est encore loin d&rsquo;\u00eatre fini \u00e0 Rouen et au Havre"},"content":{"rendered":"<p>            Par<br \/>\n        <strong><br \/>\n            <a href=\"https:\/\/actu.fr\/auteur\/adrien-filoche\" title=\"Consulter tous les articles de Adrien Filoche\" target=\"_blank\" rel=\"noopener\">Adrien Filoche<\/a><br \/>\n        <\/strong><\/p>\n<p>        Publi\u00e9 le<\/p>\n<p>            18 juin 2025 \u00e0 13h31        <\/p>\n<p><strong>Nouveau coup dur pour les ZFE.<\/strong> Ce mardi 17\u00a0juin 2025, <a href=\"https:\/\/actu.fr\/politique\/zfe-malgre-de-nombreuses-divisions-les-deputes-votent-l-ensemble-du-projet-de-loi-pour-les-supprimer_62786317.html\" target=\"_blank\" rel=\"noopener\">les d\u00e9put\u00e9s ont vot\u00e9 pour le projet de loi de \u00ab\u2009simplification\u2009\u00bb<\/a>, qui comprend notamment un amendement supprimant les zones \u00e0 faibles \u00e9missions (ZFE). Est-ce que cela signifie la fin d\u00e9finitive des ZFE dans les agglom\u00e9rations concern\u00e9es, \u00e0 l\u2019instar de Rouen et du\u00a0Havre\u2009? Pas vraiment. Pour le moment, en tout cas, elles restent encore bien op\u00e9rationnelles.<\/p>\n<p>\u00ab\u2009Ne pas tirer de conclusions trop h\u00e2tives\u2009\u00bb<\/p>\n<p class=\" wall-content\">Pour rappel, ce dispositif avait \u00e9t\u00e9 mis en place d\u00e8s 2019 en France pour lutter contre la pollution et limiter les \u00e9missions de particules fines dans les grandes agglom\u00e9rations. \u00c0 Rouen, la mesure a \u00e9t\u00e9 mise en place <a href=\"https:\/\/actu.fr\/normandie\/rouen_76540\/zfe-a-rouen-deux-ans-apres-sa-mise-en-place-vous-serez-etonne-du-nombre-d-amendes-donnees_62219083.html\" target=\"_blank\" rel=\"noopener\">\u00e0 partir du 1\u1d49\u02b3 mars\u00a02023<\/a>, tandis que Le\u00a0Havre a suivi <a href=\"https:\/\/actu.fr\/normandie\/le-havre_76351\/vignette-crit-air-obligatoire-au-havre-des-le-1er-janvier-voici-ce-qu-il-faut-savoir-sur-la-zfe_62030515.html#:~:text=%C3%80%20compter%20du%201er%20janvier,en%20place%20de%20la%20ZFE.&amp;text=Nouvelle%20ann%C3%A9e%2C%20changements%20%C3%A0%20mener,mise%20en%20place%20au%20Havre.\" target=\"_blank\" rel=\"noopener\">le 1\u1d49\u02b3 janvier\u00a02025.<\/a><\/p>\n<p class=\" wall-content\"><strong>G\u00e9rard Leseul<\/strong>, d\u00e9put\u00e9 (PS) de la cinqui\u00e8me circonscription en Seine-Maritime, d\u00e9plore le vote des d\u00e9put\u00e9s, qui vient porter un nouveau coup d\u2019estocade dans les ZFE. En mars\u00a02025, il avait fait part de sa d\u00e9ception \u00e0 la suite du vote en commission sp\u00e9ciale, dont il \u00e9tait membre, et qui avait approuv\u00e9 l\u2019amendement visant \u00e0 supprimer les ZFE, qualifiant alors la s\u00e9quence de <a href=\"https:\/\/actu.fr\/normandie\/rouen_76540\/rouen-suppression-de-la-zfe-en-commission-c-est-une-sequence-populiste-qui-risque-de-ne-pas-aboutir_62426774.html\" target=\"_blank\" rel=\"noopener\">\u00ab\u2009populiste\u2009\u00bb.<\/a><\/p>\n<p class=\" wall-content\">Pour lui, le vote du 17\u00a0juin ne marque pourtant pas encore la fin d\u00e9finitive des ZFE. \u00ab\u2009Le processus l\u00e9gislatif oblige une commission mixte paritaire, compos\u00e9e de sept d\u00e9put\u00e9s et de sept s\u00e9nateurs\u2009\u00bb, pr\u00e9cise-t-il.<\/p>\n<blockquote class=\"ac-article-quote wall-content\">\n<p>Je ne suis pas attach\u00e9 au dispositif actuel de la ZFE. Cela fait deux ans que j&rsquo;alerte le gouvernement pour l&rsquo;am\u00e9liorer. Ce n&rsquo;est qu&rsquo;un outil pour lutter contre la pollution atmosph\u00e9rique, c&rsquo;est \u00e7a le vrai combat. Si ce n&rsquo;est pas la ZFE, il faudra trouver autre chose.<\/p>\n<p>    <strong>G\u00e9rard Leseul,<\/strong><br \/>\n        d\u00e9put\u00e9 de la 5e circonscription en Seine-Maritime    <\/p><\/blockquote>\n<p>Vid\u00e9os : en ce moment sur Actu<\/p>\n<p class=\" wall-content\">Si cette commission s\u2019accorde sur une mouture commune, <strong>le texte devra \u00eatre de nouveau valid\u00e9<\/strong> par l\u2019Assembl\u00e9e nationale, puis par le S\u00e9nat. \u00ab\u2009Il reste encore du chemin. Il faut faire attention \u00e0 ne pas tirer de conclusions trop h\u00e2tives\u2009\u00bb, explique l\u2019\u00e9lu.<\/p>\n<p class=\" wall-content\">Enfin, G\u00e9rard Leseul assure que s\u2019il est adopt\u00e9, le texte sera attaqu\u00e9 au Conseil constitutionnel, \u00ab\u2009c\u2019est une certitude\u2009\u00bb. Pour lui, il demeure donc impossible \u00e0 l\u2019heure actuelle de conna\u00eetre l\u2019issue de cette s\u00e9quence politique.<\/p>\n<p>Suivez l\u2019actualit\u00e9 de Rouen sur <a href=\"https:\/\/www.whatsapp.com\/channel\/0029VaKfnf99hXF2ddApFB1D\" target=\"_blank\" rel=\"noopener\">notre cha\u00eene WhatsApp<\/a> et sur <a href=\"https:\/\/www.tiktok.com\/@76actu.fr?lang=fr\" target=\"_blank\" rel=\"noopener\">notre compte TikTok<\/a><\/p>\n<p class=\" wall-content\">Suivez toute l\u2019actualit\u00e9 de vos villes et m\u00e9dias favoris en vous inscrivant \u00e0 <a href=\"https:\/\/moncompte.actu.fr\" title=\"D\u00e9couvez Mon Actu\" rel=\"nofollow noopener\" data-trk=\"{&quot;cta&quot;:{&quot;action&quot;:&quot;https:\\\/\\\/moncompte.actu.fr&quot;,&quot;category&quot;:&quot;mon compte&quot;,&quot;from&quot;:&quot;article footer&quot;,&quot;name&quot;:&quot;Mon actu&quot;,&quot;type&quot;:&quot;cta&quot;}}\" target=\"_blank\">Mon Actu<\/a>.<\/p>\n<ul class=\"ac-article-tag wall-content\">\n<li><a href=\"https:\/\/actu.fr\/tag\/assemblee-nationale\" data-trk=\"{&quot;cta&quot;:{&quot;action&quot;:&quot;Assembl\\u00e9e nationale&quot;,&quot;category&quot;:&quot;tag&quot;,&quot;from&quot;:&quot;article footer&quot;,&quot;name&quot;:&quot;Assembl\\u00e9e nationale&quot;,&quot;type&quot;:&quot;cta&quot;}}\" target=\"_blank\" rel=\"noopener\">#Assembl\u00e9e nationale<\/a><\/li>\n<li><a href=\"https:\/\/actu.fr\/tag\/zone-a-faibles-emissions-zfe\" data-trk=\"{&quot;cta&quot;:{&quot;action&quot;:&quot;Zone \\u00e0 faibles \\u00e9missions (ZFE)&quot;,&quot;category&quot;:&quot;tag&quot;,&quot;from&quot;:&quot;article footer&quot;,&quot;name&quot;:&quot;Zone \\u00e0 faibles \\u00e9missions (ZFE)&quot;,&quot;type&quot;:&quot;cta&quot;}}\" target=\"_blank\" rel=\"noopener\">#Zone \u00e0 faibles \u00e9missions (ZFE)<\/a><\/li>\n<\/ul>\n<p>                    <script async src=\"\/\/www.tiktok.com\/embed.js\"><\/script><\/p>\n","protected":false},"excerpt":{"rendered":"Par Adrien Filoche Publi\u00e9 le 18 juin 2025 \u00e0 13h31 Nouveau coup dur pour les ZFE. Ce mardi&hellip;\n","protected":false},"author":2,"featured_media":185840,"comment_status":"","ping_status":"","sticky":false,"template":"","format":"standard","meta":{"footnotes":""},"categories":[9587],"tags":[1111,11,416,1777,674,1011,27,12,5161,52,25,9590,2433],"class_list":{"0":"post-185839","1":"post","2":"type-post","3":"status-publish","4":"format-standard","5":"has-post-thumbnail","7":"category-rouen","8":"tag-actu","9":"tag-actualites","10":"tag-assemblee-nationale","11":"tag-eu","12":"tag-europe","13":"tag-fr","14":"tag-france","15":"tag-news","16":"tag-normandie","17":"tag-planete","18":"tag-republique-francaise","19":"tag-rouen","20":"tag-zone-a-faibles-emissions-zfe"},"share_on_mastodon":{"url":"https:\/\/pubeurope.com\/@fr\/114704359315457598","error":""},"_links":{"self":[{"href":"https:\/\/www.europesays.com\/fr\/wp-json\/wp\/v2\/posts\/185839","targetHints":{"allow":["GET"]}}],"collection":[{"href":"https:\/\/www.europesays.com\/fr\/wp-json\/wp\/v2\/posts"}],"about":[{"href":"https:\/\/www.europesays.com\/fr\/wp-json\/wp\/v2\/types\/post"}],"author":[{"embeddable":true,"href":"https:\/\/www.europesays.com\/fr\/wp-json\/wp\/v2\/users\/2"}],"replies":[{"embeddable":true,"href":"https:\/\/www.europesays.com\/fr\/wp-json\/wp\/v2\/comments?post=185839"}],"version-history":[{"count":0,"href":"https:\/\/www.europesays.com\/fr\/wp-json\/wp\/v2\/posts\/185839\/revisions"}],"wp:featuredmedia":[{"embeddable":true,"href":"https:\/\/www.europesays.com\/fr\/wp-json\/wp\/v2\/media\/185840"}],"wp:attachment":[{"href":"https:\/\/www.europesays.com\/fr\/wp-json\/wp\/v2\/media?parent=185839"}],"wp:term":[{"taxonomy":"category","embeddable":true,"href":"https:\/\/www.europesays.com\/fr\/wp-json\/wp\/v2\/categories?post=185839"},{"taxonomy":"post_tag","embeddable":true,"href":"https:\/\/www.europesays.com\/fr\/wp-json\/wp\/v2\/tags?post=185839"}],"curies":[{"name":"wp","href":"https:\/\/api.w.org\/{rel}","templated":true}]}}