{"id":185847,"date":"2025-06-18T12:30:18","date_gmt":"2025-06-18T12:30:18","guid":{"rendered":"https:\/\/www.europesays.com\/fr\/185847\/"},"modified":"2025-06-18T12:30:18","modified_gmt":"2025-06-18T12:30:18","slug":"strasbourg-et-mulhouse-sweeney-todd-a-lopera-national-du-rhin-avec-natalie-dessay-et-scott-hendricks-un-barbier-pas-barbant-2","status":"publish","type":"post","link":"https:\/\/www.europesays.com\/fr\/185847\/","title":{"rendered":"Strasbourg et Mulhouse. \u201cSweeney Todd\u201d \u00e0 l\u2019Op\u00e9ra national du Rhin avec Natalie Dessay et Scott Hendricks\u00a0: un barbier pas barbant"},"content":{"rendered":"<p>Une op\u00e9rette sombre\u00a0: c\u2019est ainsi que Stephen Sondheim qualifiait Sweeney Todd , chef-d\u2019\u0153uvre cr\u00e9\u00e9 en 1979, situ\u00e9 aux lisi\u00e8res de la com\u00e9die musicale, de l\u2019op\u00e9ra (avec ses leitmotivs et ses passages aux r\u00e9miniscences verdiennes) et du th\u00e9\u00e2tre.<\/p>\n<p>Diriger cette partition complexe aux multiples changements de rythme s\u2019apparente donc \u00e0 un jeu d\u2019\u00e9quilibre(s)\u00a0: dans cet exercice, Bassem Akiki (qu\u2019on avait notamment d\u00e9couvert dans l\u2019abracadabrantesque et g\u00e9nial Don Giovanni aux enfers de Simon Steen-Andersen, en 2023) se montre \u00e0 son avantage, entra\u00eenant avec une grande fluidit\u00e9 les musiciens de l\u2019Orchestre&#8230;<\/p>\n","protected":false},"excerpt":{"rendered":"Une op\u00e9rette sombre\u00a0: c\u2019est ainsi que Stephen Sondheim qualifiait Sweeney Todd , chef-d\u2019\u0153uvre cr\u00e9\u00e9 en 1979, situ\u00e9 aux&hellip;\n","protected":false},"author":2,"featured_media":185725,"comment_status":"","ping_status":"","sticky":false,"template":"","format":"standard","meta":{"footnotes":""},"categories":[2820],"tags":[1111,11,2389,1687,2880,1777,674,107,1011,27,5325,2798,775,873,12,25,3140,640,2879],"class_list":{"0":"post-185847","1":"post","2":"type-post","3":"status-publish","4":"format-standard","5":"has-post-thumbnail","7":"category-strasbourg","8":"tag-actu","9":"tag-actualites","10":"tag-alsace","11":"tag-culture-loisirs","12":"tag-edition-strasbourg","13":"tag-eu","14":"tag-europe","15":"tag-fil-info","16":"tag-fr","17":"tag-france","18":"tag-galerie-media","19":"tag-galerie-photo","20":"tag-grand-est","21":"tag-musique","22":"tag-news","23":"tag-republique-francaise","24":"tag-spectacle","25":"tag-strasbourg","26":"tag-strasbourg-ville"},"share_on_mastodon":{"url":"https:\/\/pubeurope.com\/@fr\/114704378975738923","error":""},"_links":{"self":[{"href":"https:\/\/www.europesays.com\/fr\/wp-json\/wp\/v2\/posts\/185847","targetHints":{"allow":["GET"]}}],"collection":[{"href":"https:\/\/www.europesays.com\/fr\/wp-json\/wp\/v2\/posts"}],"about":[{"href":"https:\/\/www.europesays.com\/fr\/wp-json\/wp\/v2\/types\/post"}],"author":[{"embeddable":true,"href":"https:\/\/www.europesays.com\/fr\/wp-json\/wp\/v2\/users\/2"}],"replies":[{"embeddable":true,"href":"https:\/\/www.europesays.com\/fr\/wp-json\/wp\/v2\/comments?post=185847"}],"version-history":[{"count":0,"href":"https:\/\/www.europesays.com\/fr\/wp-json\/wp\/v2\/posts\/185847\/revisions"}],"wp:featuredmedia":[{"embeddable":true,"href":"https:\/\/www.europesays.com\/fr\/wp-json\/wp\/v2\/media\/185725"}],"wp:attachment":[{"href":"https:\/\/www.europesays.com\/fr\/wp-json\/wp\/v2\/media?parent=185847"}],"wp:term":[{"taxonomy":"category","embeddable":true,"href":"https:\/\/www.europesays.com\/fr\/wp-json\/wp\/v2\/categories?post=185847"},{"taxonomy":"post_tag","embeddable":true,"href":"https:\/\/www.europesays.com\/fr\/wp-json\/wp\/v2\/tags?post=185847"}],"curies":[{"name":"wp","href":"https:\/\/api.w.org\/{rel}","templated":true}]}}