{"id":185853,"date":"2025-06-18T12:34:11","date_gmt":"2025-06-18T12:34:11","guid":{"rendered":"https:\/\/www.europesays.com\/fr\/185853\/"},"modified":"2025-06-18T12:34:11","modified_gmt":"2025-06-18T12:34:11","slug":"hellfest-2025-a-la-gare-de-nantes-les-metalleux-arrivent","status":"publish","type":"post","link":"https:\/\/www.europesays.com\/fr\/185853\/","title":{"rendered":"Hellfest 2025. \u00c0 la gare de Nantes, les \u00ab\u00a0m\u00e9talleux\u00a0\u00bb arrivent"},"content":{"rendered":"<p>C\u2019est la deuxi\u00e8me fois qu\u2019elle vient au <a href=\"https:\/\/nantes.maville.com\/actu\/actudet_-avec-37-c-annonces-ce-week-end-brumisateurs-et-murs-d-eau-seront-les-stars-du-hellfest-_8-6857540_actu.Htm\" target=\"_self\" rel=\"noopener\">Hellfest<\/a>, Candice. La premi\u00e8re fois, <strong>\u00ab\u00a0avec une copine\u00a0\u00bb,<\/strong> il y a deux ans. <strong>\u00ab\u00a0Un super souvenir et une magnifique ambiance, on ne trouve \u00e7a nulle part ailleurs.\u00a0\u00bb<\/strong> Cette fois, elle est venue seule, de Vienne (Is\u00e8re), jolie ville gallo-romaine.<\/p>\n<p>Cette jeune auxiliaire de pu\u00e9riculture de 28\u00a0ans a tap\u00e9 dans sa tirelire pour s\u2019offrir ce p\u00e8lerinage au pays des m\u00e9talleux. <strong>\u00ab\u00a0Tout compris, entre le pass 4\u00a0jours les transports et le reste, c\u2019est un budget d\u2019environ 1\u00a0000\u00a0\u20ac.\u00a0\u00bb<\/strong><\/p>\n<p>\u00ab\u00a0Festivaliers solo\u00a0\u00bb<\/p>\n<p>Dans le reste, il y a une toute nouvelle tente. La premi\u00e8re, voil\u00e0 deux ans, prenait l\u2019eau. <strong>\u00ab\u00a0Mais cette ann\u00e9e, il fait super chaud\u00a0\u00bb, <\/strong>rigole la jeune femme. Ce mercredi, elle sera au camping du festival. <strong>\u00ab\u00a0La derni\u00e8re fois, c\u2019\u00e9tait blind\u00e9, il fallait sortir les sardines des voisins pour d\u00e9placer les tentes.\u00a0\u00bb <\/strong>Elle y retrouvera des \u00ab\u00a0festivaliers solo\u00a0\u00bb, comme elle, avec lesquels elle partage une boucle Whatsapp. <strong>\u00ab\u00a0On est plus d\u2019une centaine au moins.\u00a0\u00bb<\/strong><\/p>\n<p>\u00a0<\/p>\n","protected":false},"excerpt":{"rendered":"C\u2019est la deuxi\u00e8me fois qu\u2019elle vient au Hellfest, Candice. La premi\u00e8re fois, \u00ab\u00a0avec une copine\u00a0\u00bb, il y a&hellip;\n","protected":false},"author":2,"featured_media":185854,"comment_status":"","ping_status":"","sticky":false,"template":"","format":"standard","meta":{"footnotes":""},"categories":[2818],"tags":[17,1111,11,32390,1777,674,1011,27,7533,16501,32389,766,12,2636,25,3272],"class_list":{"0":"post-185853","1":"post","2":"type-post","3":"status-publish","4":"format-standard","5":"has-post-thumbnail","7":"category-nantes","8":"tag-17","9":"tag-actu","10":"tag-actualites","11":"tag-arrivent","12":"tag-eu","13":"tag-europe","14":"tag-fr","15":"tag-france","16":"tag-gare","17":"tag-hellfest","18":"tag-metalleux","19":"tag-nantes","20":"tag-news","21":"tag-pays-de-la-loire","22":"tag-republique-francaise","23":"tag-saint-nazaire"},"share_on_mastodon":{"url":"https:\/\/pubeurope.com\/@fr\/114704394721076922","error":""},"_links":{"self":[{"href":"https:\/\/www.europesays.com\/fr\/wp-json\/wp\/v2\/posts\/185853","targetHints":{"allow":["GET"]}}],"collection":[{"href":"https:\/\/www.europesays.com\/fr\/wp-json\/wp\/v2\/posts"}],"about":[{"href":"https:\/\/www.europesays.com\/fr\/wp-json\/wp\/v2\/types\/post"}],"author":[{"embeddable":true,"href":"https:\/\/www.europesays.com\/fr\/wp-json\/wp\/v2\/users\/2"}],"replies":[{"embeddable":true,"href":"https:\/\/www.europesays.com\/fr\/wp-json\/wp\/v2\/comments?post=185853"}],"version-history":[{"count":0,"href":"https:\/\/www.europesays.com\/fr\/wp-json\/wp\/v2\/posts\/185853\/revisions"}],"wp:featuredmedia":[{"embeddable":true,"href":"https:\/\/www.europesays.com\/fr\/wp-json\/wp\/v2\/media\/185854"}],"wp:attachment":[{"href":"https:\/\/www.europesays.com\/fr\/wp-json\/wp\/v2\/media?parent=185853"}],"wp:term":[{"taxonomy":"category","embeddable":true,"href":"https:\/\/www.europesays.com\/fr\/wp-json\/wp\/v2\/categories?post=185853"},{"taxonomy":"post_tag","embeddable":true,"href":"https:\/\/www.europesays.com\/fr\/wp-json\/wp\/v2\/tags?post=185853"}],"curies":[{"name":"wp","href":"https:\/\/api.w.org\/{rel}","templated":true}]}}