{"id":185855,"date":"2025-06-18T12:35:10","date_gmt":"2025-06-18T12:35:10","guid":{"rendered":"https:\/\/www.europesays.com\/fr\/185855\/"},"modified":"2025-06-18T12:35:10","modified_gmt":"2025-06-18T12:35:10","slug":"pres-de-nantes-un-complexe-sportif-evacue-en-raison-dune-fuite-de-gaz","status":"publish","type":"post","link":"https:\/\/www.europesays.com\/fr\/185855\/","title":{"rendered":"Pr\u00e8s de Nantes, un complexe sportif \u00e9vacu\u00e9 en raison d&rsquo;une fuite de gaz"},"content":{"rendered":"<p>            Par<br \/>\n        <strong><br \/>\n            <a href=\"https:\/\/actu.fr\/auteur\/clemence-pays02-actu-fr\" title=\"Consulter tous les articles de Cl\u00e9mence Pays\" rel=\"nofollow noopener\" target=\"_blank\">Cl\u00e9mence Pays<\/a><br \/>\n        <\/strong><\/p>\n<p>        Publi\u00e9 le<\/p>\n<p>            18 juin 2025 \u00e0 14h32        <\/p>\n<p>Mercredi 18\u00a0juin 2025, les sapeurs-pompiers de <a href=\"https:\/\/actu.fr\/pays-de-la-loire\/loire-atlantique_44\" rel=\"nofollow noopener\" target=\"_blank\">Loire-Atlantique<\/a> ont \u00e9t\u00e9 d\u00e9p\u00each\u00e9s au boulevard Salvador-Allende, \u00e0 <a href=\"https:\/\/actu.fr\/pays-de-la-loire\/saint-herblain_44162\" rel=\"nofollow noopener\" target=\"_blank\">Saint-Herblain<\/a>, pr\u00e8s de Nantes, \u00ab\u2009pour <strong>une fuite de gaz suite \u00e0 des travaux<\/strong> sur la voie publique\u2009\u00bb, indique le Centre op\u00e9rationnel d\u00e9partemental d\u2019incendie et de secours (Codis).<\/p>\n<blockquote class=\"ac-article-quote wall-content\">\n<p>\u00c0 leur arriv\u00e9e sur les lieux, les secours sont en pr\u00e9sence d&rsquo;un arrachement d&rsquo;une conduite de gaz.<\/p>\n<p>    <strong>Codis<\/strong>\n            <\/p><\/blockquote>\n<p>20\u00a0personnes \u00e9vacu\u00e9es<\/p>\n<p class=\" wall-content\">Le temps de l\u2019intervention des treize sapeurs-pompiers et de GRDF, le <strong>complexe sportif du Vigneau,<\/strong> qui se situe \u00e0 proximit\u00e9 du boulevard Salvador-Allende, a \u00e9t\u00e9 <strong>\u00e9vacu\u00e9.<\/strong> Au total, <strong>vingt personnes<\/strong> ont \u00e9t\u00e9 regroup\u00e9es au point de rassemblement.<\/p>\n<p class=\" wall-content\">GRDF est parvenu \u00e0 <strong>stopper la fuite<\/strong> de gaz.<\/p>\n<p class=\" wall-content\">Suivez toute l\u2019actualit\u00e9 de vos villes et m\u00e9dias favoris en vous inscrivant \u00e0 <a href=\"https:\/\/moncompte.actu.fr\" title=\"D\u00e9couvez Mon Actu\" rel=\"nofollow noopener\" data-trk=\"{&quot;cta&quot;:{&quot;action&quot;:&quot;https:\\\/\\\/moncompte.actu.fr&quot;,&quot;category&quot;:&quot;mon compte&quot;,&quot;from&quot;:&quot;article footer&quot;,&quot;name&quot;:&quot;Mon actu&quot;,&quot;type&quot;:&quot;cta&quot;}}\" target=\"_blank\">Mon Actu<\/a>.<\/p>\n","protected":false},"excerpt":{"rendered":"Par Cl\u00e9mence Pays Publi\u00e9 le 18 juin 2025 \u00e0 14h32 Mercredi 18\u00a0juin 2025, les sapeurs-pompiers de Loire-Atlantique ont&hellip;\n","protected":false},"author":2,"featured_media":185856,"comment_status":"","ping_status":"","sticky":false,"template":"","format":"standard","meta":{"footnotes":""},"categories":[2818],"tags":[1111,11,1777,674,118,1011,27,1310,766,12,2636,1311,25],"class_list":{"0":"post-185855","1":"post","2":"type-post","3":"status-publish","4":"format-standard","5":"has-post-thumbnail","7":"category-nantes","8":"tag-actu","9":"tag-actualites","10":"tag-eu","11":"tag-europe","12":"tag-faits-divers","13":"tag-fr","14":"tag-france","15":"tag-incendie","16":"tag-nantes","17":"tag-news","18":"tag-pays-de-la-loire","19":"tag-pompiers","20":"tag-republique-francaise"},"share_on_mastodon":{"url":"https:\/\/pubeurope.com\/@fr\/114704398638735341","error":""},"_links":{"self":[{"href":"https:\/\/www.europesays.com\/fr\/wp-json\/wp\/v2\/posts\/185855","targetHints":{"allow":["GET"]}}],"collection":[{"href":"https:\/\/www.europesays.com\/fr\/wp-json\/wp\/v2\/posts"}],"about":[{"href":"https:\/\/www.europesays.com\/fr\/wp-json\/wp\/v2\/types\/post"}],"author":[{"embeddable":true,"href":"https:\/\/www.europesays.com\/fr\/wp-json\/wp\/v2\/users\/2"}],"replies":[{"embeddable":true,"href":"https:\/\/www.europesays.com\/fr\/wp-json\/wp\/v2\/comments?post=185855"}],"version-history":[{"count":0,"href":"https:\/\/www.europesays.com\/fr\/wp-json\/wp\/v2\/posts\/185855\/revisions"}],"wp:featuredmedia":[{"embeddable":true,"href":"https:\/\/www.europesays.com\/fr\/wp-json\/wp\/v2\/media\/185856"}],"wp:attachment":[{"href":"https:\/\/www.europesays.com\/fr\/wp-json\/wp\/v2\/media?parent=185855"}],"wp:term":[{"taxonomy":"category","embeddable":true,"href":"https:\/\/www.europesays.com\/fr\/wp-json\/wp\/v2\/categories?post=185855"},{"taxonomy":"post_tag","embeddable":true,"href":"https:\/\/www.europesays.com\/fr\/wp-json\/wp\/v2\/tags?post=185855"}],"curies":[{"name":"wp","href":"https:\/\/api.w.org\/{rel}","templated":true}]}}