{"id":185858,"date":"2025-06-18T12:37:11","date_gmt":"2025-06-18T12:37:11","guid":{"rendered":"https:\/\/www.europesays.com\/fr\/185858\/"},"modified":"2025-06-18T12:37:11","modified_gmt":"2025-06-18T12:37:11","slug":"bordeaux-p2-collombon-blanque-bergeron-qui-sont-les-tricolores-engages-dans-le-tournoi","status":"publish","type":"post","link":"https:\/\/www.europesays.com\/fr\/185858\/","title":{"rendered":"Bordeaux P2 \u2013 Collombon, Blanqu\u00e9, Bergeron\u2026 qui sont les Tricolores engag\u00e9s dans le tournoi ?"},"content":{"rendered":"<p><strong>Le Bordeaux P2 approche<\/strong> et il comptera plusieurs <strong>Fran\u00e7ais<\/strong> en <strong>qualifications<\/strong> et dans le <strong>tableau principal<\/strong> : <strong>Bastien Blanqu\u00e9<\/strong>,<strong> Benjamin Tison<\/strong>, <strong>L\u00e9a Godallier<\/strong>, <strong>Alix Collombon<\/strong> et bien d\u2019autres !<\/p>\n<p>Le <strong>public girondin<\/strong> va pouvoir soutenir les <strong>Bleus<\/strong> ! Le <strong>Bordeaux P2<\/strong> commence avec les <strong>qualifications<\/strong> d\u00e8s <strong>samedi 28 juin<\/strong> \u00e0 la <strong>patinoire<\/strong> <strong>M\u00e9riadeck<\/strong> situ\u00e9e dans le <strong>centre-ville<\/strong> de la <strong>cit\u00e9 girondine<\/strong>.<\/p>\n<p><strong>Wild-Cards<\/strong><\/p>\n<p>Parmi les <strong>wild-cards<\/strong>, la paire <strong>Bastien Blanqu\u00e9<\/strong> (108e) et <strong>Johan Bergeron<\/strong> (108e) a \u00e9t\u00e9 invit\u00e9e par la <strong>direction du tournoi<\/strong> \u00e0 disputer le premier tour du <strong>tableau principal<\/strong>.<\/p>\n<p><strong>Maxime Joris<\/strong> (159e) et <strong>Dylan Guichard<\/strong> (131e) seront aussi de l\u2019<strong>\u00e9v\u00e9nement<\/strong>.<\/p>\n<p>La Fran\u00e7aise <strong>L\u00e9a Godallier<\/strong> (57e) et sa partenaire espagnole <strong>Laura Luj\u00e1n Rodr\u00edguez<\/strong> (61e) entrent aussi directement dans le <strong>tableau principal<\/strong>.<\/p>\n<p>La paire <strong>Thomas Seux<\/strong> (292e) \/ <strong>Nathan Courrin<\/strong> (322e) jouera les <strong>qualifications<\/strong>, tout comme la paire <strong>Benjamin Tison<\/strong> \/ <strong>Maxime Forcin<\/strong> (549e).<\/p>\n<p><strong>Les paires inscrites en qualifications<\/strong><\/p>\n<p>De plus, la paire <strong>Tim\u00e9o Fonteny<\/strong> (208e) \/ <strong>Yoan Boronad<\/strong> (231e) va essayer aussi de sortir des <strong>qualifications<\/strong>. De m\u00eame pour la paire <strong>Julien Seurin<\/strong> (149e) \/ <strong>Phil\u00e9mon Raichman<\/strong> (172e).<\/p>\n<p>Et chez les dames, la paire <strong>Jessica Ginier<\/strong> (139e) \/ <strong>Carla Touly<\/strong> (77e) sera sur les <strong>pistes de padel<\/strong>.<\/p>\n<p><strong>Alix Collombon, premi\u00e8re repr\u00e9sentante du padel fran\u00e7ais<\/strong><\/p>\n<p>Dans le <strong>tableau principal f\u00e9minin<\/strong>, on retrouve bien \u00e9videmment <strong>Alix Collombon<\/strong> (24e), <strong>num\u00e9ro une fran\u00e7aise<\/strong>, et sa co\u00e9quipi\u00e8re espagnole <strong>Araceli Martinez<\/strong> (26e), <strong>t\u00eate de s\u00e9rie 12<\/strong> du <strong>Bordeaux P2<\/strong>.<\/p>\n<p>Qui seront les <strong>paires masculines et f\u00e9minines<\/strong> laur\u00e9ates de l\u2019<strong>\u00e9dition 2025<\/strong> du <strong>Bordeaux P2<\/strong> ? R\u00e9ponse <strong>dimanche 6 juillet<\/strong> pour les deux <strong>finales<\/strong>.<\/p>\n<p><img loading=\"lazy\" decoding=\"async\" data-del=\"avatar\" alt=\"Henri Pasquet\" src=\"https:\/\/www.europesays.com\/fr\/wp-content\/uploads\/2025\/05\/WhatsApp-Image-2024-12-18-a-112406_c6b57ea6-e1734522339533-150x150.jpg\" class=\"avatar pp-user-avatar avatar-100 photo \" height=\"100\" width=\"100\"\/><\/p>\n<p>Passionn\u00e9 depuis gamin par le foot et le tennis, je pratique le ping-pong depuis trois ans dans un club \u00e0 Nantes. Plus r\u00e9cemment, j\u2019ai d\u00e9couvert le padel ! Basket, rugby, golf et sports automobiles : encore des nouveaux sports que je suis r\u00e9guli\u00e8rement. Sinon c\u00f4t\u00e9 culture, vu que j\u2019adore donner mon avis, j\u2019\u00e9cris des critiques de films et de jeux vid\u00e9os sur ma page Instagram Silence \u00e7a Mix.<\/p>\n<p class=\"related-title\">Sur le m\u00eame sujet<\/p>\n","protected":false},"excerpt":{"rendered":"Le Bordeaux P2 approche et il comptera plusieurs Fran\u00e7ais en qualifications et dans le tableau principal : Bastien&hellip;\n","protected":false},"author":2,"featured_media":185859,"comment_status":"","ping_status":"","sticky":false,"template":"","format":"standard","meta":{"footnotes":""},"categories":[2817],"tags":[1111,11,32391,31146,1997,1777,674,1011,27,31148,32392,12,2219,30680,25],"class_list":{"0":"post-185858","1":"post","2":"type-post","3":"status-publish","4":"format-standard","5":"has-post-thumbnail","7":"category-bordeaux","8":"tag-actu","9":"tag-actualites","10":"tag-alix-collombon","11":"tag-bastien-blanque","12":"tag-bordeaux","13":"tag-eu","14":"tag-europe","15":"tag-fr","16":"tag-france","17":"tag-johan-bergeron","18":"tag-lea-godallier","19":"tag-news","20":"tag-nouvelle-aquitaine","21":"tag-premier-padel-bordeaux-p2","22":"tag-republique-francaise"},"share_on_mastodon":{"url":"https:\/\/pubeurope.com\/@fr\/114704406654959465","error":""},"_links":{"self":[{"href":"https:\/\/www.europesays.com\/fr\/wp-json\/wp\/v2\/posts\/185858","targetHints":{"allow":["GET"]}}],"collection":[{"href":"https:\/\/www.europesays.com\/fr\/wp-json\/wp\/v2\/posts"}],"about":[{"href":"https:\/\/www.europesays.com\/fr\/wp-json\/wp\/v2\/types\/post"}],"author":[{"embeddable":true,"href":"https:\/\/www.europesays.com\/fr\/wp-json\/wp\/v2\/users\/2"}],"replies":[{"embeddable":true,"href":"https:\/\/www.europesays.com\/fr\/wp-json\/wp\/v2\/comments?post=185858"}],"version-history":[{"count":0,"href":"https:\/\/www.europesays.com\/fr\/wp-json\/wp\/v2\/posts\/185858\/revisions"}],"wp:featuredmedia":[{"embeddable":true,"href":"https:\/\/www.europesays.com\/fr\/wp-json\/wp\/v2\/media\/185859"}],"wp:attachment":[{"href":"https:\/\/www.europesays.com\/fr\/wp-json\/wp\/v2\/media?parent=185858"}],"wp:term":[{"taxonomy":"category","embeddable":true,"href":"https:\/\/www.europesays.com\/fr\/wp-json\/wp\/v2\/categories?post=185858"},{"taxonomy":"post_tag","embeddable":true,"href":"https:\/\/www.europesays.com\/fr\/wp-json\/wp\/v2\/tags?post=185858"}],"curies":[{"name":"wp","href":"https:\/\/api.w.org\/{rel}","templated":true}]}}