{"id":185864,"date":"2025-06-18T12:40:15","date_gmt":"2025-06-18T12:40:15","guid":{"rendered":"https:\/\/www.europesays.com\/fr\/185864\/"},"modified":"2025-06-18T12:40:15","modified_gmt":"2025-06-18T12:40:15","slug":"ou-chiner-dans-le-nord-voici-les-brocantes-et-vide-greniers-organises-le-week-end-des-21-et-22-juin","status":"publish","type":"post","link":"https:\/\/www.europesays.com\/fr\/185864\/","title":{"rendered":"O\u00f9 chiner dans le Nord ? Voici les brocantes et vide-greniers organis\u00e9s le week-end des 21 et 22 juin"},"content":{"rendered":"<p>            Par<br \/>\n        <strong><br \/>\n            <a href=\"https:\/\/actu.fr\/auteur\/hervine-mahaud\" title=\"Consulter tous les articles de Hervine Mahaud\" rel=\"nofollow noopener\" target=\"_blank\">Hervine Mahaud<\/a><br \/>\n        <\/strong><\/p>\n<p>        Publi\u00e9 le<\/p>\n<p>            18 juin 2025 \u00e0 12h00        <\/p>\n<p>Amis chineurs, voici votre agenda du week-end. Samedi\u00a021 et dimanche 22\u00a0juin 2025, plusieurs <b>brocantes<\/b>, <b>braderies<\/b>\u00a0et <b>vide-greniers<\/b> sont organis\u00e9s dans le <b>Nord<\/b>. Pour compl\u00e9ter, retrouvez <a href=\"https:\/\/actu.fr\/loisirs-culture\/voici-les-brocantes-et-vide-greniers-organises-dans-le-pas-de-calais-samedi-21-et-dimanche-22-juin_62788715.html\" rel=\"nofollow noopener\" target=\"_blank\">la liste des march\u00e9s aux puces annonc\u00e9s dans le Pas-de-Calais<\/a> aux m\u00eames dates.<\/p>\n<p>Samedi 21\u00a0juin 2025<\/p>\n<p class=\" wall-content\"><b>Autour de\u00a0Dunkerque<\/b><\/p>\n<ul class=\" wall-content\">\n<li><b><b>Mardyck<\/b><\/b> \u2013 Brocante avec 80\u00a0exposants, de 8\u2009h \u00e0 17\u2009h. Place du village, chemin d\u00e9partemental 1.<b\/><\/li>\n<li><b>Saint-Jans-Cappel<\/b> \u2013\u00a0Brocante avec 150\u00a0exposants, de 6\u2009h \u00e0 14\u2009h. Chemin Haut, r\u00e9sidence des Monts.<\/li>\n<\/ul>\n<p class=\" wall-content\"><b>Autour de Lille<\/b><\/p>\n<ul class=\" wall-content\">\n<li><b>Bachy<\/b> \u2013\u00a0Vide-greniers avec 150\u00a0exposants, de 13\u2009h \u00e0 18\u2009h. Rue du Mar\u00e9chal Foch, rue de l\u2019Ancienne Dr\u00e8ve, rue Jean-Baptiste Lebas, rue des Archers.<\/li>\n<li><b>Hantay<\/b> \u2013\u00a0Brocante avec 250\u00a0exposants, de 8\u2009h \u00e0 14\u2009h. Rue Victor Hugo, rue Schoelcher.<\/li>\n<li><b>Lambersart<\/b> \u2013 Vente de vinyles\u00a0de 12\u2009h \u00e0 18\u2009h. Salle La Carnoy, 174 rue Auguste Bonte.<\/li>\n<li><b>Leers<\/b> \u2013 Vide-greniers avec 600\u00a0exposants, de 8\u2009h \u00e0 15\u2009h. Rue du Mar\u00e9chal Leclerc.<\/li>\n<li><b>Leers<\/b> \u2013\u00a0Vide-greniers avec 160\u00a0exposants, de 8\u2009h \u00e0 14\u2009h. Parking Auchan Leers, 1 avenue de l\u2019Europe.<\/li>\n<li><b>Tourcoing<\/b> \u2013\u00a0March\u00e9 aux puces avec 200\u00a0exposants, de 8\u2009h \u00e0 15\u2009h. Place du Mar\u00e9chale de Lattre de Tassigny, rue Jacques Cartier, impasse Ren\u00e9 Caille.<\/li>\n<\/ul>\n<p class=\" wall-content\"><b>Autour de Douai<\/b><\/p>\n<ul class=\" wall-content\">\n<li><b>Aniche<\/b> \u2013\u00a0Brocante de 8\u2009h \u00e0 14\u2009h. Rue Henri Barbusse, rue Adolphe Patoux, rue Jean Jaur\u00e8s.<\/li>\n<li><b>Auby<\/b> \u2013\u00a0Bourse culturelle avec 35\u00a0exposants, de 8\u2009h\u200930 \u00e0 15\u2009h\u200930. Salle de la Corderie, 51 rue de la Corderie.<\/li>\n<li><b>Monchecourt<\/b> \u2013 Brocante de 15\u2009h\u200930 \u00e0 22\u2009h. Rue Pierre Bochu.<\/li>\n<li><b>Orchies<\/b> \u2013 Braderie de 14\u2009h \u00e0 18\u2009h. Salle du Secours Populaire, 13 rue Roger Salengro.<b\/><\/li>\n<\/ul>\n<p class=\" wall-content\"><b>Autour de Valenciennes<\/b><\/p>\n<ul class=\" wall-content\">\n<li><b>Bruay-sur-l\u2019Escaut<\/b> \u2013\u00a0Brocante avec 200\u00a0exposants, de 7\u2009h \u00e0 18\u2009h. Cour de l\u2019\u00e9cole L\u00e9o Lagrange, 13 boulevard L\u00e9o Lagrange.<\/li>\n<li><b>Crespin<\/b> \u2013\u00a0Brocante semi-nocturne avec 200\u00a0exposants, de 14\u2009h \u00e0 22\u2009h. Rue du Moulin, rue Leon Strady, rue du Vivier.<\/li>\n<\/ul>\n<p class=\" wall-content\"><b>Autour d\u2019Avesnes-sur-Helpe<\/b><\/p>\n<ul class=\" wall-content\">\n<li><b>Le Quesnoy<\/b> \u2013\u00a0Brocante avec 400\u00a0exposants, de 14\u2009h \u00e0 22\u2009h\u200930. Rue Joffre, rue Thiers, rue D\u00e9sir\u00e9e Tanis, rue de Strasbourg, rue Gambetta, rue Georges V, rue Casimir Fournier.<\/li>\n<\/ul>\n<p>Dimanche 22\u00a0juin 2025<\/p>\n<p class=\" wall-content\"><b>Autour de Dunkerque<\/b><\/p>\n<ul class=\" wall-content\">\n<li><b>Coudekerque-Branche<\/b> \u2013 Vide-greniers avec 400\u00a0exposants, de 8\u2009h \u00e0 18\u2009h. Rue de l\u2019Ancienne Mairie, rue Peupliers, rue Walker, rue Marronniers, rue Platanes, rue Aulnes, rue Oliviers, rue M\u00fbriers, rue Tilleuls, rue Acacias.<\/li>\n<li><b>Hazebrouck<\/b> \u2013\u00a0Brocante avec 600\u00a0exposants, de 6\u2009h \u00e0 18\u2009h. Rue de Merville, rue du Four \u00e0 Chaux, rue des Filatures, rue des Ponts des Meuniers, boulevard des \u00c9coles, rue du Pont des Meuniers.<\/li>\n<li><b>Hoymille<\/b> \u2013\u00a0Brocante de 8\u2009h \u00e0 17\u2009h. Rue de l\u2019\u00c9glise, impasse de la Bergerie.<\/li>\n<li><b>Malo-les-Bains<\/b> \u2013\u00a0Brocante avec 230\u00a0exposants, de 6\u2009h \u00e0 17\u2009h. Rond point de Malo Terminus, avenue du Large, boulevard Trystram.<\/li>\n<li><b>Morbecque<\/b> \u2013\u00a0Vide-greniers avec 250\u00a0exposants, de 5\u2009h \u00e0 18\u2009h. Hameau La Motte au Bois, terrain de foot.<\/li>\n<li><b>Petite-Synthe<\/b> \u2013 Brocante avec 200\u00a0exposants, de 7\u2009h \u00e0 17\u2009h. Parking de la mairie et salle de la Concorde, 281 chemin du Banc Vert.<\/li>\n<\/ul>\n<p class=\" wall-content\"><b>Autour de Lille<\/b><\/p>\n<ul class=\" wall-content\">\n<li><b>La Chapelle d\u2019Armenti\u00e8res<\/b> \u2013\u00a0Vide-greniers avec 300\u00a0exposants, de 7\u2009h \u00e0 15\u2009h\u200930. Rue Omer Ollivier, rue Alexandre Dumas.<\/li>\n<li><b>Lannoy<\/b> \u2013\u00a0Vide-greniers de 7\u2009h \u00e0 13\u2009h. Rue Jean de Lannoy, rue des Martyrs, rue de la R\u00e9sistance, rue C\u00e9sar Parent, rue de Lille.<\/li>\n<li><b>Lezennes<\/b> \u2013\u00a0Braderie avec 350\u00a0exposants, de 8\u2009h\u200930 \u00e0 18\u2009h. Rue Jeanne d\u2019Arc, rue Mar\u00e9chal Foch, rue Pasteur, rue Marius Brunau, rue Faidherbe, place de la R\u00e9publique, rue Gambetta, rue Sadi Canot, rue Defaux, rue Jean Jaur\u00e8s, rue Ferrer.<\/li>\n<li><b>Lomme<\/b> \u2013\u00a0Vide-greniers avec 600\u00a0exposants, de 7\u2009h \u00e0 14\u2009h. Avenue de Dunkerque, avenue Roger Salengro, rue Matt\u00e9oti, rue Marcel H\u00e9naux, rue Guilbert.<\/li>\n<li><b>Mouvaux<\/b> \u2013\u00a0Vide-greniers avec 200\u00a0exposants, de 8\u2009h \u00e0 13\u2009h. Rue Pierre Prevost, rue Gabriel P\u00e9ri, rue Rouget de Lisle.<\/li>\n<li><b>Noyelles-l\u00e8s-Seclin<\/b> \u2013\u00a0Vide-greniers de 8\u2009h \u00e0 13\u2009h. Rue des Pr\u00e8s, rue du Ch\u00e2teau, rue des \u00c9coles.<\/li>\n<li><b>Saint-Andr\u00e9-lez-Lille<\/b> \u2013\u00a0Braderie de 9\u2009h \u00e0 15\u2009h. Boulodrome ext\u00e9rieur, square de la Renaissance.<\/li>\n<li><b>Sequedin<\/b> \u2013\u00a0Vide-greniers avec 200\u00a0exposants, de 8\u2009h \u00e0 16\u2009h. Rue Victor Hugo, rue Jean de La Fontaine, rue Corneille, rue du Chemin Noir.<\/li>\n<li><b>Templeuve<\/b> \u2013 Brocante avec 200\u00a0exposants, de 8\u2009h \u00e0 13\u2009h. Rue de Roubaix.<\/li>\n<li><b>Villeneuve-d\u2019Ascq<\/b> \u2013\u00a0Brocante avec 880\u00a0exposants, de 8\u2009h \u00e0 14\u2009h. Place de la Libert\u00e9, rue Jules Guesde, rue du G\u00e9n\u00e9ral Leclerc, rue Alexandre Detroy, rue du Colonel Pollet.<\/li>\n<li><b>Wattrelos<\/b> \u2013\u00a0Vide-greniers avec 50\u00a0exposants, de 9\u2009h\u200930 \u00e0 17\u2009h. Mus\u00e9e des Arts et Traditions Populaires de Wattrelos, 96 rue Fran\u00e7ois M\u00e9riaux.<\/li>\n<\/ul>\n<p class=\" wall-content\"><b>Autour de Douai<\/b><\/p>\n<ul class=\" wall-content\">\n<li><b>Hornaing<\/b> \u2013\u00a0Brocante de 7\u2009h\u200930 \u00e0 16\u2009h. Rue Wilson, rue Broc\u00e9liande, rue Mousseron, rue Jean Duez.<\/li>\n<\/ul>\n<p class=\" wall-content\"><b>Autour de Cambrai<\/b><\/p>\n<ul class=\" wall-content\">\n<li><b>Escaud\u0153uvres<\/b> \u2013\u00a0Brocante avec 200\u00a0exposants, de 6\u2009h \u00e0 17\u2009h. Rue Jean Jaur\u00e8s, rue des Pr\u00e9s, rue d\u2019en Bas, rue d\u2019Erre.<\/li>\n<li><b>Paillencourt<\/b> \u2013 Brocante avec 130\u00a0exposants, de 8\u2009h \u00e0 17\u2009h. R\u00e9sidence Jacquemart.<\/li>\n<\/ul>\n<p class=\" wall-content\"><b>Autour de Valenciennes<\/b><\/p>\n<ul class=\" wall-content\">\n<li><b>Curgies<\/b> \u2013\u00a0Brocante de 8\u2009h \u00e0 17\u2009h. Rue Gilbert Parisse, route Nationale.<\/li>\n<li><b>Nivelle<\/b> \u2013\u00a0Brocante avec 175\u00a0exposants, de 7\u2009h\u200930 \u00e0 15\u2009h. Rue Achille Dufresne, rue de l\u2019\u00c9glise.<\/li>\n<\/ul>\n<p class=\" wall-content\"><b>Autour d\u2019Avesnes-sur-Helpe<\/b><\/p>\n<ul class=\" wall-content\">\n<li><b>Ferri\u00e8re-la-Petite<\/b> \u2013\u00a0Brocante avec 120\u00a0exposants, de 6\u2009h \u00e0 17\u2009h. Rue du Lieutenant Boucly, rue Marx Dormoy, place du G\u00e9n\u00e9ral de Gaulle, rue L\u00e9o Lagrange.<\/li>\n<li><b>Preux-au-Bois<\/b> \u2013\u00a0Brocante avec 150\u00a0exposants, de 6\u2009h \u00e0 18\u2009h. Dans les rues du village.<\/li>\n<\/ul>\n<p class=\" wall-content\">Suivez toute l\u2019actualit\u00e9 de vos villes et m\u00e9dias favoris en vous inscrivant \u00e0 <a href=\"https:\/\/moncompte.actu.fr\" title=\"D\u00e9couvez Mon Actu\" rel=\"nofollow noopener\" data-trk=\"{&quot;cta&quot;:{&quot;action&quot;:&quot;https:\\\/\\\/moncompte.actu.fr&quot;,&quot;category&quot;:&quot;mon compte&quot;,&quot;from&quot;:&quot;article footer&quot;,&quot;name&quot;:&quot;Mon actu&quot;,&quot;type&quot;:&quot;cta&quot;}}\" target=\"_blank\">Mon Actu<\/a>.<\/p>\n","protected":false},"excerpt":{"rendered":"Par Hervine Mahaud Publi\u00e9 le 18 juin 2025 \u00e0 12h00 Amis chineurs, voici votre agenda du week-end. Samedi\u00a021&hellip;\n","protected":false},"author":2,"featured_media":185865,"comment_status":"","ping_status":"","sticky":false,"template":"","format":"standard","meta":{"footnotes":""},"categories":[2815],"tags":[1111,11,6961,1777,674,1011,27,811,1307,1652,12,25,3365],"class_list":{"0":"post-185864","1":"post","2":"type-post","3":"status-publish","4":"format-standard","5":"has-post-thumbnail","7":"category-lille","8":"tag-actu","9":"tag-actualites","10":"tag-brocante","11":"tag-eu","12":"tag-europe","13":"tag-fr","14":"tag-france","15":"tag-hauts-de-france","16":"tag-lille","17":"tag-loisirs-culture","18":"tag-news","19":"tag-republique-francaise","20":"tag-vide-greniers"},"share_on_mastodon":{"url":"https:\/\/pubeurope.com\/@fr\/114704418501963014","error":""},"_links":{"self":[{"href":"https:\/\/www.europesays.com\/fr\/wp-json\/wp\/v2\/posts\/185864","targetHints":{"allow":["GET"]}}],"collection":[{"href":"https:\/\/www.europesays.com\/fr\/wp-json\/wp\/v2\/posts"}],"about":[{"href":"https:\/\/www.europesays.com\/fr\/wp-json\/wp\/v2\/types\/post"}],"author":[{"embeddable":true,"href":"https:\/\/www.europesays.com\/fr\/wp-json\/wp\/v2\/users\/2"}],"replies":[{"embeddable":true,"href":"https:\/\/www.europesays.com\/fr\/wp-json\/wp\/v2\/comments?post=185864"}],"version-history":[{"count":0,"href":"https:\/\/www.europesays.com\/fr\/wp-json\/wp\/v2\/posts\/185864\/revisions"}],"wp:featuredmedia":[{"embeddable":true,"href":"https:\/\/www.europesays.com\/fr\/wp-json\/wp\/v2\/media\/185865"}],"wp:attachment":[{"href":"https:\/\/www.europesays.com\/fr\/wp-json\/wp\/v2\/media?parent=185864"}],"wp:term":[{"taxonomy":"category","embeddable":true,"href":"https:\/\/www.europesays.com\/fr\/wp-json\/wp\/v2\/categories?post=185864"},{"taxonomy":"post_tag","embeddable":true,"href":"https:\/\/www.europesays.com\/fr\/wp-json\/wp\/v2\/tags?post=185864"}],"curies":[{"name":"wp","href":"https:\/\/api.w.org\/{rel}","templated":true}]}}