{"id":185868,"date":"2025-06-18T12:42:11","date_gmt":"2025-06-18T12:42:11","guid":{"rendered":"https:\/\/www.europesays.com\/fr\/185868\/"},"modified":"2025-06-18T12:42:11","modified_gmt":"2025-06-18T12:42:11","slug":"a-marseille-faire-decouvrir-les-metiers-portuaires-aux-jeunes","status":"publish","type":"post","link":"https:\/\/www.europesays.com\/fr\/185868\/","title":{"rendered":"\u00c0 Marseille, faire d\u00e9couvrir les m\u00e9tiers portuaires aux jeunes"},"content":{"rendered":"<p>                    <img loading=\"lazy\" decoding=\"async\" src=\"https:\/\/www.europesays.com\/fr\/wp-content\/uploads\/2025\/06\/cb5a46022f2d18311faa57e2356c47.png\" class=\"img-responsive post-image\" width=\"680\" height=\"510\" alt=\"\u00c0 Marseille, faire d\u00e9couv\" title=\"\u00c0 Marseille, faire d\u00e9couvrir les m\u00e9tiers portuaires aux jeunes\"\/><\/p>\n<p class=\"chapo\">Le Port Center Marseille et le Lyc\u00e9e la Floride se sont unis pour faire d\u00e9couvrir les m\u00e9tiers portuaires aux jeunes.<\/p>\n<p>Un peu plus d\u2019un an apr\u00e8s son ouverture, le Port Center Marseille, espace d\u00e9di\u00e9 \u00e0 la d\u00e9couverte des activit\u00e9s portuaires et industrielles de Marseille Fos, renforce son action en s\u2019associant au Lyc\u00e9e des m\u00e9tiers La Floride pour un projet p\u00e9dagogique original\u00a0: <strong>des lyc\u00e9ens form\u00e9s deviennent guides pour faire d\u00e9couvrir les m\u00e9tiers portuaires \u00e0 des coll\u00e9giens.<\/strong><\/p>\n<p>Ce projet permet \u00e0 des \u00e9l\u00e8ves de s\u2019approprier les th\u00e9matiques portuaires pour les transmettre de mani\u00e8re dynamique et accessible. L\u2019objectif est \u00e0 la fois de d\u00e9mystifier les activit\u00e9s portuaires souvent m\u00e9connues et d\u2019inspirer les jeunes en leur pr\u00e9sentant la diversit\u00e9 des m\u00e9tiers (logistique, environnement, maintenance, digitalisation, etc.) et les opportunit\u00e9s d\u2019emploi locales. Le mardi 3 juin, les 21 \u00e9l\u00e8ves du lyc\u00e9e La Floride \u00e0 Marseille ont pris en main l\u2019organisation et l\u2019animation d\u2019une visite du port de Marseille Fos \u00e0 destination de 21 coll\u00e9giens du coll\u00e8ge Vallon des Pins.<br class=\"texte\"\/><br \/>\nR\u00e9partis en groupes, ils ont accueilli les coll\u00e9giens, les ont guid\u00e9s \u00e0 travers les diff\u00e9rents espaces du Port center (fresques, maquettes, cartes interactives\u2026) puis ont pr\u00e9sent\u00e9 les infrastructures portuaires in situ gr\u00e2ce \u00e0 un tour en bus. Avec ce dispositif, les visiteurs scolaires b\u00e9n\u00e9ficient d\u2019une m\u00e9diation adapt\u00e9e, tandis que les lyc\u00e9ens guides d\u00e9veloppent des comp\u00e9tences en communication et une expertise valorisante pour leur parcours.<br class=\"autobr\"\/><br \/>\n\u00ab\u00a0L\u2019objectif est de cr\u00e9er des passerelles entre les scolaires et le monde professionnel portuaire \u00a0\u00bb explique <strong>Patrick Maddalone<\/strong>, secr\u00e9taire g\u00e9n\u00e9ral du port de Marseille Fos. \u00ab\u00a0Quand un adolescent parle \u00e0 un autre des opportunit\u00e9s du Port, le message prend une dimension plus concr\u00e8te et inspirante \u00a0\u00bb.<\/p>\n","protected":false},"excerpt":{"rendered":"Le Port Center Marseille et le Lyc\u00e9e la Floride se sont unis pour faire d\u00e9couvrir les m\u00e9tiers portuaires&hellip;\n","protected":false},"author":2,"featured_media":185869,"comment_status":"","ping_status":"","sticky":false,"template":"","format":"standard","meta":{"footnotes":""},"categories":[2814],"tags":[1111,11,2408,1777,674,1011,27,884,12,882,25],"class_list":{"0":"post-185868","1":"post","2":"type-post","3":"status-publish","4":"format-standard","5":"has-post-thumbnail","7":"category-marseille","8":"tag-actu","9":"tag-actualites","10":"tag-appels-d","11":"tag-eu","12":"tag-europe","13":"tag-fr","14":"tag-france","15":"tag-marseille","16":"tag-news","17":"tag-provence-alpes-cote-dazur","18":"tag-republique-francaise"},"share_on_mastodon":{"url":"https:\/\/pubeurope.com\/@fr\/114704426379014335","error":""},"_links":{"self":[{"href":"https:\/\/www.europesays.com\/fr\/wp-json\/wp\/v2\/posts\/185868","targetHints":{"allow":["GET"]}}],"collection":[{"href":"https:\/\/www.europesays.com\/fr\/wp-json\/wp\/v2\/posts"}],"about":[{"href":"https:\/\/www.europesays.com\/fr\/wp-json\/wp\/v2\/types\/post"}],"author":[{"embeddable":true,"href":"https:\/\/www.europesays.com\/fr\/wp-json\/wp\/v2\/users\/2"}],"replies":[{"embeddable":true,"href":"https:\/\/www.europesays.com\/fr\/wp-json\/wp\/v2\/comments?post=185868"}],"version-history":[{"count":0,"href":"https:\/\/www.europesays.com\/fr\/wp-json\/wp\/v2\/posts\/185868\/revisions"}],"wp:featuredmedia":[{"embeddable":true,"href":"https:\/\/www.europesays.com\/fr\/wp-json\/wp\/v2\/media\/185869"}],"wp:attachment":[{"href":"https:\/\/www.europesays.com\/fr\/wp-json\/wp\/v2\/media?parent=185868"}],"wp:term":[{"taxonomy":"category","embeddable":true,"href":"https:\/\/www.europesays.com\/fr\/wp-json\/wp\/v2\/categories?post=185868"},{"taxonomy":"post_tag","embeddable":true,"href":"https:\/\/www.europesays.com\/fr\/wp-json\/wp\/v2\/tags?post=185868"}],"curies":[{"name":"wp","href":"https:\/\/api.w.org\/{rel}","templated":true}]}}