{"id":185870,"date":"2025-06-18T12:43:14","date_gmt":"2025-06-18T12:43:14","guid":{"rendered":"https:\/\/www.europesays.com\/fr\/185870\/"},"modified":"2025-06-18T12:43:14","modified_gmt":"2025-06-18T12:43:14","slug":"la-ville-de-marseille-se-mobilise-face-a-la-canicule","status":"publish","type":"post","link":"https:\/\/www.europesays.com\/fr\/185870\/","title":{"rendered":"La Ville de Marseille se mobilise face \u00e0 la canicule"},"content":{"rendered":"<p>Face aux vagues de chaleur, la Ville de Marseille a activ\u00e9 son dispositif de pr\u00e9vention et de gestion de la canicule pour l&rsquo;\u00e9t\u00e9 2025.<\/p>\n<p>Avec ce dispositif, des mesures concr\u00e8tes sont prises pour prot\u00e9ger les Marseillaises et les Marseillais. Dans le d\u00e9tail, la Ville de Marseille pr\u00e9voit l\u2019ouverture prolong\u00e9e des parcs et jardins en soir\u00e9e ainsi que celle des douches municipales pour offrir des espaces de fra\u00eecheur accessibles \u00e0 toutes et tous. Les enfants b\u00e9n\u00e9ficieront de conditions d\u2019accueil adapt\u00e9es dans les cr\u00e8ches, \u00e9coles et centres a\u00e9r\u00e9s, avec une r\u00e9organisation des activit\u00e9s, la distribution de ventilateurs, l\u2019utilisation de pr\u00e9aux ou salles climatis\u00e9es et l\u2019installation de jeux d\u2019eau. Les piscines municipales pourront aussi \u00eatre rendues gratuites selon les niveaux d\u2019alerte. Les personnes fragiles, identifi\u00e9es via le registre communal tenu \u00e0 jour par le CCAS, seront elles suivies et accompagn\u00e9es gr\u00e2ce \u00e0 l\u2019op\u00e9ration \u00ab veille sociale \u00bb renforc\u00e9e, comprenant des maraudes suppl\u00e9mentaires et des visites \u00e0 domicile si n\u00e9cessaire. Enfin, des points d\u2019eau potable seront recens\u00e9s et mis \u00e0 disposition dans l\u2019espace public, tandis que des brumisateurs et des dispositifs d\u2019ombrage viendront compl\u00e9ter les am\u00e9nagements dans les lieux fortement fr\u00e9quent\u00e9s.<\/p>\n<p><a href=\"https:\/\/www.marseille.fr\/canicule\" target=\"_blank\" rel=\"noopener nofollow\">Ce dispositif canicule<\/a> est pilot\u00e9 par la Direction de la Sant\u00e9 Publique et de l\u2019Inclusion (DSPI) et la Direction de la Protection des Populations et de la Gestion des Risques (DPPGR). Il s\u2019appuie sur une coordination renforc\u00e9e entre les services municipaux, le Centre Communal d\u2019Action Sociale (CCAS) et les acteurs de terrain. Tous les services municipaux sont concern\u00e9s et mobilis\u00e9s, avec des r\u00e9f\u00e9rents \u00ab canicule \u00bb d\u00e9sign\u00e9s dans chaque service afin de garantir une r\u00e9activit\u00e9 optimale en cas de d\u00e9clenchement d\u2019un niveau d\u2019alerte, pr\u00e9cise la Ville de Marseille.\u00a0<\/p>\n<p>Selon notre partenaire la m\u00e9t\u00e9o du 13, une nouvelle vague de chaleur va toucher la France d\u00e8s demain et se propager \u00e0 la r\u00e9gion PACA notamment durant ce week-end. Les temp\u00e9ratures d\u00e9passeront fr\u00e9quemment les 35 \u00e0 36\u00b0 Les nuits tropicales vont aussi s&rsquo;accentuer et se g\u00e9n\u00e9raliser.<\/p>\n","protected":false},"excerpt":{"rendered":"Face aux vagues de chaleur, la Ville de Marseille a activ\u00e9 son dispositif de pr\u00e9vention et de gestion&hellip;\n","protected":false},"author":2,"featured_media":185871,"comment_status":"","ping_status":"","sticky":false,"template":"","format":"standard","meta":{"footnotes":""},"categories":[2814],"tags":[1111,11,6698,1777,674,1011,27,884,12,882,25],"class_list":{"0":"post-185870","1":"post","2":"type-post","3":"status-publish","4":"format-standard","5":"has-post-thumbnail","7":"category-marseille","8":"tag-actu","9":"tag-actualites","10":"tag-canicule","11":"tag-eu","12":"tag-europe","13":"tag-fr","14":"tag-france","15":"tag-marseille","16":"tag-news","17":"tag-provence-alpes-cote-dazur","18":"tag-republique-francaise"},"share_on_mastodon":{"url":"https:\/\/pubeurope.com\/@fr\/114704430151367835","error":""},"_links":{"self":[{"href":"https:\/\/www.europesays.com\/fr\/wp-json\/wp\/v2\/posts\/185870","targetHints":{"allow":["GET"]}}],"collection":[{"href":"https:\/\/www.europesays.com\/fr\/wp-json\/wp\/v2\/posts"}],"about":[{"href":"https:\/\/www.europesays.com\/fr\/wp-json\/wp\/v2\/types\/post"}],"author":[{"embeddable":true,"href":"https:\/\/www.europesays.com\/fr\/wp-json\/wp\/v2\/users\/2"}],"replies":[{"embeddable":true,"href":"https:\/\/www.europesays.com\/fr\/wp-json\/wp\/v2\/comments?post=185870"}],"version-history":[{"count":0,"href":"https:\/\/www.europesays.com\/fr\/wp-json\/wp\/v2\/posts\/185870\/revisions"}],"wp:featuredmedia":[{"embeddable":true,"href":"https:\/\/www.europesays.com\/fr\/wp-json\/wp\/v2\/media\/185871"}],"wp:attachment":[{"href":"https:\/\/www.europesays.com\/fr\/wp-json\/wp\/v2\/media?parent=185870"}],"wp:term":[{"taxonomy":"category","embeddable":true,"href":"https:\/\/www.europesays.com\/fr\/wp-json\/wp\/v2\/categories?post=185870"},{"taxonomy":"post_tag","embeddable":true,"href":"https:\/\/www.europesays.com\/fr\/wp-json\/wp\/v2\/tags?post=185870"}],"curies":[{"name":"wp","href":"https:\/\/api.w.org\/{rel}","templated":true}]}}