{"id":185872,"date":"2025-06-18T12:44:12","date_gmt":"2025-06-18T12:44:12","guid":{"rendered":"https:\/\/www.europesays.com\/fr\/185872\/"},"modified":"2025-06-18T12:44:12","modified_gmt":"2025-06-18T12:44:12","slug":"lyon-face-a-la-crise-gregory-doucet-devoile-son-plan-tres-attendu-pour-le-commerce","status":"publish","type":"post","link":"https:\/\/www.europesays.com\/fr\/185872\/","title":{"rendered":"Lyon. Face \u00e0 la crise, Gr\u00e9gory Doucet d\u00e9voile son plan tr\u00e8s attendu pour le commerce"},"content":{"rendered":"<p>            Par<br \/>\n        <strong><br \/>\n            <a href=\"https:\/\/actu.fr\/auteur\/julien-damboise\" title=\"Consulter tous les articles de Julien Damboise\" rel=\"nofollow noopener\" target=\"_blank\">Julien Damboise<\/a><br \/>\n        <\/strong><\/p>\n<p>        Publi\u00e9 le<\/p>\n<p>            18 juin 2025 \u00e0 12h36<br \/>\n        ; mis \u00e0 jour le 18 juin 2025 \u00e0 13h29    <\/p>\n<p>Presque oubli\u00e9 par les Lyonnais, le r\u00e9sultat des <strong>Assises du commerce et de l\u2019artisanat<\/strong> a enfin \u00e9t\u00e9 livr\u00e9 par la mairie de <a href=\"https:\/\/actu.fr\/auvergne-rhone-alpes\/lyon_69123\" rel=\"nofollow noopener\" target=\"_blank\">Lyon<\/a> ce mercredi 18 juin 2025. Apr\u00e8s la consultation de plus 250 commer\u00e7ants et artisans lyonnais en novembre 2024, <strong>des mesures<\/strong> sont promises par <a href=\"https:\/\/actu.fr\/tag\/gregory-doucet\" rel=\"nofollow noopener\" target=\"_blank\">Gr\u00e9gory Doucet<\/a>.<\/p>\n<p class=\" wall-content\">Les commer\u00e7ants s\u2019impatientaient ces derni\u00e8res semaines dans l\u2019attente des mesures concr\u00e8tes envisag\u00e9es par l\u2019ex\u00e9cutif municipal. C\u2019est chose faite.<\/p>\n<p>Faire face \u00e0 la crise<\/p>\n<p class=\" wall-content\">Selon la mairie \u00e9cologiste, les Assises du commerce et de l\u2019artisanat ont \u00e9t\u00e9 l\u2019occasion d\u2019<strong>\u00e9changes avec plus de 250 commer\u00e7ants<\/strong> et artisans \u00e0 l\u2019H\u00f4tel de Ville en novembre denier. Apr\u00e8s une longue attente, un plan \u00ab\u00a0pens\u00e9 avec les acteurs \u00e9conomiques lyonnais\u00a0\u00bb pour \u00ab\u00a0imaginer collectivement le commerce de demain\u00a0\u00bb a \u00e9t\u00e9 pr\u00e9sent\u00e9.<\/p>\n<p class=\" wall-content\">Il fallait effectivement r\u00e9agir puisque <strong>la situation est grave<\/strong> : il n\u2019y a jamais eu autant de cellules commerciales vides en Presqu\u2019\u00eele avec un chiffre pass\u00e9e de 4,2% en 2021 \u00e0 6,2% en 2024, une progression de pr\u00e8s de 50% en trois ans seulement.<\/p>\n<p class=\" wall-content\">Encore plus inqui\u00e9tant, ce sont au moins <strong>1 050 emplois perdus en un an<\/strong> dans le secteur du commerce dans toute la m\u00e9tropole de Lyon, selon un rapport de novembre dernier. Le tout avec une hausse de 30% des d\u00e9faillances d\u2019entreprises constat\u00e9e par le tribunal des activit\u00e9s \u00e9conomiques de Lyon.<\/p>\n<p>Vid\u00e9os : en ce moment sur Actu<br \/>\n    <img   decoding=\"async\" loading=\"lazy\" src=\"https:\/\/www.europesays.com\/fr\/wp-content\/uploads\/2025\/06\/lyon-presquile-rue-commerce-illustration-republique-960x640.jpg\" alt=\"Les prix excessifs des loyers rue de la R\u00e9publique \u00e0 Lyon favorisent l'implantation de grandes cha\u00eenes.\" width=\"960\" height=\"640\"\/><br \/>\n    Les prix excessifs des loyers rue de la R\u00e9publique \u00e0 Lyon favorisent l\u2019implantation de grandes cha\u00eenes. (\u00a9Anthony Soudani \/ illustration actu Lyon)Quatre mesures pr\u00e9sent\u00e9es comme \u00ab\u00a0phares\u00a0\u00bb<\/p>\n<p class=\" wall-content\">Face \u00e0 cette crise sans pr\u00e9c\u00e9dant, la mairie annonce notamment quatre mesures, et d\u2019abord la cr\u00e9ation de \u00ab\u00a0l\u2019<strong>Office Lyon Commerce<\/strong>\u00ab\u00a0. Il s\u2019agit d\u2019un \u00ab\u00a0point d\u2019entr\u00e9e unique, en ligne et physique, pour simplifier l\u2019acc\u00e8s \u00e0 l\u2019information, faciliter l\u2019acc\u00e8s aux aides et accompagner les professionnels dans leur d\u00e9veloppement\u00a0\u00bb.<\/p>\n<p class=\" wall-content\">D\u00e9marches administratives, digitalisation, transition \u00e9cologique, animations commerciales\u2026 Cet office promet d\u2019aider les commer\u00e7ants sur les dispositifs existants. \u00ab\u00a0Un levier fondamental de ce changement de culture, en apportant des solutions concr\u00e8tes au plus pr\u00e8s du terrain\u00a0\u00bb, pour Camille Augey, adjointe au Maire de Lyon d\u00e9l\u00e9gu\u00e9e \u00e0 l\u2019Emploi et l\u2019\u00c9conomie durable.<\/p>\n<p class=\" wall-content\">\n<p class=\" wall-content\">Gr\u00e9gory Doucet compte aussi <strong>pr\u00e9server les lin\u00e9aires commerciaux<\/strong> : \u00ab\u00a0Afin d\u2019endiguer la transformation de rez-de-chauss\u00e9e dans certains quartiers en meubl\u00e9s de tourisme, une autorisation pr\u00e9alable sera n\u00e9cessaire\u00a0\u00bb. Reste \u00e0 savoir si les espaces vides trouveront preneur.<\/p>\n<p class=\" wall-content\">Autre promesse : \u00ab\u00a0porter un plaidoyer de gel de l\u2019indice des loyers commerciaux aupr\u00e8s de l\u2019\u00c9tat, ainsi qu\u2019une exp\u00e9rimentation d\u2019<strong>encadrement des loyers commerciaux<\/strong>, pour prot\u00e9ger les commer\u00e7ants ind\u00e9pendants face \u00e0 la pression fonci\u00e8re\u00a0\u00bb. La Ville rappelle que \u00ab\u00a0l\u2019Indice des Loyers Commerciaux (ILC) a bondi de 18 % en moins de 4 ans, la Ville de Lyon\u00a0\u00bb, compliquant fortement les choses pour les commer\u00e7ants.<\/p>\n<p>54 actions au total dans le plan de la mairie<\/p>\n<p>Dans un document de plusieurs pages, la Ville d\u00e9taille les 54 mesures au total dans son plan.<\/p>\n<p>On peut notamment citer : d\u00e9ployer des p\u00e9rim\u00e8tres de sauvegarde commerciale (pour favoriser ou emp\u00eacher certains type de commerces de s&rsquo;implanter dans un secteur), inciter \u00e0 la r\u00e9novation des locaux d\u00e9grad\u00e9s, rendre la ville plus propre, faciliter l&rsquo;implantation de terrasses, faciliter les livraisons dans les commerces, faciliter l&rsquo;acc\u00e8s pendant les travaux et r\u00e9duire leur impact sur les commerces, valoriser les animations commerciales, mieux mettre en avant les commer\u00e7ants, miser sur les f\u00eates de No\u00ebl et de fin d&rsquo;ann\u00e9e, faciliter l&rsquo;accueil des touristes dans les commerces&#8230;<\/p>\n<p>Une Biennale du Commerce<\/p>\n<p class=\" wall-content\">Enfin, la derni\u00e8re mesure phare est le lancement d\u2019une \u00ab\u00a0Biennale du Commerce\u00a0\u00bb.<\/p>\n<p class=\" wall-content\">Tous les deux ans, la Ville compte organiser \u00ab\u00a0un<strong> grand temps d\u2019\u00e9change<\/strong> et de r\u00e9flexion autour des \u00e9volutions du commerce lyonnais pour les professionnels\u00a0\u00bb. Les objectifs selon multiples : identifier les grandes tendances du secteur, partager des initiatives inspirantes, et accompagner les acteurs locaux dans l\u2019anticipation des mutations \u00e9conomiques, sociales et environnementales du commerce de demain.<\/p>\n<p class=\" wall-content\">Reste d\u00e9sormais \u00e0 savoir si les commer\u00e7ants seront vraiment convaincus par ce plan municipal alors que certaines annonces ne sont pas directement de la comp\u00e9tence de la Ville comme l\u2019encadrement des loyers.<\/p>\n<p class=\" wall-content\">Suivez toute l\u2019actualit\u00e9 de vos villes et m\u00e9dias favoris en vous inscrivant \u00e0 <a href=\"https:\/\/moncompte.actu.fr\" title=\"D\u00e9couvez Mon Actu\" rel=\"nofollow noopener\" data-trk=\"{&quot;cta&quot;:{&quot;action&quot;:&quot;https:\\\/\\\/moncompte.actu.fr&quot;,&quot;category&quot;:&quot;mon compte&quot;,&quot;from&quot;:&quot;article footer&quot;,&quot;name&quot;:&quot;Mon actu&quot;,&quot;type&quot;:&quot;cta&quot;}}\" target=\"_blank\">Mon Actu<\/a>.<\/p>\n","protected":false},"excerpt":{"rendered":"Par Julien Damboise Publi\u00e9 le 18 juin 2025 \u00e0 12h36 ; mis \u00e0 jour le 18 juin 2025&hellip;\n","protected":false},"author":2,"featured_media":185873,"comment_status":"","ping_status":"","sticky":false,"template":"","format":"standard","meta":{"footnotes":""},"categories":[1889],"tags":[1111,11,2430,215,33,1777,674,1011,27,5226,2428,12,2809,25],"class_list":{"0":"post-185872","1":"post","2":"type-post","3":"status-publish","4":"format-standard","5":"has-post-thumbnail","7":"category-lyon","8":"tag-actu","9":"tag-actualites","10":"tag-auvergne-rhone-alpes","11":"tag-commerce","12":"tag-economie","13":"tag-eu","14":"tag-europe","15":"tag-fr","16":"tag-france","17":"tag-gregory-doucet","18":"tag-lyon","19":"tag-news","20":"tag-presquile","21":"tag-republique-francaise"},"share_on_mastodon":{"url":"https:\/\/pubeurope.com\/@fr\/114704434112978042","error":""},"_links":{"self":[{"href":"https:\/\/www.europesays.com\/fr\/wp-json\/wp\/v2\/posts\/185872","targetHints":{"allow":["GET"]}}],"collection":[{"href":"https:\/\/www.europesays.com\/fr\/wp-json\/wp\/v2\/posts"}],"about":[{"href":"https:\/\/www.europesays.com\/fr\/wp-json\/wp\/v2\/types\/post"}],"author":[{"embeddable":true,"href":"https:\/\/www.europesays.com\/fr\/wp-json\/wp\/v2\/users\/2"}],"replies":[{"embeddable":true,"href":"https:\/\/www.europesays.com\/fr\/wp-json\/wp\/v2\/comments?post=185872"}],"version-history":[{"count":0,"href":"https:\/\/www.europesays.com\/fr\/wp-json\/wp\/v2\/posts\/185872\/revisions"}],"wp:featuredmedia":[{"embeddable":true,"href":"https:\/\/www.europesays.com\/fr\/wp-json\/wp\/v2\/media\/185873"}],"wp:attachment":[{"href":"https:\/\/www.europesays.com\/fr\/wp-json\/wp\/v2\/media?parent=185872"}],"wp:term":[{"taxonomy":"category","embeddable":true,"href":"https:\/\/www.europesays.com\/fr\/wp-json\/wp\/v2\/categories?post=185872"},{"taxonomy":"post_tag","embeddable":true,"href":"https:\/\/www.europesays.com\/fr\/wp-json\/wp\/v2\/tags?post=185872"}],"curies":[{"name":"wp","href":"https:\/\/api.w.org\/{rel}","templated":true}]}}