{"id":185874,"date":"2025-06-18T12:45:11","date_gmt":"2025-06-18T12:45:11","guid":{"rendered":"https:\/\/www.europesays.com\/fr\/185874\/"},"modified":"2025-06-18T12:45:11","modified_gmt":"2025-06-18T12:45:11","slug":"tout-le-monde-veut-le-tester","status":"publish","type":"post","link":"https:\/\/www.europesays.com\/fr\/185874\/","title":{"rendered":"tout le monde veut le tester"},"content":{"rendered":"<p>            Par<br \/>\n        <strong><br \/>\n            <a href=\"https:\/\/actu.fr\/auteur\/anthony-soudani\" title=\"Consulter tous les articles de Anthony Soudani\" target=\"_blank\" rel=\"noopener\">Anthony Soudani<\/a><br \/>\n        <\/strong><\/p>\n<p>        Publi\u00e9 le<\/p>\n<p>            18 juin 2025 \u00e0 14h31        <\/p>\n<p>C\u2019est le nouveau bar tendance \u00e0 <a href=\"https:\/\/actu.fr\/lyon\/\" target=\"_blank\" rel=\"noopener\">Lyon<\/a>. Les vid\u00e9os de ses cocktails et de son ambiance unique dans la capitale des Gaules inondent les r\u00e9seaux sociaux. <strong>Le G5<\/strong> fait un carton depuis son ouverture, il y a trois mois \u00e0 Perrache, au 76 rue de la Charit\u00e9. La r\u00e9daction d\u2019actu Lyon a test\u00e9 cette nouvelle adresse, \u00e0 deux pas de la place Carnot. Et nous n\u2019avons pas \u00e9t\u00e9 d\u00e9\u00e7us.<\/p>\n<p>Des cocktails \u00e0 13 euros, une \u0153uvre num\u00e9rique captivante<\/p>\n<p class=\" wall-content\">Alexis Kant\u00e9, Ridha et Hocine Kernou ont imagin\u00e9 un bar \u00e0 cocktails sur le th\u00e8me de l\u2019astrologie. \u00c0 la carte, les douze cocktails propos\u00e9s \u00e0 13 euros repr\u00e9sentent chacun un signe du zodiaque. \u00c0 l\u2019int\u00e9rieur, les lumi\u00e8res sont tamis\u00e9es pour plonger les clients dans un univers hors du commun. Une fresque num\u00e9rique est diffus\u00e9e par des vid\u00e9oprojecteurs au mur. Captivant.<\/p>\n<p class=\" wall-content\">\u00ab\u00a0L\u2019\u0153uvre num\u00e9rique a \u00e9t\u00e9 r\u00e9alis\u00e9e par un artiste parisien. On a imagin\u00e9 un th\u00e8me autour du cosmos.<strong> On ne voit jamais la m\u00eame chose.<\/strong> C\u2019est une \u0153uvre toujours en mouvement\u00a0\u00bb, explique Alexis Kant\u00e9, cog\u00e9rant du bar.<\/p>\n<p class=\" wall-content\">Les petites tables et l\u2019ambiance sont id\u00e9ales pour un date (rendez-vous amoureux), mais des groupes d\u2019amis sont aussi les bienvenus.\u00a0<\/p>\n<p class=\" wall-content\">Les cocktails sont particuli\u00e8rement savoureux. Nous avons test\u00e9 le \u00ab\u00a0vierge\u00a0\u00bb, l\u2019\u00e9quilibre entre l\u2019alcool et le c\u00f4t\u00e9 floral est int\u00e9ressant. \u00c0 noter qu\u2019il ne faut pas abuser des bonnes choses, au risque que cela monte rapidement \u00e0 la t\u00eate.<\/p>\n<p>    <img   decoding=\"async\" loading=\"lazy\" src=\"https:\/\/www.europesays.com\/fr\/wp-content\/uploads\/2025\/06\/bar-g5-lyon-ambiance-960x640.jpg\" alt=\"Le nouveau bar \u00e0 cocktails G5 connait un grand succ\u00e8s depuis son ouverture \u00e0 Lyon.\" width=\"960\" height=\"640\"\/><br \/>\n    Le nouveau bar \u00e0 cocktails G5 connait un grand succ\u00e8s depuis son ouverture \u00e0 Lyon. (\u00a9Anthony Soudani \/ actu Lyon)\u00ab\u00a0Une ambiance tamis\u00e9e avec une musique enivrante\u00a0\u00bb<\/p>\n<p class=\" wall-content\">\u00ab\u00a0C\u2019est un bar immersif qui se veut tr\u00e8s sp\u00e9cial sur le th\u00e8me du cosmos. On a voulu cr\u00e9er une sorte de bulle dans laquelle on se d\u00e9connecte du quotidien. On a voulu une ambiance tamis\u00e9e avec une musique enivrante. <strong>C\u2019est propice \u00e0 la discussion<\/strong> et \u00e0 la d\u00e9couverte de nos cocktails\u00a0\u00bb, \u00e9voque Alexis Kant\u00e9.<\/p>\n<p class=\" wall-content\">Le jeune homme de 27 ans mise sur un lieu intimiste. Et cela fonctionne.<\/p>\n<p class=\" wall-content\">Depuis ses d\u00e9buts, le bar est toujours plein, surfant sur les tr\u00e8s bons avis de ses clients sur Internet et les r\u00e9seaux sociaux. Cela n\u2019est pas \u00e9tonnant, le G5 est clairement en train de s\u2019inscrire dans les bars \u00e0 cocktails tendances de Lyon. En prime, il y a une terrasse pour les beaux jours\u2026<\/p>\n<p class=\" wall-content\">Suivez toute l\u2019actualit\u00e9 de vos villes et m\u00e9dias favoris en vous inscrivant \u00e0 <a href=\"https:\/\/moncompte.actu.fr\" title=\"D\u00e9couvez Mon Actu\" rel=\"nofollow noopener\" data-trk=\"{&quot;cta&quot;:{&quot;action&quot;:&quot;https:\\\/\\\/moncompte.actu.fr&quot;,&quot;category&quot;:&quot;mon compte&quot;,&quot;from&quot;:&quot;article footer&quot;,&quot;name&quot;:&quot;Mon actu&quot;,&quot;type&quot;:&quot;cta&quot;}}\" target=\"_blank\">Mon Actu<\/a>.<\/p>\n","protected":false},"excerpt":{"rendered":"Par Anthony Soudani Publi\u00e9 le 18 juin 2025 \u00e0 14h31 C\u2019est le nouveau bar tendance \u00e0 Lyon. Les&hellip;\n","protected":false},"author":2,"featured_media":185875,"comment_status":"","ping_status":"","sticky":false,"template":"","format":"standard","meta":{"footnotes":""},"categories":[1889],"tags":[1111,11,2430,677,1777,674,1011,27,1305,2428,12,5274,25],"class_list":{"0":"post-185874","1":"post","2":"type-post","3":"status-publish","4":"format-standard","5":"has-post-thumbnail","7":"category-lyon","8":"tag-actu","9":"tag-actualites","10":"tag-auvergne-rhone-alpes","11":"tag-bons-plans","12":"tag-eu","13":"tag-europe","14":"tag-fr","15":"tag-france","16":"tag-lifestyle","17":"tag-lyon","18":"tag-news","19":"tag-perrache","20":"tag-republique-francaise"},"share_on_mastodon":{"url":"https:\/\/pubeurope.com\/@fr\/114704437981878757","error":""},"_links":{"self":[{"href":"https:\/\/www.europesays.com\/fr\/wp-json\/wp\/v2\/posts\/185874","targetHints":{"allow":["GET"]}}],"collection":[{"href":"https:\/\/www.europesays.com\/fr\/wp-json\/wp\/v2\/posts"}],"about":[{"href":"https:\/\/www.europesays.com\/fr\/wp-json\/wp\/v2\/types\/post"}],"author":[{"embeddable":true,"href":"https:\/\/www.europesays.com\/fr\/wp-json\/wp\/v2\/users\/2"}],"replies":[{"embeddable":true,"href":"https:\/\/www.europesays.com\/fr\/wp-json\/wp\/v2\/comments?post=185874"}],"version-history":[{"count":0,"href":"https:\/\/www.europesays.com\/fr\/wp-json\/wp\/v2\/posts\/185874\/revisions"}],"wp:featuredmedia":[{"embeddable":true,"href":"https:\/\/www.europesays.com\/fr\/wp-json\/wp\/v2\/media\/185875"}],"wp:attachment":[{"href":"https:\/\/www.europesays.com\/fr\/wp-json\/wp\/v2\/media?parent=185874"}],"wp:term":[{"taxonomy":"category","embeddable":true,"href":"https:\/\/www.europesays.com\/fr\/wp-json\/wp\/v2\/categories?post=185874"},{"taxonomy":"post_tag","embeddable":true,"href":"https:\/\/www.europesays.com\/fr\/wp-json\/wp\/v2\/tags?post=185874"}],"curies":[{"name":"wp","href":"https:\/\/api.w.org\/{rel}","templated":true}]}}