{"id":185883,"date":"2025-06-18T12:51:20","date_gmt":"2025-06-18T12:51:20","guid":{"rendered":"https:\/\/www.europesays.com\/fr\/185883\/"},"modified":"2025-06-18T12:51:20","modified_gmt":"2025-06-18T12:51:20","slug":"vague-de-chaleur-a-paris-baignade-dans-la-seine-brumisateurs-comment-la-ville-veut-eviter-la-surchauffe","status":"publish","type":"post","link":"https:\/\/www.europesays.com\/fr\/185883\/","title":{"rendered":"Vague de chaleur \u00e0 Paris\u00a0: baignade dans la Seine, brumisateurs\u2026 Comment la Ville veut \u00e9viter la surchauffe"},"content":{"rendered":"<p class=\"paragraph text_align_left lp-f-body-02\">Pour faire face \u00e0 cette perspective, la Ville a pr\u00e9sent\u00e9 ce mardi 17 juin, sous l\u2019intitul\u00e9 \u00ab Paris s\u2019adapte \u00bb, un plan d\u2019actions pour transformer l\u2019espace urbain. Une s\u00e9rie de mesures concr\u00e8tes prises chaque ann\u00e9e au d\u00e9but de l\u2019\u00e9t\u00e9, agr\u00e9ment\u00e9e de quelques nouveaut\u00e9s cette ann\u00e9e comme la distribution de kits chaleur, comprenant v\u00eatements et chaussures d\u2019\u00e9t\u00e9, <a href=\"https:\/\/www.leparisien.fr\/paris-75\/lete-saison-la-plus-meurtriere-pour-les-sdf-comment-paris-tente-de-les-aider-en-pleine-canicule-12-08-2022-O5QUJQYJVRENBFTUQO5RQPUNZY.php\" target=\"_blank\" rel=\"noreferrer noopener\">aux personnes sans-abri<\/a>, d\u00e8s le 3 juillet, dans Paris Centre.<\/p>\n","protected":false},"excerpt":{"rendered":"Pour faire face \u00e0 cette perspective, la Ville a pr\u00e9sent\u00e9 ce mardi 17 juin, sous l\u2019intitul\u00e9 \u00ab Paris&hellip;\n","protected":false},"author":2,"featured_media":185884,"comment_status":"","ping_status":"","sticky":false,"template":"","format":"standard","meta":{"footnotes":""},"categories":[1888],"tags":[11,1777,674,1011,27,3746,1944,12,626,25],"class_list":{"0":"post-185883","1":"post","2":"type-post","3":"status-publish","4":"format-standard","5":"has-post-thumbnail","7":"category-paris","8":"tag-actualites","9":"tag-eu","10":"tag-europe","11":"tag-fr","12":"tag-france","13":"tag-futurs","14":"tag-ma-ville","15":"tag-news","16":"tag-paris","17":"tag-republique-francaise"},"share_on_mastodon":{"url":"https:\/\/pubeurope.com\/@fr\/114704461568322621","error":""},"_links":{"self":[{"href":"https:\/\/www.europesays.com\/fr\/wp-json\/wp\/v2\/posts\/185883","targetHints":{"allow":["GET"]}}],"collection":[{"href":"https:\/\/www.europesays.com\/fr\/wp-json\/wp\/v2\/posts"}],"about":[{"href":"https:\/\/www.europesays.com\/fr\/wp-json\/wp\/v2\/types\/post"}],"author":[{"embeddable":true,"href":"https:\/\/www.europesays.com\/fr\/wp-json\/wp\/v2\/users\/2"}],"replies":[{"embeddable":true,"href":"https:\/\/www.europesays.com\/fr\/wp-json\/wp\/v2\/comments?post=185883"}],"version-history":[{"count":0,"href":"https:\/\/www.europesays.com\/fr\/wp-json\/wp\/v2\/posts\/185883\/revisions"}],"wp:featuredmedia":[{"embeddable":true,"href":"https:\/\/www.europesays.com\/fr\/wp-json\/wp\/v2\/media\/185884"}],"wp:attachment":[{"href":"https:\/\/www.europesays.com\/fr\/wp-json\/wp\/v2\/media?parent=185883"}],"wp:term":[{"taxonomy":"category","embeddable":true,"href":"https:\/\/www.europesays.com\/fr\/wp-json\/wp\/v2\/categories?post=185883"},{"taxonomy":"post_tag","embeddable":true,"href":"https:\/\/www.europesays.com\/fr\/wp-json\/wp\/v2\/tags?post=185883"}],"curies":[{"name":"wp","href":"https:\/\/api.w.org\/{rel}","templated":true}]}}