{"id":185891,"date":"2025-06-18T12:55:13","date_gmt":"2025-06-18T12:55:13","guid":{"rendered":"https:\/\/www.europesays.com\/fr\/185891\/"},"modified":"2025-06-18T12:55:13","modified_gmt":"2025-06-18T12:55:13","slug":"le-royaume-uni-vise-la-suprematie-mondiale-sur-ce-secteur-du-marche-de-laviation-estime-a-120-milliards-deuros","status":"publish","type":"post","link":"https:\/\/www.europesays.com\/fr\/185891\/","title":{"rendered":"Le Royaume-Uni vise la supr\u00e9matie mondiale sur ce secteur du march\u00e9 de l\u2019aviation estim\u00e9 \u00e0 120 milliards d\u2019euros&#8230;"},"content":{"rendered":"<p><strong>Une r\u00e9volution a\u00e9rienne s\u2019annonce avec des avions consommant 90 % de carburant en moins. Comment cette innovation pourrait bouleverser l\u2019industrie a\u00e9ronautique et ses impacts environnementaux ?<\/strong><\/p>\n<p>Un vent d\u2019innovation souffle sur l\u2019aviation avec l\u2019annonce d\u2019une entreprise britannique promettant de r\u00e9duire la consommation de <strong>carburant<\/strong> des avions de 90 %. Derri\u00e8re ce projet ambitieux se cache une <strong>technologie hybride<\/strong> qui pourrait transformer l\u2019industrie.<\/p>\n<p>La technologie qui promet de tout changer<\/p>\n<p>La soci\u00e9t\u00e9 britannique Helix a r\u00e9cemment fait sensation en r\u00e9v\u00e9lant sa nouvelle approche pour r\u00e9duire de mani\u00e8re drastique la consommation de <strong>carburant<\/strong> des avions. En s\u2019appuyant sur une <strong>propulsion hybride<\/strong>, la firme promet des vols sur 460 km avec moins de 30 litres de carburant. Cette avanc\u00e9e pourrait bien red\u00e9finir le futur de l\u2019aviation, particuli\u00e8rement pour les vols r\u00e9gionaux souvent d\u00e9cri\u00e9s pour leur empreinte carbone \u00e9lev\u00e9e.<\/p>\n<p>Helix s\u2019attaque \u00e0 un <strong>probl\u00e8me majeur<\/strong> du secteur : le co\u00fbt \u00e9nerg\u00e9tique des vols courts, qui repr\u00e9sentent une part significative du trafic mondial. Pour y parvenir, l\u2019entreprise mise sur une architecture novatrice m\u00ealant \u00e9lectrification, g\u00e9n\u00e9rateur compact et turbines car\u00e9n\u00e9es. Ces innovations combin\u00e9es permettent une r\u00e9duction impressionnante de la consommation de carburant, tout en int\u00e9grant des moteurs all\u00e9g\u00e9s et plus puissants.<\/p>\n<p>Les chiffres parlent d\u2019eux-m\u00eames : l\u00e0 o\u00f9 un vol consommait traditionnellement 290 litres de carburant, Helix promet de diviser ce chiffre par dix. En int\u00e9grant ces technologies, l\u2019entreprise esp\u00e8re ouvrir un march\u00e9 colossal estim\u00e9 \u00e0 120 milliards d\u2019euros d\u2019ici deux d\u00e9cennies, transformant ainsi la mani\u00e8re dont nous envisageons le <strong>transport a\u00e9rien<\/strong>.<\/p>\n<p>Comment cela impacte notre quotidien<\/p>\n<p>Pour les passagers, ces avanc\u00e9es pourraient signifier des <strong>billets d\u2019avion moins chers<\/strong> sur les vols r\u00e9gionaux, une r\u00e9duction des nuisances sonores gr\u00e2ce \u00e0 l\u2019a\u00e9rodynamisme am\u00e9lior\u00e9, et une empreinte \u00e9cologique moindre. Les <strong>compagnies a\u00e9riennes<\/strong>, quant \u00e0 elles, pourraient voir leurs co\u00fbts d\u2019exploitation diminuer, rendant les carburants durables \u00e9conomiquement viables malgr\u00e9 leur prix \u00e9lev\u00e9.<\/p>\n<p>Cependant, il y aura des <strong>perdants<\/strong> dans cette transition. Les fabricants de moteurs traditionnels et les compagnies ax\u00e9es sur le k\u00e9ros\u00e8ne devront s\u2019adapter rapidement sous peine de dispara\u00eetre. Les infrastructures a\u00e9roportuaires devront \u00e9galement \u00e9voluer pour accueillir cette nouvelle g\u00e9n\u00e9ration d\u2019avions hybrides, n\u00e9cessitant des <strong>investissements<\/strong> cons\u00e9quents.<\/p>\n<p>Les perspectives d\u2019avenir pour l\u2019aviation<\/p>\n<p>La prochaine \u00e9tape pour Helix est de tester cette technologie en conditions r\u00e9elles, avec des premiers vols d\u2019essai pr\u00e9vus dans les prochaines ann\u00e9es. Les <strong>\u00e9ch\u00e9ances sociales<\/strong> et environnementales sont claires : le secteur a\u00e9ronautique doit r\u00e9duire son empreinte carbone de mani\u00e8re significative pour respecter les engagements climatiques internationaux.<\/p>\n<p>Les citoyens, quant \u00e0 eux, peuvent soutenir cette transition en privil\u00e9giant les compagnies qui investissent dans des technologies durables, participant ainsi activement \u00e0 la <strong>r\u00e9duction des \u00e9missions<\/strong> de gaz \u00e0 effet de serre. Cela soul\u00e8ve cependant une question fondamentale : sommes-nous pr\u00eats \u00e0 changer nos habitudes pour un avenir plus vert ?<\/p>\n<p>Alors que le monde se tourne vers des solutions plus \u00e9cologiques, l\u2019aviation ne peut rester \u00e0 la tra\u00eene. Helix montre qu\u2019une transformation est possible, et d\u2019autres devront suivre. Le d\u00e9fi r\u00e9side d\u00e9sormais dans l\u2019impl\u00e9mentation de ces innovations \u00e0 grande \u00e9chelle, pour que l\u2019aviation devienne un alli\u00e9 dans la lutte contre le <strong>r\u00e9chauffement climatique<\/strong>.<\/p>\n","protected":false},"excerpt":{"rendered":"Une r\u00e9volution a\u00e9rienne s\u2019annonce avec des avions consommant 90 % de carburant en moins. Comment cette innovation pourrait&hellip;\n","protected":false},"author":2,"featured_media":185892,"comment_status":"","ping_status":"","sticky":false,"template":"","format":"standard","meta":{"footnotes":""},"categories":[1588],"tags":[11,7182,1777,674,5701,12,473,1853,1851,1850,1852],"class_list":{"0":"post-185891","1":"post","2":"type-post","3":"status-publish","4":"format-standard","5":"has-post-thumbnail","7":"category-royaume-uni","8":"tag-actualites","9":"tag-aviation","10":"tag-eu","11":"tag-europe","12":"tag-innovation","13":"tag-news","14":"tag-royaume-uni","15":"tag-royaume-uni-de-grande-bretagne-et-dirlande-du-nord","16":"tag-uk","17":"tag-united-kingdom","18":"tag-united-kingdom-of-great-britain-and-northern-ireland"},"share_on_mastodon":{"url":"https:\/\/pubeurope.com\/@fr\/114704477370872354","error":""},"_links":{"self":[{"href":"https:\/\/www.europesays.com\/fr\/wp-json\/wp\/v2\/posts\/185891","targetHints":{"allow":["GET"]}}],"collection":[{"href":"https:\/\/www.europesays.com\/fr\/wp-json\/wp\/v2\/posts"}],"about":[{"href":"https:\/\/www.europesays.com\/fr\/wp-json\/wp\/v2\/types\/post"}],"author":[{"embeddable":true,"href":"https:\/\/www.europesays.com\/fr\/wp-json\/wp\/v2\/users\/2"}],"replies":[{"embeddable":true,"href":"https:\/\/www.europesays.com\/fr\/wp-json\/wp\/v2\/comments?post=185891"}],"version-history":[{"count":0,"href":"https:\/\/www.europesays.com\/fr\/wp-json\/wp\/v2\/posts\/185891\/revisions"}],"wp:featuredmedia":[{"embeddable":true,"href":"https:\/\/www.europesays.com\/fr\/wp-json\/wp\/v2\/media\/185892"}],"wp:attachment":[{"href":"https:\/\/www.europesays.com\/fr\/wp-json\/wp\/v2\/media?parent=185891"}],"wp:term":[{"taxonomy":"category","embeddable":true,"href":"https:\/\/www.europesays.com\/fr\/wp-json\/wp\/v2\/categories?post=185891"},{"taxonomy":"post_tag","embeddable":true,"href":"https:\/\/www.europesays.com\/fr\/wp-json\/wp\/v2\/tags?post=185891"}],"curies":[{"name":"wp","href":"https:\/\/api.w.org\/{rel}","templated":true}]}}