{"id":185893,"date":"2025-06-18T12:56:12","date_gmt":"2025-06-18T12:56:12","guid":{"rendered":"https:\/\/www.europesays.com\/fr\/185893\/"},"modified":"2025-06-18T12:56:12","modified_gmt":"2025-06-18T12:56:12","slug":"un-jeune-homme-soupconne-davoir-pousse-des-enfants-et-des-adolescents-au-suicide-via-internet","status":"publish","type":"post","link":"https:\/\/www.europesays.com\/fr\/185893\/","title":{"rendered":"un jeune homme soup\u00e7onn\u00e9 d&rsquo;avoir pouss\u00e9 des enfants et des adolescents au suicide via internet"},"content":{"rendered":"<p>Le jeune homme de 20 ans a \u00e9t\u00e9 appr\u00e9hend\u00e9 \u00e0 Hambourg \u00ab\u00e0 l\u2019issue d\u2019une enqu\u00eate approfondie men\u00e9e par une commission sp\u00e9ciale mise en place\u00bb et son domicile a \u00e9t\u00e9 fouill\u00e9 par les forces de l\u2019ordre.<\/p>\n<p class=\"fig-paragraph\">Les autorit\u00e9s allemandes ont annonc\u00e9 mercredi 18 juin 2025 l&rsquo;arrestation d&rsquo;un\u00a0<a href=\"http:\/\/www.lefigaro.fr\/flash-actu\/allemagne-un-germano-iranien-soupconne-d-une-attaque-teleguidee-depuis-l-iran-20230511\" data-fig-type=\"NewsFlash\" data-gtm-custom-categorie=\"navigation\" data-gtm-custom-action=\"crossclick\" data-gtm-custom-label=\"Contextuel\" data-gtm-event=\"customEventSPE\" data-fig-domain=\"LEFIGARO\" target=\"_blank\" rel=\"noopener\">germano-iranien<\/a>\u00a0soup\u00e7onn\u00e9 d&rsquo;avoir manipul\u00e9 et menac\u00e9 des adolescents vuln\u00e9rables sur internet, les for\u00e7ant \u00e0\u00a0<a href=\"http:\/\/sante.lefigaro.fr\/social\/sante-publique\/tentatives-de-suicide-et-automutilation-en-forte-augmentation-chez-les-jeunes-filles-20240516\" data-fig-type=\"Article\" data-gtm-custom-categorie=\"navigation\" data-gtm-custom-action=\"crossclick\" data-gtm-custom-label=\"Contextuel\" data-gtm-event=\"customEventSPE\" data-fig-domain=\"SANTE\" target=\"_blank\" rel=\"noopener\">s&rsquo;automutiler<\/a>\u00a0et \u00e0 se livrer \u00e0 des actes sexuels, ce qui a conduit au\u00a0<a href=\"http:\/\/www.lefigaro.fr\/actualite-france\/je-regardais-beaucoup-d-executions-et-de-suicides-le-business-juteux-des-videos-macabres-sur-internet-20250602\" data-fig-type=\"Article\" data-gtm-custom-categorie=\"navigation\" data-gtm-custom-action=\"crossclick\" data-gtm-custom-label=\"Contextuel\" data-gtm-event=\"customEventSPE\" data-fig-domain=\"LEFIGARO\" target=\"_blank\" rel=\"noopener\">suicide\u00a0<\/a>de l&rsquo;un d&rsquo;entre eux.<\/p>\n<p class=\"fig-paragraph\">Le jeune homme de 20 ans a \u00e9t\u00e9 appr\u00e9hend\u00e9 \u00e0 Hambourg \u00ab\u00e0 l&rsquo;issue d&rsquo;une enqu\u00eate approfondie men\u00e9e par une commission sp\u00e9ciale mise en place\u00bb et son domicile a \u00e9t\u00e9 fouill\u00e9 par les forces de l&rsquo;ordre, ont annonc\u00e9 le parquet et la police de la ville hans\u00e9atique dans un communiqu\u00e9.<\/p>\n<p class=\"fig-paragraph\">Il est soup\u00e7onn\u00e9 \u00abnotamment de meurtre et de tentative de meurtre\u00bb. Les enqu\u00eateurs ont identifi\u00e9 au total huit victimes, des enfants ainsi que des adolescents de 16 \u00e0 19 ans, que l&rsquo;accus\u00e9 aurait rendus \u00e9motionnellement d\u00e9pendants de lui entre 2021 et 2023, avant de les harceler.<\/p>\n<p>Le FBI aurait d\u00e9clench\u00e9 l\u2019enqu\u00eate<\/p>\n<p class=\"fig-paragraph\">Il aurait pouss\u00e9 un adolescent de 13 ans au suicide. Ce dernier, vivant aux \u00c9tats-Unis, s&rsquo;est pendu pendant un livestream diffus\u00e9 sur Internet. Une autre victime est une jeune fille originaire du\u00a0<a href=\"http:\/\/www.lefigaro.fr\/voyages\/dossier\/canada\" data-fig-type=\"Topic\" data-gtm-custom-categorie=\"navigation\" data-gtm-custom-action=\"crossclick\" data-gtm-custom-label=\"Contextuel\" data-gtm-event=\"customEventSPE\" data-fig-domain=\"LEFIGARO\" target=\"_blank\" rel=\"noopener\">Canada<\/a>.<\/p>\n<p class=\"fig-paragraph\">Le suspect est qualifi\u00e9 de \u00abmembre important\u00bb du r\u00e9seau cybercriminel p\u00e9dophile \u00ab764\u00bb, qui cible principalement des mineurs vuln\u00e9rables \u00e2g\u00e9s de 8 \u00e0 17 ans, notamment dans les communaut\u00e9s\u00a0<a href=\"http:\/\/www.lefigaro.fr\/actualite-france\/place-des-femmes-et-des-lgbtq-dans-l-eglise-gestion-des-abus-sexuels-les-belges-ne-menagent-pas-le-pape-francois-20240927\" data-fig-type=\"Article\" data-gtm-custom-categorie=\"navigation\" data-gtm-custom-action=\"crossclick\" data-gtm-custom-label=\"Contextuel\" data-gtm-event=\"customEventSPE\" data-fig-domain=\"LEFIGARO\" target=\"_blank\" rel=\"noopener\">LGBT<\/a>, chez les minorit\u00e9s raciales et chez les personnes souffrant de troubles mentaux. Selon les autorit\u00e9s, les membres de ce groupe poussent leurs victimes, par pression psychologique, \u00e0 commettre des actes extr\u00eames contre elles-m\u00eames.<\/p>\n<p class=\"fig-paragraph\">Le suspect aurait ainsi contraint ses cibles \u00e0 se livrer \u00e0 des actes sexuels et \u00e0 s&rsquo;automutiler dans des chats en direct. Il aurait film\u00e9 ces actes et menac\u00e9 de les diffuser largement afin de contraindre les victimes \u00e0 commettre des actes encore plus extr\u00eames. Plusieurs victimes ont commis des tentatives de suicide, selon l&rsquo;enqu\u00eate. Au total, plus de 120 infractions sont reproch\u00e9es \u00e0 l&rsquo;accus\u00e9. C&rsquo;est le\u00a0<a href=\"http:\/\/www.lefigaro.fr\/international\/nomme-par-erreur-comment-le-nouveau-directeur-du-fbi-est-devenu-le-symbole-improbable-de-la-resistance-a-trump-20250210\" data-fig-type=\"Article\" data-gtm-custom-categorie=\"navigation\" data-gtm-custom-action=\"crossclick\" data-gtm-custom-label=\"Contextuel\" data-gtm-event=\"customEventSPE\" data-fig-domain=\"LEFIGARO\" target=\"_blank\" rel=\"noopener\">FBI\u00a0<\/a>qui aurait d\u00e9clench\u00e9 l&rsquo;enqu\u00eate contre cet homme en transmettant une information aux autorit\u00e9s allemandes.<\/p>\n","protected":false},"excerpt":{"rendered":"Le jeune homme de 20 ans a \u00e9t\u00e9 appr\u00e9hend\u00e9 \u00e0 Hambourg \u00ab\u00e0 l\u2019issue d\u2019une enqu\u00eate approfondie men\u00e9e par&hellip;\n","protected":false},"author":2,"featured_media":185894,"comment_status":"","ping_status":"","sticky":false,"template":"","format":"standard","meta":{"footnotes":""},"categories":[1587],"tags":[259,11,260,672,1804,1805,1803,1777,674,1801,3668,14,261,12,262,1802,5748],"class_list":{"0":"post-185893","1":"post","2":"type-post","3":"status-publish","4":"format-standard","5":"has-post-thumbnail","7":"category-allemagne","8":"tag-actualite-internationale","9":"tag-actualites","10":"tag-affaires-etrangeres","11":"tag-allemagne","12":"tag-bundesrepublik-deutschland","13":"tag-de","14":"tag-deutschland","15":"tag-eu","16":"tag-europe","17":"tag-germany","18":"tag-harcelement","19":"tag-international","20":"tag-ministere-des-affaires-etrangeres","21":"tag-news","22":"tag-politique-etrangere","23":"tag-republique-federale-dallemagne","24":"tag-suicide"},"share_on_mastodon":{"url":"https:\/\/pubeurope.com\/@fr\/114704481347688506","error":""},"_links":{"self":[{"href":"https:\/\/www.europesays.com\/fr\/wp-json\/wp\/v2\/posts\/185893","targetHints":{"allow":["GET"]}}],"collection":[{"href":"https:\/\/www.europesays.com\/fr\/wp-json\/wp\/v2\/posts"}],"about":[{"href":"https:\/\/www.europesays.com\/fr\/wp-json\/wp\/v2\/types\/post"}],"author":[{"embeddable":true,"href":"https:\/\/www.europesays.com\/fr\/wp-json\/wp\/v2\/users\/2"}],"replies":[{"embeddable":true,"href":"https:\/\/www.europesays.com\/fr\/wp-json\/wp\/v2\/comments?post=185893"}],"version-history":[{"count":0,"href":"https:\/\/www.europesays.com\/fr\/wp-json\/wp\/v2\/posts\/185893\/revisions"}],"wp:featuredmedia":[{"embeddable":true,"href":"https:\/\/www.europesays.com\/fr\/wp-json\/wp\/v2\/media\/185894"}],"wp:attachment":[{"href":"https:\/\/www.europesays.com\/fr\/wp-json\/wp\/v2\/media?parent=185893"}],"wp:term":[{"taxonomy":"category","embeddable":true,"href":"https:\/\/www.europesays.com\/fr\/wp-json\/wp\/v2\/categories?post=185893"},{"taxonomy":"post_tag","embeddable":true,"href":"https:\/\/www.europesays.com\/fr\/wp-json\/wp\/v2\/tags?post=185893"}],"curies":[{"name":"wp","href":"https:\/\/api.w.org\/{rel}","templated":true}]}}