{"id":185895,"date":"2025-06-18T12:57:12","date_gmt":"2025-06-18T12:57:12","guid":{"rendered":"https:\/\/www.europesays.com\/fr\/185895\/"},"modified":"2025-06-18T12:57:12","modified_gmt":"2025-06-18T12:57:12","slug":"microsoft-renforce-son-cloud-souverain-en-europe","status":"publish","type":"post","link":"https:\/\/www.europesays.com\/fr\/185895\/","title":{"rendered":"Microsoft renforce son\u202fCloud \u00ab\u00a0souverain\u00a0\u00bb en Europe"},"content":{"rendered":"<p>                    <b>Microsoft vient de d\u00e9voiler une nouvelle offre pour les clients europ\u00e9ens, marquant un tournant strat\u00e9gique vers la souverainet\u00e9 des donn\u00e9es. De m\u00eame, le groupe assure que seuls les employ\u00e9s Microsoft r\u00e9sidant en Europe pourront acc\u00e9der \u00e0 distance aux centres de donn\u00e9es europ\u00e9ens, et toujours sous surveillance locale en temps r\u00e9el.<\/b><\/p>\n<p>                                                                                                                                                        <img decoding=\"async\" src=\"https:\/\/www.europesays.com\/fr\/wp-content\/uploads\/2025\/06\/1d580b7f47_microsoft-europe-cloud.webp.webp\" alt=\"Microsoft Europe Cloud\" width=\"1200\" height=\"686\" loading=\"lazy\"\/>        <\/p>\n<p>Contr\u00f4le strict et surveillance en temps r\u00e9el<\/p>\n<p>Avec Sovereign Public Cloud, les donn\u00e9es des clients europ\u00e9ens restent <b>h\u00e9berg\u00e9es en Europe<\/b> -comme le pr\u00e9voit la l\u00e9gislation europ\u00e9enne- et sont <b>chiffr\u00e9es avec des cl\u00e9s g\u00e9r\u00e9es directement par les utilisateurs<\/b>. En cas d\u2019acc\u00e8s \u00e0 distance par un ing\u00e9nieur hors d\u2019Europe, une approbation et une supervision imm\u00e9diates de la part d\u2019un employ\u00e9 bas\u00e9 en Europe sont requises, et chaque action est enregistr\u00e9e dans un registre inviolable .<\/p>\n<p>Destin\u00e9e tout particuli\u00e8rement aux gouvernements, infrastructures critiques et secteurs r\u00e9gul\u00e9s, cette offre garantit une r\u00e9silience maximale, y compris la possibilit\u00e9 d\u2019environnements priv\u00e9s ou isol\u00e9s, via la version Sovereign Private Cloud.<\/p>\n<p>Cette <a href=\"https:\/\/blogs.microsoft.com\/blog\/2025\/06\/16\/announcing-comprehensive-sovereign-solutions-empowering-european-organizations\/\" target=\"_blank\" rel=\"noopener\">annonce<\/a> s\u2019inscrit dans la strat\u00e9gie plus large de Microsoft, qui pr\u00e9voit d\u2019<b>augmenter sa capacit\u00e9 de datacenters en Europe de 40 % et de renforcer son infrastructure IA sur le continent<\/b>. Elle r\u00e9pond aux inqui\u00e9tudes li\u00e9es au CLOUD Act am\u00e9ricain et \u00e0 la d\u00e9pendance aux acteurs cloud \u00e9trangers.<\/p>\n<p>                                                                                                                                                        <img decoding=\"async\" src=\"https:\/\/www.europesays.com\/fr\/wp-content\/uploads\/2025\/06\/90a8ff714d_microsoft-renforce-son-cloud-souverain-en-europe.webp.webp\" alt=\"Microsoft renforce son\u202fCloud &quot;souverain&quot; en Europe\" width=\"1200\" height=\"675\" loading=\"lazy\"\/>        <\/p>\n<p>Disponibilit\u00e9<\/p>\n<p><b>Les services Sovereign Public Cloud sont actuellement en phase de pr\u00e9visualisation et seront ouvertement disponibles avant la fin 2025<\/b> dans l\u2019ensemble des r\u00e9gions Azure en Europe. Microsoft s\u2019aligne sur la l\u00e9gislation europ\u00e9enne comme le Digital Markets Act et r\u00e9pond aux ambitions souverainistes des \u00c9tats membres, tout en renfor\u00e7ant la confiance des organisations europ\u00e9ennes. <b>Des partenariats locaux, notamment en France avec Bleu (Orange\u00a0&amp; Capgemini) et en Allemagne avec Delos Cloud, illustrent ce mouvement<\/b>.<\/p>\n<p>Avec sa strat\u00e9gie Data Guardian et ses offres de cloud souverain, Microsoft fait un pas important pour rassurer ses clients europ\u00e9ens sur la protection des donn\u00e9es sensibles. Cette initiative pourrait inspirer d\u2019autres acteurs du cloud (comme AWS ou Google) \u00e0 renforcer leur pr\u00e9sence europ\u00e9enne pour r\u00e9pondre \u00e0 la pression r\u00e9glementaire croissante.\n                    <\/p>\n","protected":false},"excerpt":{"rendered":"Microsoft vient de d\u00e9voiler une nouvelle offre pour les clients europ\u00e9ens, marquant un tournant strat\u00e9gique vers la souverainet\u00e9&hellip;\n","protected":false},"author":2,"featured_media":185896,"comment_status":"","ping_status":"","sticky":false,"template":"","format":"standard","meta":{"footnotes":""},"categories":[1586],"tags":[11,32393,1777,674,1011,27,5533,12,25],"class_list":{"0":"post-185895","1":"post","2":"type-post","3":"status-publish","4":"format-standard","5":"has-post-thumbnail","7":"category-europe","8":"tag-actualites","9":"tag-cloud","10":"tag-eu","11":"tag-europe","12":"tag-fr","13":"tag-france","14":"tag-microsoft","15":"tag-news","16":"tag-republique-francaise"},"share_on_mastodon":{"url":"https:\/\/pubeurope.com\/@fr\/114704485158479916","error":""},"_links":{"self":[{"href":"https:\/\/www.europesays.com\/fr\/wp-json\/wp\/v2\/posts\/185895","targetHints":{"allow":["GET"]}}],"collection":[{"href":"https:\/\/www.europesays.com\/fr\/wp-json\/wp\/v2\/posts"}],"about":[{"href":"https:\/\/www.europesays.com\/fr\/wp-json\/wp\/v2\/types\/post"}],"author":[{"embeddable":true,"href":"https:\/\/www.europesays.com\/fr\/wp-json\/wp\/v2\/users\/2"}],"replies":[{"embeddable":true,"href":"https:\/\/www.europesays.com\/fr\/wp-json\/wp\/v2\/comments?post=185895"}],"version-history":[{"count":0,"href":"https:\/\/www.europesays.com\/fr\/wp-json\/wp\/v2\/posts\/185895\/revisions"}],"wp:featuredmedia":[{"embeddable":true,"href":"https:\/\/www.europesays.com\/fr\/wp-json\/wp\/v2\/media\/185896"}],"wp:attachment":[{"href":"https:\/\/www.europesays.com\/fr\/wp-json\/wp\/v2\/media?parent=185895"}],"wp:term":[{"taxonomy":"category","embeddable":true,"href":"https:\/\/www.europesays.com\/fr\/wp-json\/wp\/v2\/categories?post=185895"},{"taxonomy":"post_tag","embeddable":true,"href":"https:\/\/www.europesays.com\/fr\/wp-json\/wp\/v2\/tags?post=185895"}],"curies":[{"name":"wp","href":"https:\/\/api.w.org\/{rel}","templated":true}]}}