{"id":18590,"date":"2025-04-12T00:03:11","date_gmt":"2025-04-12T00:03:11","guid":{"rendered":"https:\/\/www.europesays.com\/fr\/18590\/"},"modified":"2025-04-12T00:03:11","modified_gmt":"2025-04-12T00:03:11","slug":"hollande-veut-un-statut-de-refugie-scientifique-pour-les-chercheurs-pousses-a-fuir-la-politique-de-trump","status":"publish","type":"post","link":"https:\/\/www.europesays.com\/fr\/18590\/","title":{"rendered":"Hollande veut un statut de \u00ab r\u00e9fugi\u00e9 scientifique \u00bb pour les chercheurs pouss\u00e9s \u00e0 fuir la politique de Trump"},"content":{"rendered":"<p><strong>fuite des cerveaux &#8211; Face \u00e0 la politique de Donald Trump jug\u00e9e hostile \u00e0 la libert\u00e9 acad\u00e9mique, Fran\u00e7ois Hollande et le pr\u00e9sident d\u2019Aix-Marseille Universit\u00e9 appellent \u00e0 cr\u00e9er un statut de \u00ab\u00a0r\u00e9fugi\u00e9 scientifique\u00a0\u00bb pour accueillir les chercheurs am\u00e9ricains menac\u00e9s<\/strong><\/p>\n<p>Un nouveau type d\u2019asile politique, version labo\u00a0? C\u2019est en tout cas l\u2019appel lanc\u00e9 ce vendredi par <a href=\"https:\/\/www.20minutes.fr\/politique\/francois-hollande\/\" rel=\"nofollow noopener\" target=\"_blank\" data-ylk=\"slk:Fran\u00e7ois Hollande;elm:context_link;itc:0;sec:content-canvas\" class=\"link \">Fran\u00e7ois Hollande<\/a> et \u00c9ric Berton, pr\u00e9sident de l\u2019universit\u00e9 d\u2019Aix-Marseille, dans une tribune publi\u00e9e ce vendredi par <a href=\"https:\/\/www.liberation.fr\/idees-et-debats\/tribunes\/pour-la-creation-dun-statut-de-refugie-scientifique-par-francois-hollande-et-eric-berton-20250411_SJ4CHAVMHVG3FFSW52ACQJZRGI\/?redirected=1\" rel=\"nofollow noopener\" target=\"_blank\" data-ylk=\"slk:Lib\u00e9ration;elm:context_link;itc:0;sec:content-canvas\" class=\"link \">Lib\u00e9ration<\/a>. Les deux hommes plaident pour la mise en place d\u2019un statut de \u00ab\u00a0r\u00e9fugi\u00e9 scientifique\u00a0\u00bb, pour accueillir en France (et en Europe) les chercheurs am\u00e9ricains contraints \u00e0 l\u2019exil sous la pression de l\u2019administration Trump \u00ab\u00a02.0\u00a0\u00bb.<\/p>\n<p>Depuis son retour \u00e0 la Maison-Blanche, l\u2019ancien pr\u00e9sident a intensifi\u00e9 sa politique hostile envers le monde de la recherche\u00a0: censure, coupes budg\u00e9taires massives, licenciements abusifs. R\u00e9sultat\u00a0: <a href=\"https:\/\/www.nature.com\/articles\/d41586-025-00938-y\" rel=\"nofollow noopener\" target=\"_blank\" data-ylk=\"slk:plus de 75\u00a0% des chercheurs am\u00e9ricains;elm:context_link;itc:0;sec:content-canvas\" class=\"link \">plus de 75\u00a0% des chercheurs am\u00e9ricains<\/a> envisageraient aujourd\u2019hui de quitter le pays selon une enqu\u00eate de la revue scientifique Nature.<\/p>\n<p>\u00ab\u00a0Safe place for science\u00a0\u00bb<\/p>\n<p>Pour r\u00e9pondre \u00e0 cette situation, l\u2019universit\u00e9 d\u2019Aix-Marseille a lanc\u00e9 en mars un <a href=\"https:\/\/www.20minutes.fr\/societe\/4143941-20250320-trump-contre-science-arrivee-possible-chercheurs-americains-va-punir-chercheurs-francais\" rel=\"nofollow noopener\" target=\"_blank\" data-ylk=\"slk:programme d\u2019accueil baptis\u00e9 \u00ab\u00a0Safe Place for Science\u00a0\u00bb;elm:context_link;itc:0;sec:content-canvas\" class=\"link \">programme d\u2019accueil baptis\u00e9 \u00ab\u00a0Safe Place for Science\u00a0\u00bb<\/a> (un lieu s\u00fbr pour la science en bon fran\u00e7ais). En moins d\u2019un mois, pr\u00e8s de 300 candidatures ont afflu\u00e9, souvent accompagn\u00e9es de r\u00e9cits inqui\u00e9tants transmis via des messageries crypt\u00e9es.<\/p>\n<p>\u00ab\u00a0Certains t\u00e9moignages sont gla\u00e7ants\u00a0\u00bb, alertent les auteurs de la tribune. Ils \u00e9voquent une atmosph\u00e8re de surveillance et de pression id\u00e9ologique, qui pousse des scientifiques \u00e0 envisager l\u2019exil comme seul recours.<\/p>\n<p>\u00ab\u00a0D\u00e9j\u00e0 un impact consid\u00e9rable sur la recherche mondiale\u00a0\u00bb<\/p>\n<p>Face \u00e0 ces d\u00e9rives inqui\u00e9tantes, Hollande et Berton plaident pour la cr\u00e9ation d\u2019un sta(&#8230;)<\/p>\n<p><a href=\"https:\/\/www.20minutes.fr\/monde\/etats-unis\/4148313-20250412-etats-unis-hollande-veut-statut-refugie-scientifique-chercheurs-pousses-fuir-politique-trump&quot;\" rel=\"nofollow noopener\" target=\"_blank\" data-ylk=\"slk:Lire la suite sur 20minutes;elm:context_link;itc:0;sec:content-canvas\" class=\"link \">Lire la suite sur 20minutes<\/a><\/p>\n<p>\u00c0 lire aussi :<br \/><a href=\"https:\/\/www.20minutes.fr\/monde\/etats-unis\/4145558-20250327-etats-unis-trump-veut-couper-fonds-americains-alliance-vaccin-gavi-pilier-vaccination-mondiale\" rel=\"nofollow noopener\" target=\"_blank\" data-ylk=\"slk:Etats-Unis\u00a0: Trump veut couper les fonds am\u00e9ricains \u00e0 l\u2019Alliance Gavi, pilier de la vaccination mondiale;elm:context_link;itc:0;sec:content-canvas\" class=\"link \">Etats-Unis\u00a0: Trump veut couper les fonds am\u00e9ricains \u00e0 l\u2019Alliance Gavi, pilier de la vaccination mondiale<\/a><br \/><a href=\"https:\/\/www.20minutes.fr\/monde\/etats-unis\/4136228-20250130-etats-unis-trump-veut-priver-financement-ecoles-enseignant-theorie-critique-race\" rel=\"nofollow noopener\" target=\"_blank\" data-ylk=\"slk:Etats-Unis\u00a0: Trump veut priver de financement les \u00e9coles enseignant la \u00ab\u00a0th\u00e9orie critique de la race\u00a0\u00bb;elm:context_link;itc:0;sec:content-canvas\" class=\"link \">Etats-Unis\u00a0: Trump veut priver de financement les \u00e9coles enseignant la \u00ab\u00a0th\u00e9orie critique de la race\u00a0\u00bb<\/a><\/p>\n","protected":false},"excerpt":{"rendered":"fuite des cerveaux &#8211; Face \u00e0 la politique de Donald Trump jug\u00e9e hostile \u00e0 la libert\u00e9 acad\u00e9mique, Fran\u00e7ois&hellip;\n","protected":false},"author":2,"featured_media":18591,"comment_status":"","ping_status":"","sticky":false,"template":"","format":"standard","meta":{"footnotes":""},"categories":[1589],"tags":[11,75,73,1866,3082,7353,12,1864,1865,1863,308],"class_list":{"0":"post-18590","1":"post","2":"type-post","3":"status-publish","4":"format-standard","5":"has-post-thumbnail","7":"category-etats-unis","8":"tag-actualites","9":"tag-donald-trump","10":"tag-etats-unis","11":"tag-etats-unis-damerique","12":"tag-francois-hollande","13":"tag-la-liberte","14":"tag-news","15":"tag-united-states","16":"tag-united-states-of-america","17":"tag-us","18":"tag-usa"},"share_on_mastodon":{"url":"https:\/\/pubeurope.com\/@fr\/114322066868477919","error":""},"_links":{"self":[{"href":"https:\/\/www.europesays.com\/fr\/wp-json\/wp\/v2\/posts\/18590","targetHints":{"allow":["GET"]}}],"collection":[{"href":"https:\/\/www.europesays.com\/fr\/wp-json\/wp\/v2\/posts"}],"about":[{"href":"https:\/\/www.europesays.com\/fr\/wp-json\/wp\/v2\/types\/post"}],"author":[{"embeddable":true,"href":"https:\/\/www.europesays.com\/fr\/wp-json\/wp\/v2\/users\/2"}],"replies":[{"embeddable":true,"href":"https:\/\/www.europesays.com\/fr\/wp-json\/wp\/v2\/comments?post=18590"}],"version-history":[{"count":0,"href":"https:\/\/www.europesays.com\/fr\/wp-json\/wp\/v2\/posts\/18590\/revisions"}],"wp:featuredmedia":[{"embeddable":true,"href":"https:\/\/www.europesays.com\/fr\/wp-json\/wp\/v2\/media\/18591"}],"wp:attachment":[{"href":"https:\/\/www.europesays.com\/fr\/wp-json\/wp\/v2\/media?parent=18590"}],"wp:term":[{"taxonomy":"category","embeddable":true,"href":"https:\/\/www.europesays.com\/fr\/wp-json\/wp\/v2\/categories?post=18590"},{"taxonomy":"post_tag","embeddable":true,"href":"https:\/\/www.europesays.com\/fr\/wp-json\/wp\/v2\/tags?post=18590"}],"curies":[{"name":"wp","href":"https:\/\/api.w.org\/{rel}","templated":true}]}}