{"id":185917,"date":"2025-06-18T13:11:10","date_gmt":"2025-06-18T13:11:10","guid":{"rendered":"https:\/\/www.europesays.com\/fr\/185917\/"},"modified":"2025-06-18T13:11:10","modified_gmt":"2025-06-18T13:11:10","slug":"lyna-khoudri-revele-enfin-pourquoi-elle-a-voulu-officialiser-avec-karim-benzema-a-cannes","status":"publish","type":"post","link":"https:\/\/www.europesays.com\/fr\/185917\/","title":{"rendered":"Lyna Khoudri r\u00e9v\u00e8le enfin pourquoi elle a voulu officialiser avec Karim Benzema \u00e0 Cannes"},"content":{"rendered":"<p>La rumeur bruissait depuis plusieurs mois, mais c&rsquo;est pendant le Festival de Cannes que Lyna Khoudri et Karim Benzema sont apparus main dans la main. Plus pr\u00e9cis\u00e9ment le 23\u00a0mai, pour monter les marches du Palais des Festivals lors de <a class=\"link \" href=\"https:\/\/www.lepoint.fr\/culture\/dracula-chien-51-kaamelott-la-liste-des-20-films-francais-les-plus-couteux-a-voir-en-2025--30-04-2025-2588616_3.php\" rel=\"nofollow noopener\" target=\"_blank\" data-ylk=\"slk:la pr\u00e9sentation hors comp\u00e9tition du film;elm:context_link;itc:0;sec:content-canvas\">la pr\u00e9sentation hors comp\u00e9tition du film<\/a>13 jours,\u00a013\u00a0nuits de Martin Bourboulon dans lequel joue l&rsquo;actrice et qui retrace la prise de Kaboul par les talibans en ao\u00fbt\u00a02021.<\/p>\n<p>Un moment important dans la vie de n&rsquo;importe quel artiste et une c\u00e9l\u00e9bration des longs mois de travail sur un tournage. L&rsquo;\u00e9motion \u00e9tait donc forte ce jour-l\u00e0 pour celle qui a re\u00e7u <a class=\"link \" href=\"https:\/\/www.lepoint.fr\/culture\/papicha-etre-une-jeune-femme-dans-l-algerie-des-annees-1990--15-10-2019-2341387_3.php\" rel=\"nofollow noopener\" target=\"_blank\" data-ylk=\"slk:le c\u00e9sar du meilleur espoir f\u00e9minin en 2020;elm:context_link;itc:0;sec:content-canvas\">le c\u00e9sar du meilleur espoir f\u00e9minin en 2020<\/a> pour Papicha.<\/p>\n<p>Preuve de son amour pour Karim Benzema, elle a voulu l&rsquo;inclure dans son monde, comme elle l&rsquo;a expliqu\u00e9, \u00e0 la fois timide et \u00e9mue, sur le plateau de Quotidien hier.<\/p>\n<p>Un couple amoureux et discret<\/p>\n<p>\u00ab\u00a0Ce sont des moments que l&rsquo;on a envie de vivre avec les gens que l&rsquo;on aime. Et je voulais partager \u00e7a avec lui et puis, vous le pr\u00e9senter. Mais vous le connaissez d\u00e9j\u00e0 bien\u2026\u00a0\u00bb a-t-elle r\u00e9pondu \u00e0 Yann Barth\u00e8s qui venait de rediffuser sa mont\u00e9e des marches avec le footballeur\u00a0qu&rsquo;elle \u00e9tait revenue chercher.<\/p>\n<p>\u00c0 LIRE AUSSI <strong class=\"strong\"><a href=\"https:\/\/www.lepoint.fr\/afrique\/cinema-papicha-censure-a-alger-recu-aux-oscars-23-10-2019-2343131_3826.php\" rel=\"nofollow noopener\" target=\"_blank\" data-ylk=\"slk:\u00ab\u00a0Papicha\u00a0\u00bb\u00a0: censur\u00e9 \u00e0 Alger, re\u00e7u aux Oscars, couronn\u00e9 aux C\u00e9sar;elm:context_link;itc:0;sec:content-canvas\" class=\"link \">\u00ab\u00a0Papicha\u00a0\u00bb\u00a0: censur\u00e9 \u00e0 Alger, re\u00e7u aux Oscars, couronn\u00e9 aux C\u00e9sar<\/a><\/strong><\/p>\n<p>Dans 13 jours,\u00a013\u00a0nuits, l&rsquo;actrice franco-alg\u00e9rienne de 32\u00a0ans partage l&rsquo;affiche avec Roschdy Zem, \u00e9galement invit\u00e9 dans l&rsquo;\u00e9mission de TMC. Le com\u00e9dien a comment\u00e9 ce moment romantique avec attendrissement et une pointe d&rsquo;humour. Expliquant qu&rsquo;il ne comprenait [&#8230;] <a href=\"https:\/\/www.lepoint.fr\/people\/lyna-khoudri-revele-enfin-pourquoi-elle-a-voulu-officialiser-avec-karim-benzema-a-cannes-18-06-2025-2592332_2116.php\" rel=\"nofollow noopener\" target=\"_blank\" data-ylk=\"slk:Lire la suite;elm:context_link;itc:0;sec:content-canvas\" class=\"link \">Lire la suite<\/a><\/p>\n","protected":false},"excerpt":{"rendered":"La rumeur bruissait depuis plusieurs mois, mais c&rsquo;est pendant le Festival de Cannes que Lyna Khoudri et Karim&hellip;\n","protected":false},"author":2,"featured_media":185918,"comment_status":"","ping_status":"","sticky":false,"template":"","format":"standard","meta":{"footnotes":""},"categories":[1359],"tags":[58,59,5634,1011,27,24748,32394,24657,11584,973],"class_list":{"0":"post-185917","1":"post","2":"type-post","3":"status-publish","4":"format-standard","5":"has-post-thumbnail","7":"category-people","8":"tag-divertissement","9":"tag-entertainment","10":"tag-festival-de-cannes","11":"tag-fr","12":"tag-france","13":"tag-karim-benzema","14":"tag-main-dans-la-main","15":"tag-martin-bourboulon","16":"tag-montee-des-marches","17":"tag-people"},"share_on_mastodon":{"url":"https:\/\/pubeurope.com\/@fr\/114704540201573924","error":""},"_links":{"self":[{"href":"https:\/\/www.europesays.com\/fr\/wp-json\/wp\/v2\/posts\/185917","targetHints":{"allow":["GET"]}}],"collection":[{"href":"https:\/\/www.europesays.com\/fr\/wp-json\/wp\/v2\/posts"}],"about":[{"href":"https:\/\/www.europesays.com\/fr\/wp-json\/wp\/v2\/types\/post"}],"author":[{"embeddable":true,"href":"https:\/\/www.europesays.com\/fr\/wp-json\/wp\/v2\/users\/2"}],"replies":[{"embeddable":true,"href":"https:\/\/www.europesays.com\/fr\/wp-json\/wp\/v2\/comments?post=185917"}],"version-history":[{"count":0,"href":"https:\/\/www.europesays.com\/fr\/wp-json\/wp\/v2\/posts\/185917\/revisions"}],"wp:featuredmedia":[{"embeddable":true,"href":"https:\/\/www.europesays.com\/fr\/wp-json\/wp\/v2\/media\/185918"}],"wp:attachment":[{"href":"https:\/\/www.europesays.com\/fr\/wp-json\/wp\/v2\/media?parent=185917"}],"wp:term":[{"taxonomy":"category","embeddable":true,"href":"https:\/\/www.europesays.com\/fr\/wp-json\/wp\/v2\/categories?post=185917"},{"taxonomy":"post_tag","embeddable":true,"href":"https:\/\/www.europesays.com\/fr\/wp-json\/wp\/v2\/tags?post=185917"}],"curies":[{"name":"wp","href":"https:\/\/api.w.org\/{rel}","templated":true}]}}