{"id":185922,"date":"2025-06-18T13:14:21","date_gmt":"2025-06-18T13:14:21","guid":{"rendered":"https:\/\/www.europesays.com\/fr\/185922\/"},"modified":"2025-06-18T13:14:21","modified_gmt":"2025-06-18T13:14:21","slug":"cyril-hanouna-de-retour-sur-europe-1-avant-la-fin-de-la-saison-lanimateur-repond","status":"publish","type":"post","link":"https:\/\/www.europesays.com\/fr\/185922\/","title":{"rendered":"Cyril Hanouna de retour sur Europe 1 avant la fin de la saison ? L&rsquo;animateur r\u00e9pond"},"content":{"rendered":"<p>Mardi 17 juin 2025, Mediapart r\u00e9v\u00e8le que Cyril Hanouna sera de retour sur Europe 1 avant la fin de la saison. Il va donc reprendre les commandes d&rsquo;On marche sur la t\u00eate une derni\u00e8re fois avant de changer de groupe.<\/p>\n<p>Pr\u00e9sent sur D8 puis C8 depuis 2012, <a href=\"https:\/\/www.programme-tv.net\/news\/tv\/372483-quelle-audience-pour-la-derniere-de-touche-pas-a-mon-poste-avec-cyril-hanouna-avant-la-fermeture-de-c8\/\" data-api-deeplink=\"teleloisirs:\/\/news\/372483\" rel=\"nofollow noopener\" target=\"_blank\">Cyril Hanouna a d\u00fb dire au revoir \u00e0 la cha\u00eene sur laquelle il animait Touche pas \u00e0 mon poste\u00a0!<\/a> \u00e0 la suite de la d\u00e9cision de l&rsquo;Arcom. <a href=\"https:\/\/www.programme-tv.net\/news\/people\/380769-elle-a-eu-un-petit-probleme-valerie-benaim-absente-d-on-marche-sur-la-tete-sur-europe-1-cyril-hanouna-donne-des-nouvelles-de-sa-chroniqueuse\/\" data-api-deeplink=\"teleloisirs:\/\/news\/380769\" rel=\"nofollow noopener\" target=\"_blank\">L&rsquo;animateur est \u00e9galement aux commandes d&rsquo;On marche sur la t\u00eate<\/a> sur Europe 1. \u00c9mission de radio dont il a \u00e9t\u00e9 absent \u00e0 trois reprises au cours du mois de juin. Comme le rapporte <a href=\"https:\/\/www.mediapart.fr\/journal\/culture-et-idees\/170625\/europe-1-se-retrouve-gerer-la-cohabitation-entre-morandini-et-des-stagiaires-mineurs#:~:text=Sollicit%C3%A9%20par%20Mediapart%2C%20Cyril%20Hanouna,partance%20pour%20le%20groupe%20M6\" rel=\"nofollow noopener\" target=\"_blank\">Mediapart<\/a>, mardi 17\u00a0juin 2025\u00a0: \u00ab\u00a0Jean-Marc Morandini devait animer pour seulement deux num\u00e9ros en remplacement de Cyril Hanouna [\u2026] le vendredi\u00a09, puis le lundi 16\u00a0juin entre 16\u00a0heures\u00a0et 18\u00a0heures. [Mais] l\u2019animateur officiait encore mardi 17\u00a0juin sur la tranche de Cyril Hanouna\u00a0\u00bb.<\/p>\n<p>Pourquoi Cyril Hanouna est-il absent d&rsquo;On marche sur la t\u00eate\u00a0?<\/p>\n<p>Sollicit\u00e9 par Mediapart, Cyril Hanouna a expliqu\u00e9 que Jean-Marc Morandini assure un simple remplacement. M\u00eame s&rsquo;il y a eu un instant de doute car, \u00ab\u00a0Jean-Marc Morandini a ouvert son \u00e9mission lundi en pr\u00e9cisant que son remplacement ne devait gu\u00e8re se prolonger au-del\u00e0 de l\u2019\u00e9mission du jour\u00a0&lsquo;puisque Cyril n\u2019est pas l\u00e0 exceptionnellement aujourd\u2019hui&rsquo;. En fin d\u2019\u00e9mission, il a ensuite [\u2026] annonc\u00e9 son retour le lendemain \u00e0 l\u2019antenne.\u00a0&lsquo;On se retrouve demain, il para\u00eet, je l\u2019ai appris pendant l\u2019\u00e9mission&rsquo;, a-t-il dit en concluant le programme\u00a0\u00bb, pr\u00e9cisent nos confr\u00e8res. \u00c0 ces derniers, Cyril Hanouna a confi\u00e9\u00a0: \u00ab\u00a0J\u2019ai pr\u00e9venu samedi la direction que je ne serais pas l\u00e0 cette semaine pour des raisons personnelles. Je suis de retour la semaine prochaine pour ma derni\u00e8re semaine. Et \u00e0 ma connaissance, c\u2019est Pascal Praud qui r\u00e9cup\u00e8re ma case\u00a0\u00bb. En effet, comme le confirme TV Mag, \u00ab\u00a0Pascal Praud remplacera Cyril Hanouna entre 16h et 18h d\u00e8s la rentr\u00e9e. Reste \u00e0 savoir qui remplacera l\u2019animateur de CNews sur la tranche du 11h et 13h qu\u2019il portait jusqu\u2019alors\u00a0\u00bb.<\/p>\n<p>                        Quelles \u00e9missions Cyril Hanouna va-t-il animer \u00e0 la rentr\u00e9e\u00a0?<\/p>\n<p>Car comme le rappelle <a href=\"https:\/\/tvmag.lefigaro.fr\/programme-tv\/actu-tele\/hanouna-et-lapix-sur-m6-duhamel-sur-france-inter-praud-change-de-case-retour-sur-le-mercato-tele-et-radio-2025-20250617\" rel=\"nofollow noopener\" target=\"_blank\">TV Mag<\/a>, \u00ab\u00a0le groupe M6 anime le mercato cette ann\u00e9e. Tout d\u2019abord avec l\u2019arriv\u00e9e en grande pompe de Cyril Hanouna. <a href=\"https:\/\/www.programme-tv.net\/news\/tv\/381010-il-va-y-avoir-des-surprises-enormes-cyril-hanouna-precise-le-concept-de-sa-nouvelle-emission-tout-beau-tout-9-a-retrouver-sur-w9-a-la-rentree\/\" data-api-deeplink=\"teleloisirs:\/\/news\/381010\" rel=\"nofollow noopener\" target=\"_blank\">L\u2019animateur pr\u00e9sentera Tout beau tout 9 sur W9<\/a> d\u00e8s le 1er\u00a0septembre prochain en quotidienne de 18h \u00e0 21h\u00a0\u00bb. \u00ab\u00a0On ne va pas changer une formule qui marche, \u00e7a va ressembler \u00e9norm\u00e9ment \u00e0 ce que l\u2019on faisait avant, avec beaucoup de divertissements, de d\u00e9bats, de rigolade\u00a0\u00bb, a confi\u00e9 ce dernier sur Europe 1. Il promet une \u00ab\u00a0\u00e9mission de t\u00e9l\u00e9 un peu sitcom\u00a0\u00bb, avec \u00e0 ses c\u00f4t\u00e9s <a href=\"https:\/\/www.programme-tv.net\/biographie\/9864-benaim-valerie\/\" data-link-people=\"94df6d69-972b-4696-b537-3e0e6060c661\" rel=\"nofollow noopener\" target=\"_blank\">Val\u00e9rie Bena\u00efm<\/a>, <a href=\"https:\/\/www.programme-tv.net\/biographie\/75560-maillet-geraldine\/\" data-link-people=\"ed551d46-8ab0-4c95-99cb-6e679875e24c\" rel=\"nofollow noopener\" target=\"_blank\">G\u00e9raldine Maillet<\/a>, <a href=\"https:\/\/www.programme-tv.net\/biographie\/353826-aabou-raymond\/\" data-link-people=\"381d09a0-8e53-4bfa-a321-64592296fc0b\" rel=\"nofollow noopener\" target=\"_blank\">Raymond Aabou<\/a> et Olivier Dartigolles. L&rsquo;int\u00e9ress\u00e9 s&rsquo;est \u00e9galement vu confier Tout beau tout Fun sur Fun Radio, en quotidienne, l\u2019apr\u00e8s-midi. Mais pour l&rsquo;heure, il n&rsquo;a pas encore totalement dit au revoir \u00e0 On marche sur la t\u00eate.<\/p>\n","protected":false},"excerpt":{"rendered":"Mardi 17 juin 2025, Mediapart r\u00e9v\u00e8le que Cyril Hanouna sera de retour sur Europe 1 avant la fin&hellip;\n","protected":false},"author":2,"featured_media":185923,"comment_status":"","ping_status":"","sticky":false,"template":"","format":"standard","meta":{"footnotes":""},"categories":[1356],"tags":[244,1083,58,59,1473,1011,27,28917,252,1364,1630],"class_list":{"0":"post-185922","1":"post","2":"type-post","3":"status-publish","4":"format-standard","5":"has-post-thumbnail","7":"category-television","8":"tag-commentaire","9":"tag-cyril-hanouna","10":"tag-divertissement","11":"tag-entertainment","12":"tag-europe-1","13":"tag-fr","14":"tag-france","15":"tag-jean-marc-morandini","16":"tag-television","17":"tag-tv","18":"tag-zapping"},"share_on_mastodon":{"url":"https:\/\/pubeurope.com\/@fr\/114704552006765595","error":""},"_links":{"self":[{"href":"https:\/\/www.europesays.com\/fr\/wp-json\/wp\/v2\/posts\/185922","targetHints":{"allow":["GET"]}}],"collection":[{"href":"https:\/\/www.europesays.com\/fr\/wp-json\/wp\/v2\/posts"}],"about":[{"href":"https:\/\/www.europesays.com\/fr\/wp-json\/wp\/v2\/types\/post"}],"author":[{"embeddable":true,"href":"https:\/\/www.europesays.com\/fr\/wp-json\/wp\/v2\/users\/2"}],"replies":[{"embeddable":true,"href":"https:\/\/www.europesays.com\/fr\/wp-json\/wp\/v2\/comments?post=185922"}],"version-history":[{"count":0,"href":"https:\/\/www.europesays.com\/fr\/wp-json\/wp\/v2\/posts\/185922\/revisions"}],"wp:featuredmedia":[{"embeddable":true,"href":"https:\/\/www.europesays.com\/fr\/wp-json\/wp\/v2\/media\/185923"}],"wp:attachment":[{"href":"https:\/\/www.europesays.com\/fr\/wp-json\/wp\/v2\/media?parent=185922"}],"wp:term":[{"taxonomy":"category","embeddable":true,"href":"https:\/\/www.europesays.com\/fr\/wp-json\/wp\/v2\/categories?post=185922"},{"taxonomy":"post_tag","embeddable":true,"href":"https:\/\/www.europesays.com\/fr\/wp-json\/wp\/v2\/tags?post=185922"}],"curies":[{"name":"wp","href":"https:\/\/api.w.org\/{rel}","templated":true}]}}