{"id":185924,"date":"2025-06-18T13:15:11","date_gmt":"2025-06-18T13:15:11","guid":{"rendered":"https:\/\/www.europesays.com\/fr\/185924\/"},"modified":"2025-06-18T13:15:11","modified_gmt":"2025-06-18T13:15:11","slug":"sabrina-carpenter-pense-a-cette-nouvelle-regle-qui-va-faire-rager-les-fans-lors-de-ses-prochains-concerts","status":"publish","type":"post","link":"https:\/\/www.europesays.com\/fr\/185924\/","title":{"rendered":"Sabrina Carpenter pense \u00e0 cette nouvelle r\u00e8gle qui\u00a0va \u00ab\u00a0faire rager les fans\u00a0\u00bb lors de ses prochains concerts"},"content":{"rendered":"<p>        <img decoding=\"async\" loading=\"lazy\" src=\"https:\/\/www.europesays.com\/fr\/wp-content\/uploads\/2025\/06\/a6a9b18_sirius-fs-upload-1-6dsdz1csaa9d-1739292670517-gettyimages-2196805672.jpg\"  width=\"728\" height=\"410\" alt=\"Sabrina Carpenter va sortir un nouvel album intitul\u00e9 \u00ab\u00a0Man\u2019s Best Friend\u00a0\u00bb le 29\u00a0ao\u00fbt prochain.\"\/>  <\/p>\n<p>Gilbert Flores \/ Billboard via Getty Images<\/p>\n<p>Sabrina Carpenter va sortir un nouvel album intitul\u00e9 \u00ab\u00a0Man\u2019s Best Friend\u00a0\u00bb le 29\u00a0ao\u00fbt prochain.<\/p>\n<p class=\"asset asset-text\">MUSIQUE &#8211; Plus de t\u00e9l\u00e9phones en concert. C\u2019est une d\u00e9cision que pourrait imposer la chanteuse am\u00e9ricaine <a href=\"https:\/\/www.huffingtonpost.fr\/culture\/video\/la-couverture-de-l-album-man-s-best-friend-de-sabrina-carpenter-divise-ses-fans-sur-tiktok_251273.html\" target=\"_blank\" rel=\"noopener\">Sabrina Carpenter<\/a> \u00e0 ses fans. Elle s\u2019inspire elle-m\u00eame de sa propre exp\u00e9rience mais aussi des initiatives prises par d\u2019autres artistes comme <a href=\"https:\/\/www.huffingtonpost.fr\/culture\/video\/un-parfait-inconnu-avec-timothee-chalamet-n-est-pas-vraiment-un-biopic-sur-bob-dylan-pour-edward-norton-clx1_245302.html\" target=\"_blank\" rel=\"noopener\">Bob Dylan<\/a>, <a href=\"https:\/\/www.huffingtonpost.fr\/culture\/article\/la-chanson-million-years-ago-d-adele-est-interdite-mondialement-pour-plagiat-par-la-justice-bresilienne_243661.html\" target=\"_blank\" rel=\"noopener\">Adele<\/a> ou encore Alicia Keys. Si cette r\u00e8gle entre en vigueur, les fans devront trouver un autre moyen pour capturer leurs souvenirs.<\/p>\n<p class=\"asset asset-text\">L\u2019id\u00e9e d\u2019interdire les t\u00e9l\u00e9phones au sein de ses concerts n\u2019est pas venue \u00e0 Sabrina Carpenter par hasard. La jeune femme en a elle-m\u00eame fait l\u2019exp\u00e9rience, lors d\u2019un concert de Silk Sonic \u00e0 Las Vegas. \u00ab\u00a0Je suis all\u00e9e voir Silk Sonic \u00e0 Vegas et ils ont verrouill\u00e9 mon t\u00e9l\u00e9phone. Je n\u2019ai jamais v\u00e9cu une meilleure exp\u00e9rience lors d\u2019un concert. J\u2019ai vraiment eu l\u2019impression d\u2019\u00eatre de retour dans les ann\u00e9es soixante-dix &#8211; o\u00f9 je n\u2019\u00e9tais pas vivante\u00a0\u00bb, explique-t-elle aupr\u00e8s de <a href=\"https:\/\/www.rollingstone.com\/music\/music-features\/sabrina-carpenter-rolling-stone-cover-story-outtakes-1235353800\/\" target=\"_blank\" rel=\"noopener\" title=\"Nouvelle fen\u00eatre\">Rolling Stones<\/a>.<\/p>\n<p class=\"asset asset-text\">Pour l\u2019artiste am\u00e9ricaine, ne pas avoir de t\u00e9l\u00e9phone est le meilleur moyen pour profiter du concert auquel on assiste. \u00ab\u00a0Tout le monde chante, danse, se regarde et rit. C\u2019\u00e9tait vraiment, vraiment magnifique\u00a0\u00bb, d\u00e9clare-t-elle \u00e0 propos du concert de Silk Sonic. Elle ne peut ignorer que cette d\u00e9cision risque de \u00ab\u00a0faire rager les fans\u00a0\u00bb de ses concerts, \u00e0 une \u00e9poque o\u00f9 ils sont partout.<\/p>\n<p>    Un nouvel album d\u00e9j\u00e0 dans la pol\u00e9mique    <\/p>\n<p class=\"asset asset-text\">\u00ab\u00a0J\u2019ai grandi \u00e0 l\u2019\u00e9poque o\u00f9 les gens avaient des iPhones lors des spectacles. Malheureusement, cela me semble tout \u00e0 fait normal. Je ne peux pas reprocher aux gens de vouloir avoir des souvenirs\u00a0\u00bb, confie la chanteuse d\u2019Espresso. La restriction de t\u00e9l\u00e9phone serait adapt\u00e9e en fonction de la dur\u00e9e de sa tourn\u00e9e et de l\u2019\u00e2ge de son public.<\/p>\n<p class=\"asset asset-text\">Apr\u00e8s s\u2019\u00eatre produite \u00e0 l\u2019Accor Arena de Paris les 16\u00a0et 17\u00a0mars dernier, la chanteuse a annonc\u00e9 le 12\u00a0juin dernier la sortie de son nouvel album, Man\u2019s Best Friend. Ce dernier a imm\u00e9diatement fait parler de lui sur les r\u00e9seaux sociaux, en raison de sa couverture repr\u00e9sentant Sabrina Carpenter \u00e0 quatre pattes, un homme lui tirant les cheveux. Celles et ceux qui n\u2019arrivent pas vraiment \u00e0 comprendre le message de cette couverture attendent le 29\u00a0ao\u00fbt prochain, date de la sortie de l\u2019album pour y voir, peut-\u00eatre, un peu plus clair.<\/p>\n","protected":false},"excerpt":{"rendered":"Gilbert Flores \/ Billboard via Getty Images Sabrina Carpenter va sortir un nouvel album intitul\u00e9 \u00ab\u00a0Man\u2019s Best Friend\u00a0\u00bb&hellip;\n","protected":false},"author":2,"featured_media":185925,"comment_status":"","ping_status":"","sticky":false,"template":"","format":"standard","meta":{"footnotes":""},"categories":[1355],"tags":[2704,1697,251,58,59,1011,27,1361,873],"class_list":{"0":"post-185924","1":"post","2":"type-post","3":"status-publish","4":"format-standard","5":"has-post-thumbnail","7":"category-musique","8":"tag-chanteuse","9":"tag-concert","10":"tag-culture","11":"tag-divertissement","12":"tag-entertainment","13":"tag-fr","14":"tag-france","15":"tag-music","16":"tag-musique"},"share_on_mastodon":{"url":"https:\/\/pubeurope.com\/@fr\/114704556099067418","error":""},"_links":{"self":[{"href":"https:\/\/www.europesays.com\/fr\/wp-json\/wp\/v2\/posts\/185924","targetHints":{"allow":["GET"]}}],"collection":[{"href":"https:\/\/www.europesays.com\/fr\/wp-json\/wp\/v2\/posts"}],"about":[{"href":"https:\/\/www.europesays.com\/fr\/wp-json\/wp\/v2\/types\/post"}],"author":[{"embeddable":true,"href":"https:\/\/www.europesays.com\/fr\/wp-json\/wp\/v2\/users\/2"}],"replies":[{"embeddable":true,"href":"https:\/\/www.europesays.com\/fr\/wp-json\/wp\/v2\/comments?post=185924"}],"version-history":[{"count":0,"href":"https:\/\/www.europesays.com\/fr\/wp-json\/wp\/v2\/posts\/185924\/revisions"}],"wp:featuredmedia":[{"embeddable":true,"href":"https:\/\/www.europesays.com\/fr\/wp-json\/wp\/v2\/media\/185925"}],"wp:attachment":[{"href":"https:\/\/www.europesays.com\/fr\/wp-json\/wp\/v2\/media?parent=185924"}],"wp:term":[{"taxonomy":"category","embeddable":true,"href":"https:\/\/www.europesays.com\/fr\/wp-json\/wp\/v2\/categories?post=185924"},{"taxonomy":"post_tag","embeddable":true,"href":"https:\/\/www.europesays.com\/fr\/wp-json\/wp\/v2\/tags?post=185924"}],"curies":[{"name":"wp","href":"https:\/\/api.w.org\/{rel}","templated":true}]}}