{"id":185928,"date":"2025-06-18T13:17:10","date_gmt":"2025-06-18T13:17:10","guid":{"rendered":"https:\/\/www.europesays.com\/fr\/185928\/"},"modified":"2025-06-18T13:17:10","modified_gmt":"2025-06-18T13:17:10","slug":"combien-de-pistaches-peut-on-manger-par-jour-sans-grossir","status":"publish","type":"post","link":"https:\/\/www.europesays.com\/fr\/185928\/","title":{"rendered":"Combien de pistaches peut-on manger par jour sans grossir\u00a0?"},"content":{"rendered":"<p>\n                Le Dr Corinne Chicheportiche-Ayache nous explique quand et comment manger la pistache pour b\u00e9n\u00e9ficier de ses bienfaits sant\u00e9 sans prise de poids.            <\/p>\n<p>La pistache c&rsquo;est le fruit \u00e0 coque tendance en 2025. Elle ne se mange plus seulement \u00e0 l&rsquo;ap\u00e9ritif mais aussi en encas dans la matin\u00e9e ou l&rsquo;apr\u00e8s-midi pour combler un petit creux. Pour autant, si la pistache a de nombreuses vertus sant\u00e9, elle est aussi tr\u00e8s calorique : \u00ab\u00a0C&rsquo;est un\u00a0ol\u00e9agineux et \u00ab\u00a0ol\u00e9o\u00a0\u00bb veut dire\u00a0\u00ab\u00a0huile\u00a0\u00bb, c&rsquo;est donc un produit dont la quantit\u00e9 de\u00a0gras est importante et la\u00a0teneur calorique assez significative\u00a0\u00bb nous rappelle le m\u00e9decin nutritionniste Corinne Chicheportiche-Ayache. 100 grammes de pistaches concentrent ainsi\u00a0600 calories. De quoi freiner le nombre de poign\u00e9es&#8230;<\/p>\n<p>La pistache ne se mange donc pas \u00e0 volont\u00e9. Il faut utiliser ses qualit\u00e9s nutritionnelles (21% prot\u00e9ines v\u00e9g\u00e9tales,\u00a0gras insatur\u00e9s, vitamines B, C et E,\u00a0fibres) sans qu&rsquo;elle fasse grossir. \u00ab\u00a0On peut en manger quand on surveille son poids, rassure notre interlocutrice. De mani\u00e8re globale, les ol\u00e9agineux ne font pas grossir et la consommation de fruits \u00e0 coque comme la pistache n&rsquo;entra\u00eene ni prise de poids, ni augmentation du tour de taille,\u00a0ni hausse de l&rsquo;IMC si elle s&rsquo;inscrit dans une alimentation \u00e9quilibr\u00e9e et une activit\u00e9 physique correcte.\u00a0\u00bb Avant de souligner que \u00ab\u00a0les fibres de la pistache contribuent\u00a0\u00e0 la <a href=\"https:\/\/sante.journaldesfemmes.fr\/fiches-nutrition\/2585205-satiete-definition-indice-aliment\/\" title=\"Sati\u00e9t\u00e9\" rel=\"nofollow noopener\" target=\"_blank\">sati\u00e9t\u00e9<\/a>, soit le\u00a0signal pour dire qu&rsquo;on a suffisamment mang\u00e9\u00a0\u00bb. La pistache a donc un effet coupe-faim. \u00ab\u00a0La manger en collation est le moment id\u00e9al de la journ\u00e9e car elle va permettre de tenir jusqu&rsquo;au d\u00eener et de ne pas trop manger le soir.\u00a0\u00bb<\/p>\n<p>Pour le Dr Corinne Chicheportiche-Ayache, le mieux est d&rsquo;acheter des pistaches non d\u00e9cortiqu\u00e9es : \u00ab\u00a0Quand on doit les d\u00e9cortiquer, on prend plus de temps pour les manger et\u00a0on est plus conscient de\u00a0ce qu&rsquo;on fait. Et en visualisant les coques de pistaches vides, on visualise la quantit\u00e9 de ce qu&rsquo;on a mang\u00e9 et on g\u00e8re mieux les quantit\u00e9s.\u00a0\u00bb En pratique, on peut manger une poign\u00e9e de pistaches par jour \u00ab\u00a0soit 20 \u00e0 30 grammes ce qui correspond \u00e0 49 pistaches et \u00e0 160 calories\u00a0\u00bb indique la sp\u00e9cialiste.<\/p>\n<p>Il est conseill\u00e9 de privil\u00e9gier les r\u00e9f\u00e9rences sans sel notamment pour les personnes cardiaques, qui souffrent d&rsquo;insuffisance r\u00e9nale, ou d&rsquo;<a href=\"https:\/\/sante.journaldesfemmes.fr\/fiches-maladies\/2502134-hypertension-arterielle-definition-symptomes\/\" title=\"Hypertension art\u00e9rielle\" rel=\"nofollow noopener\" target=\"_blank\">hypertension<\/a> mal\u00a0\u00e9quilibr\u00e9e. \u00ab\u00a0Il existe une allergie crois\u00e9e avec les pistaches et l&rsquo;arachide et d&rsquo;autres\u00a0fruits \u00e0 coque donc il faut faire attention si on est dans ce cas. Il faut aussi manger des pistaches avec pr\u00e9caution quand on a des calculs d&rsquo;oxalate\u00a0\u00bb pr\u00e9vient notre interlocutrice. Enfin, attention avec la cr\u00e8me de pistache que l&rsquo;on voit dans les supermarch\u00e9s. \u00ab\u00a0Vous perdez toute la qualit\u00e9 initiale de la pistache sous cette forme.\u00a0\u00bb\u00a0Pour notre interlocutrice, si on veut se laisser tenter il faut privil\u00e9gier la cr\u00e8me de pistache brute, nature et sans sucres ajout\u00e9s, Et toujours avec mo-d\u00e9-ra-tion.<\/p>\n","protected":false},"excerpt":{"rendered":"Le Dr Corinne Chicheportiche-Ayache nous explique quand et comment manger la pistache pour b\u00e9n\u00e9ficier de ses bienfaits sant\u00e9&hellip;\n","protected":false},"author":2,"featured_media":170469,"comment_status":"","ping_status":"","sticky":false,"template":"","format":"standard","meta":{"footnotes":""},"categories":[10],"tags":[1011,27,72,71],"class_list":{"0":"post-185928","1":"post","2":"type-post","3":"status-publish","4":"format-standard","5":"has-post-thumbnail","7":"category-sante","8":"tag-fr","9":"tag-france","10":"tag-health","11":"tag-sante"},"share_on_mastodon":{"url":"https:\/\/pubeurope.com\/@fr\/114704563854627299","error":""},"_links":{"self":[{"href":"https:\/\/www.europesays.com\/fr\/wp-json\/wp\/v2\/posts\/185928","targetHints":{"allow":["GET"]}}],"collection":[{"href":"https:\/\/www.europesays.com\/fr\/wp-json\/wp\/v2\/posts"}],"about":[{"href":"https:\/\/www.europesays.com\/fr\/wp-json\/wp\/v2\/types\/post"}],"author":[{"embeddable":true,"href":"https:\/\/www.europesays.com\/fr\/wp-json\/wp\/v2\/users\/2"}],"replies":[{"embeddable":true,"href":"https:\/\/www.europesays.com\/fr\/wp-json\/wp\/v2\/comments?post=185928"}],"version-history":[{"count":0,"href":"https:\/\/www.europesays.com\/fr\/wp-json\/wp\/v2\/posts\/185928\/revisions"}],"wp:featuredmedia":[{"embeddable":true,"href":"https:\/\/www.europesays.com\/fr\/wp-json\/wp\/v2\/media\/170469"}],"wp:attachment":[{"href":"https:\/\/www.europesays.com\/fr\/wp-json\/wp\/v2\/media?parent=185928"}],"wp:term":[{"taxonomy":"category","embeddable":true,"href":"https:\/\/www.europesays.com\/fr\/wp-json\/wp\/v2\/categories?post=185928"},{"taxonomy":"post_tag","embeddable":true,"href":"https:\/\/www.europesays.com\/fr\/wp-json\/wp\/v2\/tags?post=185928"}],"curies":[{"name":"wp","href":"https:\/\/api.w.org\/{rel}","templated":true}]}}