{"id":185931,"date":"2025-06-18T13:19:10","date_gmt":"2025-06-18T13:19:10","guid":{"rendered":"https:\/\/www.europesays.com\/fr\/185931\/"},"modified":"2025-06-18T13:19:10","modified_gmt":"2025-06-18T13:19:10","slug":"sophia-aram-epinglee-par-les-journalistes-du-parisien-apres-une-chronique-sur-la-flottille-pour-gaza-liberation","status":"publish","type":"post","link":"https:\/\/www.europesays.com\/fr\/185931\/","title":{"rendered":"Sophia Aram \u00e9pingl\u00e9e par les journalistes du \u00abParisien\u00bb apr\u00e8s une chronique sur la Flottille pour Gaza \u2013 Lib\u00e9ration"},"content":{"rendered":"<p class=\"sc-ksZaOG ehjQrN text-element\">Un an de chroniques et un communiqu\u00e9 de la Soci\u00e9t\u00e9 des journalistes. La SDJ du Parisien-Aujourd\u2019hui en France a tr\u00e8s peu appr\u00e9ci\u00e9 le dernier texte <a href=\"https:\/\/www.liberation.fr\/portraits\/sophia-aram-sa-liberte-de-penser-20230820_JO57UHNMHFGJ5PBVAVNYG6XPEY\/\" target=\"_blank\" rel=\"noreferrer noopener\" title=\"https:\/\/www.liberation.fr\/portraits\/sophia-aram-sa-liberte-de-penser-20230820_JO57UHNMHFGJ5PBVAVNYG6XPEY\/\">de Sophia Aram<\/a>, paru le 15\u00a0juin dans le journal, au sujet de la situation \u00e0 Gaza. Les journalistes l\u2019accusent de \u00abracisme\u00bb, notamment envers la militante pro-palestinienne su\u00e9doise Greta Thunberg.<\/p>\n<p class=\"sc-ksZaOG ehjQrN text-element\">Dans un message diffus\u00e9 <a href=\"https:\/\/x.com\/sdj_Le_Parisien\/status\/1935041192632410248\/photo\/2\" target=\"_blank\" rel=\"noreferrer\" title=\"https:\/\/x.com\/sdj_Le_Parisien\/status\/1935041192632410248\/photo\/2\">mardi soir sur le r\u00e9seau social X,<\/a> la SDJ a point\u00e9 <a href=\"https:\/\/www.leparisien.fr\/international\/israel\/rima-hassan-greta-thunberg-et-la-flottille-pour-gaza-people-boat-15-06-2025-QCSL555HVNEUHOXMB76W4W6KHY.php\" target=\"_blank\" rel=\"noreferrer noopener\" title=\"https:\/\/www.leparisien.fr\/international\/israel\/rima-hassan-greta-thunberg-et-la-flottille-pour-gaza-people-boat-15-06-2025-QCSL555HVNEUHOXMB76W4W6KHY.php\">la chronique de Sophia Aram<\/a> parue sous le titre \u00abPeople boat\u00bb. Elle y raillait l\u2019\u00e9quip\u00e9e les jours pr\u00e9c\u00e9dents de douze militants pro-palestiniens \u00e0 bord d\u2019un voilier vers Gaza, dont l\u2019eurod\u00e9put\u00e9e LFI Rima Hassan et Greta Thunberg. \u00abOutre qu\u2019elle aborde la trag\u00e9die de Gaza avec une l\u00e9g\u00e8ret\u00e9 qui interroge, elle franchit, selon nous, au moins une ligne rouge, ce dont nous tenons \u00e0 nous d\u00e9solidariser formellement\u00bb, \u00e9crivent les journalistes.<\/p>\n<p class=\"sc-ksZaOG ehjQrN text-element\">La SDJ reproche \u00e0 Sophie Aram d\u2019avoir qualifi\u00e9 Greta Thunberg \u00abde \u201cMiss Krisprolls\u201d\u00bb et d\u2019avoir rebaptis\u00e9 l\u2019op\u00e9ration \u00abDes Wasa pour Gaza\u00bb, en r\u00e9f\u00e9rence \u00e0 deux marques su\u00e9doises de petits pains grill\u00e9s, renvoyant la militante \u00e0 ses origines. \u00abM\u00eame dans un trait d\u2019humour, il n\u2019est jamais tr\u00e8s inspir\u00e9 de ramener une personne \u00e0 son origine pour la discr\u00e9diter\u00bb, estime la SDJ.<\/p>\n<p class=\"sc-ksZaOG ehjQrN text-element\">\u00abImaginons un instant qu\u2019un auteur r\u00e9mun\u00e9r\u00e9 par le Parisien vienne \u00e0 surnommer un Mexicain dont il ne partage pas les vues \u201cMister Tacos\u201d, un Marocain \u201cMister Couscous\u201d ou une Espagnole \u201cMiss Paella\u201d\u2026 Le caract\u00e8re raciste des quolibets ne ferait plus aucun doute\u00bb, argumente la SDJ. \u00abLe racisme, qui est un d\u00e9lit, n\u2019est pas tol\u00e9rable dans le Parisien\u00bb, insiste-t-elle, en exhortant la direction de la r\u00e9daction \u00ab\u00e0 la plus grande vigilance\u00bb. La Soci\u00e9t\u00e9 des journalistes ne le pr\u00e9cise pas, mais dans sa chronique, Sophia Aram avait \u00e9galement surnomm\u00e9 l\u2019\u00e9lue insoumise <a href=\"https:\/\/www.liberation.fr\/international\/moyen-orient\/flotille-de-la-liberte-rima-hassan-de-retour-en-france-apres-un-vol-mouvemente-20250612_3CHUFJWWJZBOFMEL7ER63C6WO4\/\" target=\"_blank\" rel=\"noreferrer noopener\" title=\"https:\/\/www.liberation.fr\/international\/moyen-orient\/flotille-de-la-liberte-rima-hassan-de-retour-en-france-apres-un-vol-mouvemente-20250612_3CHUFJWWJZBOFMEL7ER63C6WO4\/\">Rima Hassan \u00abLady Gaza\u00bb,<\/a> la renvoyant \u00e0 ses origines palestiniennes.<\/p>\n<p class=\"sc-ksZaOG ehjQrN text-element\">Face au \u00abplan d\u2019\u00e9conomies\u00bb mis en \u0153uvre par la direction, qui pr\u00e9voit <a href=\"https:\/\/www.liberation.fr\/economie\/medias\/reorganisation-du-parisien-greve-de-24-heures-ce-vendredi-motion-de-defiance-contre-la-direction-20250306_I3DOLPEO6JA3DI7U2LIDYXHM3M\/\" target=\"_blank\" rel=\"noreferrer noopener\" title=\"https:\/\/www.liberation.fr\/economie\/medias\/reorganisation-du-parisien-greve-de-24-heures-ce-vendredi-motion-de-defiance-contre-la-direction-20250306_I3DOLPEO6JA3DI7U2LIDYXHM3M\/\">notamment la suppression de 40 postes,<\/a> la SDJ demande plut\u00f4t \u00abla suppression de ces chroniques dominicales\u00bb, dans lesquelles elle voit des \u00abr\u00e8glements de comptes\u00bb et des \u00abpartis pris id\u00e9ologiques doubl\u00e9s d\u2019obsessions personnelles\u00bb. Plus g\u00e9n\u00e9ralement, la SDJ juge que les lecteurs du journal \u00abont \u00e9t\u00e9 insuffisamment inform\u00e9s [\u2026] du drame qui se joue \u00e0 Gaza\u00bb.<\/p>\n<p class=\"sc-ksZaOG ehjQrN text-element\">Outre la chronique hebdomadaire qu\u2019elle tient depuis un an dans le Parisien-Aujourd\u2019hui en France, Sophia Aram signe un billet chaque semaine dans la matinale de la radio publique France Inter. Elle y brocarde r\u00e9guli\u00e8rement les prises de position de La France insoumise, et particuli\u00e8rement sur Gaza.<\/p>\n","protected":false},"excerpt":{"rendered":"Un an de chroniques et un communiqu\u00e9 de la Soci\u00e9t\u00e9 des journalistes. La SDJ du Parisien-Aujourd\u2019hui en France&hellip;\n","protected":false},"author":2,"featured_media":185932,"comment_status":"","ping_status":"","sticky":false,"template":"","format":"standard","meta":{"footnotes":""},"categories":[8],"tags":[58,59,1011,27,26418,3522,10162,15442],"class_list":{"0":"post-185931","1":"post","2":"type-post","3":"status-publish","4":"format-standard","5":"has-post-thumbnail","7":"category-divertissement","8":"tag-divertissement","9":"tag-entertainment","10":"tag-fr","11":"tag-france","12":"tag-greta-thunberg","13":"tag-guerre-hamas-israel","14":"tag-racisme","15":"tag-rima-hassan"},"share_on_mastodon":{"url":"https:\/\/pubeurope.com\/@fr\/114704572106839047","error":""},"_links":{"self":[{"href":"https:\/\/www.europesays.com\/fr\/wp-json\/wp\/v2\/posts\/185931","targetHints":{"allow":["GET"]}}],"collection":[{"href":"https:\/\/www.europesays.com\/fr\/wp-json\/wp\/v2\/posts"}],"about":[{"href":"https:\/\/www.europesays.com\/fr\/wp-json\/wp\/v2\/types\/post"}],"author":[{"embeddable":true,"href":"https:\/\/www.europesays.com\/fr\/wp-json\/wp\/v2\/users\/2"}],"replies":[{"embeddable":true,"href":"https:\/\/www.europesays.com\/fr\/wp-json\/wp\/v2\/comments?post=185931"}],"version-history":[{"count":0,"href":"https:\/\/www.europesays.com\/fr\/wp-json\/wp\/v2\/posts\/185931\/revisions"}],"wp:featuredmedia":[{"embeddable":true,"href":"https:\/\/www.europesays.com\/fr\/wp-json\/wp\/v2\/media\/185932"}],"wp:attachment":[{"href":"https:\/\/www.europesays.com\/fr\/wp-json\/wp\/v2\/media?parent=185931"}],"wp:term":[{"taxonomy":"category","embeddable":true,"href":"https:\/\/www.europesays.com\/fr\/wp-json\/wp\/v2\/categories?post=185931"},{"taxonomy":"post_tag","embeddable":true,"href":"https:\/\/www.europesays.com\/fr\/wp-json\/wp\/v2\/tags?post=185931"}],"curies":[{"name":"wp","href":"https:\/\/api.w.org\/{rel}","templated":true}]}}