{"id":185937,"date":"2025-06-18T13:22:09","date_gmt":"2025-06-18T13:22:09","guid":{"rendered":"https:\/\/www.europesays.com\/fr\/185937\/"},"modified":"2025-06-18T13:22:09","modified_gmt":"2025-06-18T13:22:09","slug":"israel-iran-tacle-a-trump-menaces-en-cas-dintervention-americaine-ce-quil-faut-retenir-du-discours-de-layatollah-khamenei","status":"publish","type":"post","link":"https:\/\/www.europesays.com\/fr\/185937\/","title":{"rendered":"Isra\u00ebl-Iran\u00a0: tacle \u00e0 Trump, menaces en cas d\u2019intervention am\u00e9ricaine\u2026 Ce qu\u2019il faut retenir du discours de l\u2019ayatollah Khamenei"},"content":{"rendered":"<p class=\"paragraph text_align_left lp-f-body-02\">Des d\u00e9clarations vindicatives, <a href=\"https:\/\/www.leparisien.fr\/international\/guerre-israel-iran-sites-cibles-commandant-tue-ce-que-lon-sait-de-cette-sixieme-nuit-de-frappes-18-06-2025-EZ7NRLLEXFCHPGAFGFM2CMKS3M.php\" target=\"_self\" rel=\"nofollow noopener\">au sixi\u00e8me jour<\/a> d\u2019une confrontation militaire <a href=\"https:\/\/www.leparisien.fr\/international\/iran\/\" target=\"_self\" rel=\"nofollow noopener\">entre l\u2019Iran<\/a> et Isra\u00ebl. Le guide supr\u00eame iranien, l\u2019ayatollah Ali Khamenei, a affirm\u00e9 ce mercredi, dans une d\u00e9claration lue \u00e0 la t\u00e9l\u00e9vision d\u2019\u00c9tat, que son pays ne se rendrait pas, alors qu\u2019une <a href=\"\" rel=\"\">confrontation militaire fait rage avec son ennemi jur\u00e9.<\/a><\/p>\n<p class=\"paragraph text_align_left lp-f-body-02\">Le guide supr\u00eame r\u00e9agissait aux menaces du pr\u00e9sident am\u00e9ricain Donald Trump, un alli\u00e9 d\u2019Isra\u00ebl, qui a appel\u00e9 mardi l\u2019Iran \u00ab \u00e0 capituler sans conditions \u00bb et affirm\u00e9 que les \u00c9tats-Unis pouvaient le tuer.<\/p>\n<p class=\"paragraph text_align_left lp-f-body-02\">\u00ab La nation iranienne s\u2019oppose fermement \u00e0 une guerre impos\u00e9e, tout comme elle s\u2019opposera fermement \u00e0 une paix impos\u00e9e. Cette nation ne se rendra jamais \u00e0 l\u2019imposition de qui que ce soit \u00bb, a affirm\u00e9 l\u2019ayatollah Khamenei. Il a \u00e9galement soulign\u00e9 que \u00ab ceux qui connaissent l\u2019histoire de l\u2019Iran savent que les Iraniens ne r\u00e9agissent pas bien aux menaces \u00bb.<\/p>\n<p class=\"paragraph text_align_left lp-f-body-02\">Ali Khamenei a \u00e9galement d\u00e9clar\u00e9 qu\u2019Isra\u00ebl a commis une \u00e9norme erreur et sera puni pour celle-ci. Il a affirm\u00e9 que \u00ab le peuple n\u2019oubliera pas le sang des martyrs ni l\u2019attaque contre son territoire \u00bb.<\/p>\n<p>Les propos \u00ab inacceptables \u00bb de Trump<\/p>\n<p class=\"paragraph text_align_left lp-f-body-02\">\u00ab Les Am\u00e9ricains doivent savoir que toute intervention militaire de leur part entra\u00eenera assur\u00e9ment des d\u00e9g\u00e2ts irr\u00e9parables \u00bb, a ajout\u00e9 le dirigeant au pouvoir depuis 1989, au lendemain de l\u2019appel de Donald Trump \u00e0 une \u00ab capitulation sans condition \u00bb de l\u2019Iran. L\u2019ayatollah a fustig\u00e9 les propos \u00ab inacceptables \u00bb du pr\u00e9sident am\u00e9ricain.<\/p>\n<p class=\"paragraph text_align_left lp-f-body-02\">\u00ab Dans une d\u00e9claration inacceptable, le pr\u00e9sident am\u00e9ricain a explicitement exhort\u00e9 les Iraniens \u00e0 se rendre \u00bb, a soulign\u00e9 l\u2019ayatollah Khamenei, ajoutant : \u00ab les menaces n\u2019influeront pas sur le comportement (\u2026) de la nation iranienne \u00bb.<\/p>\n<p class=\"paragraph text_align_left lp-f-body-02\">Les \u00c9tats-Unis, alli\u00e9s ind\u00e9fectibles d\u2019Isra\u00ebl, \u00ab savent exactement o\u00f9 se cache \u00bb Ali Khamenei, mais ne comptent pas le tuer, \u00ab pour le moment \u00bb, <a href=\"\" rel=\"\">avait aussi averti Donald Trump, sur son r\u00e9seau Truth Social.<\/a><\/p>\n<p class=\"paragraph text_align_left lp-f-body-02\">L\u2019intervention directe des \u00c9tats-Unis est une \u00e9ventualit\u00e9 qui alimente les sp\u00e9culations, alors que le pays d\u00e9tient notamment une puissante bombe anti-bunker \u00e0 m\u00eame de d\u00e9truire les sites iraniens nucl\u00e9aires profond\u00e9ment enfouis.<\/p>\n<p class=\"paragraph text_align_left lp-f-body-02\">L\u2019ayatollah Ali Khamenei s\u2019est peu exprim\u00e9 publiquement depuis le d\u00e9but du conflit vendredi. Il avait pris la parole lors d\u2019un discours t\u00e9l\u00e9vis\u00e9 au premier jour des hostilit\u00e9s.<\/p>\n<p>De nouvelles frappes<\/p>\n<p class=\"paragraph text_align_left lp-f-body-02\">Dans le m\u00eame temps, l\u2019Iran et Isra\u00ebl ont continu\u00e9 d\u2019\u00e9changer des frappes de missiles, l\u2019Agence internationale de l\u2019\u00e9nergie atomique (AIEA) annon\u00e7ant la destruction par Isra\u00ebl de deux b\u00e2timents o\u00f9 \u00ab \u00e9taient fabriqu\u00e9s des composants de centrifugeuses \u00bb, \u00e0 Karaj pr\u00e8s de T\u00e9h\u00e9ran.<\/p>\n<p class=\"paragraph text_align_left lp-f-body-02\">Affirmant disposer de renseignements prouvant que l\u2019Iran s\u2019approchait du \u00ab point de non-retour \u00bb vers la bombe atomique, Isra\u00ebl a lanc\u00e9 le 13 juin une attaque sans pr\u00e9c\u00e9dent contre son ennemi jur\u00e9, frappant des centaines de sites militaires et nucl\u00e9aires et tuant les plus hauts grad\u00e9s ainsi que des scientifiques du nucl\u00e9aire.<\/p>\n<p class=\"paragraph text_align_left lp-f-body-02\">L\u2019Iran, qui d\u00e9ment fabriquer l\u2019arme nucl\u00e9aire, a proclam\u00e9 son intention de riposter \u00e0 la \u00ab guerre \u00bb lanc\u00e9e par Isra\u00ebl, qu\u2019il a accus\u00e9 d\u2019avoir cherch\u00e9 \u00e0 torpiller les n\u00e9gociations sur le nucl\u00e9aire entre T\u00e9h\u00e9ran et Washington. Selon des responsables am\u00e9ricains, Donald Trump n\u2019a pas encore pris de d\u00e9cision et garde toutes les options sur la table.<\/p>\n<p class=\"paragraph text_align_left lp-f-body-02\">Depuis le d\u00e9but du conflit entre Isra\u00ebl et l\u2019Iran, 224 personnes ont \u00e9t\u00e9 tu\u00e9es en Iran, selon le dernier bilan du minist\u00e8re de la Sant\u00e9, et 24 en Isra\u00ebl, d\u2019apr\u00e8s le gouvernement.<\/p>\n<p class=\"paragraph text_align_left lp-f-body-02\">Ce mercredi avant l\u2019aube, \u00ab plus de 50 avions \u00bb de combat ont bombard\u00e9 \u00ab une installation de production de centrifugeuses \u00e0 T\u00e9h\u00e9ran \u00bb et \u00ab plusieurs sites de fabrication d\u2019armes dont des installations de production de mati\u00e8res premi\u00e8res et de composants utilis\u00e9s pour assembler des missiles sol-sol \u00bb, a indiqu\u00e9 l\u2019arm\u00e9e isra\u00e9lienne. Selon l\u2019AIEA, outre les deux b\u00e2timents de centrifugeuses d\u00e9truits, un \u00e9difice du Centre de recherche de T\u00e9h\u00e9ran, produisant \u00e9galement des pi\u00e8ces de ces machines, a \u00e9t\u00e9 touch\u00e9 par les frappes isra\u00e9liennes.<\/p>\n","protected":false},"excerpt":{"rendered":"Des d\u00e9clarations vindicatives, au sixi\u00e8me jour d\u2019une confrontation militaire entre l\u2019Iran et Isra\u00ebl. Le guide supr\u00eame iranien, l\u2019ayatollah&hellip;\n","protected":false},"author":2,"featured_media":185938,"comment_status":"","ping_status":"","sticky":false,"template":"","format":"standard","meta":{"footnotes":""},"categories":[5],"tags":[11,1011,27,14,3019,12,28],"class_list":{"0":"post-185937","1":"post","2":"type-post","3":"status-publish","4":"format-standard","5":"has-post-thumbnail","7":"category-international","8":"tag-actualites","9":"tag-fr","10":"tag-france","11":"tag-international","12":"tag-iran","13":"tag-news","14":"tag-world"},"share_on_mastodon":{"url":"https:\/\/pubeurope.com\/@fr\/114704583852108279","error":""},"_links":{"self":[{"href":"https:\/\/www.europesays.com\/fr\/wp-json\/wp\/v2\/posts\/185937","targetHints":{"allow":["GET"]}}],"collection":[{"href":"https:\/\/www.europesays.com\/fr\/wp-json\/wp\/v2\/posts"}],"about":[{"href":"https:\/\/www.europesays.com\/fr\/wp-json\/wp\/v2\/types\/post"}],"author":[{"embeddable":true,"href":"https:\/\/www.europesays.com\/fr\/wp-json\/wp\/v2\/users\/2"}],"replies":[{"embeddable":true,"href":"https:\/\/www.europesays.com\/fr\/wp-json\/wp\/v2\/comments?post=185937"}],"version-history":[{"count":0,"href":"https:\/\/www.europesays.com\/fr\/wp-json\/wp\/v2\/posts\/185937\/revisions"}],"wp:featuredmedia":[{"embeddable":true,"href":"https:\/\/www.europesays.com\/fr\/wp-json\/wp\/v2\/media\/185938"}],"wp:attachment":[{"href":"https:\/\/www.europesays.com\/fr\/wp-json\/wp\/v2\/media?parent=185937"}],"wp:term":[{"taxonomy":"category","embeddable":true,"href":"https:\/\/www.europesays.com\/fr\/wp-json\/wp\/v2\/categories?post=185937"},{"taxonomy":"post_tag","embeddable":true,"href":"https:\/\/www.europesays.com\/fr\/wp-json\/wp\/v2\/tags?post=185937"}],"curies":[{"name":"wp","href":"https:\/\/api.w.org\/{rel}","templated":true}]}}