{"id":185939,"date":"2025-06-18T13:23:13","date_gmt":"2025-06-18T13:23:13","guid":{"rendered":"https:\/\/www.europesays.com\/fr\/185939\/"},"modified":"2025-06-18T13:23:13","modified_gmt":"2025-06-18T13:23:13","slug":"lappel-du-18-juin-de-retailleau-le-ministre-de-linterieur-lance-une-chasse-aux-migrants-dans-les-gares-avec-4-000-policiers-et-gendarmes","status":"publish","type":"post","link":"https:\/\/www.europesays.com\/fr\/185939\/","title":{"rendered":"\u00ab\u00a0L\u2019appel du 18\u00a0juin de Retailleau&#8230;\u00a0\u00bb\u00a0Le ministre de l&rsquo;Int\u00e9rieur lance une chasse aux migrants dans les gares avec 4\u00a0000 policiers et gendarmes"},"content":{"rendered":"<p>La chasse aux migrants ordonn\u00e9s outre Atlantique par Donald Trump et <a href=\"https:\/\/www.humanite.fr\/monde\/donald-trump\/manifestation-contre-lice-pourquoi-donald-trump-transforme-los-angeles-en-ligne-de-front\" rel=\"nofollow noopener\" target=\"_blank\">les descentes de l\u2019ICE \u00e0 Los Angeles<\/a> auraient-elles donn\u00e9 des id\u00e9es \u00e0 <a href=\"https:\/\/www.humanite.fr\/politique\/bruno-retailleau\/victoire-de-retailleau-et-fin-du-wauquisme-on-debriefe-le-congres-tres-a-droite-des-republicains\" rel=\"nofollow noopener\" target=\"_blank\">Bruno Retailleau<\/a>\u00a0? Le ministre de l\u2019Int\u00e9rieur n\u2019a sans doute m\u00eame pas eu besoin d\u2019une telle inspiration pour mettre en branle une op\u00e9ration massive dans les gares et les bus ce mercredi 18\u00a0juin, qui doit se poursuivre jusqu\u2019\u00e0 jeudi. \u00ab\u00a0Dans ces 48\u00a0heures, on va mobiliser 4\u00a0000 gendarmes, des policiers, des douaniers, des forces Sentinelle (arm\u00e9e, NDLR) pour interpeller des clandestins\u00a0\u00bb, a annonc\u00e9 le Vend\u00e9en sur<a href=\"https:\/\/www.humanite.fr\/en-debat\/concentration-des-medias\/le-bollorisme-est-un-journalisme-de-guerre-culturelle-portrait-du-milliardaire-breton-devenu-magnat-des-medias-par-la-journaliste-marie-benilde\" rel=\"nofollow noopener\" target=\"_blank\"> les cha\u00eenes du groupe Bollor\u00e9<\/a> CNews et Europe 1.<\/p>\n<p>Comme ses <a href=\"https:\/\/www.humanite.fr\/societe\/bruno-retailleau\/naturalisation-bruno-retailleau-durcit-les-conditions-dacces-a-la-nationalite\" rel=\"nofollow noopener\" target=\"_blank\">pr\u00e9d\u00e9cesseurs, G\u00e9rald Darmanin<\/a>, et plus lointainement Nicolas Sarkozy, le locataire de la place Beauvau entend jouer \u00e0 fond la carte de la communication et s\u2019est donc rendu dans la foul\u00e9e gare du Nord \u00e0 Paris pour assister \u00e0 certains de ces contr\u00f4les, revendiquant avec fiert\u00e9 47\u00a0000 interpellations \u00ab\u00a0depuis le d\u00e9but de l\u2019ann\u00e9e\u00a0\u00bb.<\/p>\n<p>La politique du chiffre, conduite au d\u00e9triment des vies humaines en jeu, se retrouve aussi dans la note interne adress\u00e9e par le ministre aux pr\u00e9fets. Le patron des R\u00e9publicains c\u00e9l\u00e8bre dans ce document, consult\u00e9 par l\u2019AFP, une \u00ab\u00a0augmentation cons\u00e9quente d\u2019interception d\u2019ESI (\u00e9trangers en situation irr\u00e9guli\u00e8re, NDLR) ces derni\u00e8res semaines (+\u00a028\u00a0%)\u00a0\u00bb et une \u00ab\u00a0op\u00e9ration nationale de contr\u00f4le des flux\u00a0\u00bb ayant conduit \u00e0 plus de 750 arrestations en mai.<\/p>\n<p>\u00ab\u00a0Cela rappelle les heures sombres de notre pays\u00a0\u00bb<\/p>\n<p>Y est \u00e9galement d\u00e9taill\u00e9e l\u2019op\u00e9ration du jour qui doit notamment concerner \u00ab\u00a0des trains \u00e0 destination des pays voisins et des grandes m\u00e9tropoles fran\u00e7aises, en arriv\u00e9e comme en d\u00e9part\u00a0\u00bb. Si personne ne doutait de sa <a href=\"https:\/\/www.humanite.fr\/societe\/bruno-retailleau\/immigration-apres-les-regularisations-bruno-retailleau-sen-prend-a-la-naturalisation-dans-une-nouvelle-circulaire\" rel=\"nofollow noopener\" target=\"_blank\">course \u00e0 l\u2019\u00e9chalote avec l\u2019extr\u00eame droite sur le terrain de l\u2019immigration<\/a> rendue responsable de tous les maux, le ministre a tout de m\u00eame tenu \u00e0 pr\u00e9ciser ce  mercredi\u00a0<\/p>\n","protected":false},"excerpt":{"rendered":"La chasse aux migrants ordonn\u00e9s outre Atlantique par Donald Trump et les descentes de l\u2019ICE \u00e0 Los Angeles&hellip;\n","protected":false},"author":2,"featured_media":185940,"comment_status":"","ping_status":"","sticky":false,"template":"","format":"standard","meta":{"footnotes":""},"categories":[4],"tags":[11,1013,6429,1011,27,1061,32395,12,25],"class_list":{"0":"post-185939","1":"post","2":"type-post","3":"status-publish","4":"format-standard","5":"has-post-thumbnail","7":"category-france","8":"tag-actualites","9":"tag-bruno-retailleau","10":"tag-extru00eame-droite","11":"tag-fr","12":"tag-france","13":"tag-immigration","14":"tag-lr-les-ru00e9publicains","15":"tag-news","16":"tag-republique-francaise"},"share_on_mastodon":{"url":"https:\/\/pubeurope.com\/@fr\/114704587523237152","error":""},"_links":{"self":[{"href":"https:\/\/www.europesays.com\/fr\/wp-json\/wp\/v2\/posts\/185939","targetHints":{"allow":["GET"]}}],"collection":[{"href":"https:\/\/www.europesays.com\/fr\/wp-json\/wp\/v2\/posts"}],"about":[{"href":"https:\/\/www.europesays.com\/fr\/wp-json\/wp\/v2\/types\/post"}],"author":[{"embeddable":true,"href":"https:\/\/www.europesays.com\/fr\/wp-json\/wp\/v2\/users\/2"}],"replies":[{"embeddable":true,"href":"https:\/\/www.europesays.com\/fr\/wp-json\/wp\/v2\/comments?post=185939"}],"version-history":[{"count":0,"href":"https:\/\/www.europesays.com\/fr\/wp-json\/wp\/v2\/posts\/185939\/revisions"}],"wp:featuredmedia":[{"embeddable":true,"href":"https:\/\/www.europesays.com\/fr\/wp-json\/wp\/v2\/media\/185940"}],"wp:attachment":[{"href":"https:\/\/www.europesays.com\/fr\/wp-json\/wp\/v2\/media?parent=185939"}],"wp:term":[{"taxonomy":"category","embeddable":true,"href":"https:\/\/www.europesays.com\/fr\/wp-json\/wp\/v2\/categories?post=185939"},{"taxonomy":"post_tag","embeddable":true,"href":"https:\/\/www.europesays.com\/fr\/wp-json\/wp\/v2\/tags?post=185939"}],"curies":[{"name":"wp","href":"https:\/\/api.w.org\/{rel}","templated":true}]}}