{"id":185943,"date":"2025-06-18T13:25:19","date_gmt":"2025-06-18T13:25:19","guid":{"rendered":"https:\/\/www.europesays.com\/fr\/185943\/"},"modified":"2025-06-18T13:25:19","modified_gmt":"2025-06-18T13:25:19","slug":"des-parents-de-lecole-lamartine-lancent-une-petition","status":"publish","type":"post","link":"https:\/\/www.europesays.com\/fr\/185943\/","title":{"rendered":"des parents de l\u2019\u00e9cole Lamartine lancent une p\u00e9tition"},"content":{"rendered":"<p>Depuis d\u00e9but mai, un enseignant de CE2\/CM1 est en arr\u00eat \u00e0 l\u2019\u00e9cole primaire Lamartine. Une rempla\u00e7ante a \u00e9t\u00e9 envoy\u00e9e le premier jour. Le lendemain, il n\u2019y avait plus personne. Et il y a de fortes probabilit\u00e9s que l\u2019\u00c9ducation nationale n\u2019apporte aucune solution d\u2019ici la fin de l\u2019ann\u00e9e scolaire.<\/p>\n<p>Alors, les enseignants se sont organis\u00e9s pour se r\u00e9partir les 27 enfants concern\u00e9s dans six autres classes. R\u00e9sultat\u00a0: les classes de CM1\/CM2, qui comptaient d\u00e9j\u00e0 27 ou 28 \u00e9coliers, se retrouvent \u00e0 30 \u00e9l\u00e8ves et une classe de CE2\/CM1 atteint m\u00eame 31 enfants.<\/p>\n<p>Des&#8230;                <\/p>\n","protected":false},"excerpt":{"rendered":"Depuis d\u00e9but mai, un enseignant de CE2\/CM1 est en arr\u00eat \u00e0 l\u2019\u00e9cole primaire Lamartine. Une rempla\u00e7ante a \u00e9t\u00e9&hellip;\n","protected":false},"author":2,"featured_media":185944,"comment_status":"","ping_status":"","sticky":false,"template":"","format":"standard","meta":{"footnotes":""},"categories":[9653],"tags":[1111,11,2430,7539,1057,1777,674,1011,27,10425,12,25,9669,9670,4001],"class_list":{"0":"post-185943","1":"post","2":"type-post","3":"status-publish","4":"format-standard","5":"has-post-thumbnail","7":"category-saint-etienne","8":"tag-actu","9":"tag-actualites","10":"tag-auvergne-rhone-alpes","11":"tag-edition-loire-sud","12":"tag-education","13":"tag-eu","14":"tag-europe","15":"tag-fr","16":"tag-france","17":"tag-maternelle-elementaire","18":"tag-news","19":"tag-republique-francaise","20":"tag-saint-chamond","21":"tag-saint-chamond-ville","22":"tag-saint-etienne"},"share_on_mastodon":{"url":"https:\/\/pubeurope.com\/@fr\/114704595538401229","error":""},"_links":{"self":[{"href":"https:\/\/www.europesays.com\/fr\/wp-json\/wp\/v2\/posts\/185943","targetHints":{"allow":["GET"]}}],"collection":[{"href":"https:\/\/www.europesays.com\/fr\/wp-json\/wp\/v2\/posts"}],"about":[{"href":"https:\/\/www.europesays.com\/fr\/wp-json\/wp\/v2\/types\/post"}],"author":[{"embeddable":true,"href":"https:\/\/www.europesays.com\/fr\/wp-json\/wp\/v2\/users\/2"}],"replies":[{"embeddable":true,"href":"https:\/\/www.europesays.com\/fr\/wp-json\/wp\/v2\/comments?post=185943"}],"version-history":[{"count":0,"href":"https:\/\/www.europesays.com\/fr\/wp-json\/wp\/v2\/posts\/185943\/revisions"}],"wp:featuredmedia":[{"embeddable":true,"href":"https:\/\/www.europesays.com\/fr\/wp-json\/wp\/v2\/media\/185944"}],"wp:attachment":[{"href":"https:\/\/www.europesays.com\/fr\/wp-json\/wp\/v2\/media?parent=185943"}],"wp:term":[{"taxonomy":"category","embeddable":true,"href":"https:\/\/www.europesays.com\/fr\/wp-json\/wp\/v2\/categories?post=185943"},{"taxonomy":"post_tag","embeddable":true,"href":"https:\/\/www.europesays.com\/fr\/wp-json\/wp\/v2\/tags?post=185943"}],"curies":[{"name":"wp","href":"https:\/\/api.w.org\/{rel}","templated":true}]}}