{"id":185948,"date":"2025-06-18T13:28:12","date_gmt":"2025-06-18T13:28:12","guid":{"rendered":"https:\/\/www.europesays.com\/fr\/185948\/"},"modified":"2025-06-18T13:28:12","modified_gmt":"2025-06-18T13:28:12","slug":"bientot-une-velorue-quartier-rives-de-meurthe","status":"publish","type":"post","link":"https:\/\/www.europesays.com\/fr\/185948\/","title":{"rendered":"bient\u00f4t une v\u00e9lorue quartier Rives de Meurthe"},"content":{"rendered":"<p>Ce contenu est bloqu\u00e9 car vous n&rsquo;avez pas accept\u00e9 les cookies et autres traceurs.<\/p>\n<p>En cliquant sur \u00ab J\u2019accepte \u00bb, les cookies et autres traceurs seront d\u00e9pos\u00e9s et vous pourrez visualiser les contenus  (<a href=\"\" class=\"consentModule_policy\" target=\"_blank\" title=\"Consulter la politique de protection des donn\u00e9es du fournisseur\">plus d&rsquo;informations<\/a>).<\/p>\n<p>En cliquant sur \u00ab J\u2019accepte tous les cookies \u00bb, vous autorisez des d\u00e9p\u00f4ts de cookies et autres traceurs pour le stockage de vos donn\u00e9es sur nos sites et applications \u00e0 des fins de personnalisation et de ciblage publicitaire.<\/p>\n<p class=\"consentModule_secondaryText\">Vous gardez la possibilit\u00e9 de retirer votre consentement \u00e0 tout moment en consultant notre <a href=\"https:\/\/www.estrepublicain.fr\/protection-des-donnees\" target=\"_blank\" title=\"Consulter notre politique de protection des donn\u00e9es\" rel=\"noopener\">politique de protection des donn\u00e9es<\/a>. <br \/>&#13;<br \/>\n            <a href=\"https:\/\/www.estrepublicain.fr\/encadres\/2025\/06\/18\/javascript:Didomi.notice.show()\" class=\"consentModule_cmp\" target=\"_blank\" rel=\"noopener\">G\u00e9rer mes choix<\/a>&#13;\n        <\/p>\n<p>&#13;<br \/>\n                        J&rsquo;accepte&#13;<br \/>\n            J&rsquo;accepte tous les cookies&#13;\n        <\/p>\n<p>Pr\u00e9cis\u00e9ment, c\u2019est la rue de Newcastle, quasiment perpendiculaire aux boulevards de la Mothe et d\u2019Austrasie, qui sera am\u00e9nag\u00e9e en v\u00e9lorue.<\/p>\n<p>C\u2019est-\u00e0-dire qu\u2019elle \u00ab\u00a0continuera d\u2019accueillir les v\u00e9hicules motoris\u00e9s et les v\u00e9los, mais ce seront les cyclistes qui y seront prioritaires\u00a0\u00bb, a pr\u00e9cis\u00e9 Laurence Wieser, en \u00e9voquant notamment des \u00ab\u00a0marquages aux sol\u00a0\u00bb devant faire leur apparition.<\/p>\n<p>Dans une v\u00e9lorue, comme il en existe dans diverses villes, il n\u2019y a pas de piste cyclable sp\u00e9cifiquement trac\u00e9e sur le c\u00f4t\u00e9, mais les cyclistes (et trottinettes) ont la priorit\u00e9 sur l\u2019ensemble de la chauss\u00e9e, et les am\u00e9nagements doivent contraindre la vitesse des automobilistes qui y circulent.<\/p>\n<p>Le chantier de r\u00e9am\u00e9nagement du boulevard d\u2019Austrasie et de quelques rues environnantes (dont la rue de Newcastle donc) doit d\u00e9buter cet automne.<\/p>\n","protected":false},"excerpt":{"rendered":"Ce contenu est bloqu\u00e9 car vous n&rsquo;avez pas accept\u00e9 les cookies et autres traceurs. En cliquant sur \u00ab&hellip;\n","protected":false},"author":2,"featured_media":185949,"comment_status":"","ping_status":"","sticky":false,"template":"","format":"standard","meta":{"footnotes":""},"categories":[9635],"tags":[1111,11,3542,1704,1777,674,1011,27,775,1702,1703,12,25,2803],"class_list":{"0":"post-185948","1":"post","2":"type-post","3":"status-publish","4":"format-standard","5":"has-post-thumbnail","7":"category-nancy","8":"tag-actu","9":"tag-actualites","10":"tag-circulation","11":"tag-edition-nancy-et-agglomeration","12":"tag-eu","13":"tag-europe","14":"tag-fr","15":"tag-france","16":"tag-grand-est","17":"tag-nancy","18":"tag-nancy-ville-54b","19":"tag-news","20":"tag-republique-francaise","21":"tag-transport"},"share_on_mastodon":{"url":"https:\/\/pubeurope.com\/@fr\/114704607072899585","error":""},"_links":{"self":[{"href":"https:\/\/www.europesays.com\/fr\/wp-json\/wp\/v2\/posts\/185948","targetHints":{"allow":["GET"]}}],"collection":[{"href":"https:\/\/www.europesays.com\/fr\/wp-json\/wp\/v2\/posts"}],"about":[{"href":"https:\/\/www.europesays.com\/fr\/wp-json\/wp\/v2\/types\/post"}],"author":[{"embeddable":true,"href":"https:\/\/www.europesays.com\/fr\/wp-json\/wp\/v2\/users\/2"}],"replies":[{"embeddable":true,"href":"https:\/\/www.europesays.com\/fr\/wp-json\/wp\/v2\/comments?post=185948"}],"version-history":[{"count":0,"href":"https:\/\/www.europesays.com\/fr\/wp-json\/wp\/v2\/posts\/185948\/revisions"}],"wp:featuredmedia":[{"embeddable":true,"href":"https:\/\/www.europesays.com\/fr\/wp-json\/wp\/v2\/media\/185949"}],"wp:attachment":[{"href":"https:\/\/www.europesays.com\/fr\/wp-json\/wp\/v2\/media?parent=185948"}],"wp:term":[{"taxonomy":"category","embeddable":true,"href":"https:\/\/www.europesays.com\/fr\/wp-json\/wp\/v2\/categories?post=185948"},{"taxonomy":"post_tag","embeddable":true,"href":"https:\/\/www.europesays.com\/fr\/wp-json\/wp\/v2\/tags?post=185948"}],"curies":[{"name":"wp","href":"https:\/\/api.w.org\/{rel}","templated":true}]}}