{"id":185960,"date":"2025-06-18T13:34:17","date_gmt":"2025-06-18T13:34:17","guid":{"rendered":"https:\/\/www.europesays.com\/fr\/185960\/"},"modified":"2025-06-18T13:34:17","modified_gmt":"2025-06-18T13:34:17","slug":"fuite-de-carburant-sur-une-route-pres-de-rouen","status":"publish","type":"post","link":"https:\/\/www.europesays.com\/fr\/185960\/","title":{"rendered":"fuite de carburant sur une route pr\u00e8s de Rouen"},"content":{"rendered":"<p>            Par<br \/>\n        <strong><br \/>\n            <a href=\"https:\/\/actu.fr\/auteur\/eaube\" title=\"Consulter tous les articles de Elo\u00efse Aub\u00e9\" target=\"_blank\" rel=\"noopener\">Elo\u00efse Aub\u00e9<\/a><br \/>\n        <\/strong><\/p>\n<p>        Publi\u00e9 le<\/p>\n<p>            18 juin 2025 \u00e0 15h15        <\/p>\n<p>Depuis 14h20 ce mercredi 18\u00a0juin 2025, <strong>une importante fuite de carburant<\/strong> a lieu boulevard Stalingrad \u00e0 Grand-Quevilly pr\u00e8s de <a href=\"https:\/\/actu.fr\/normandie\/rouen_76540\" target=\"_blank\" rel=\"noopener\">Rouen<\/a> (Seine-Maritime).<\/p>\n<p class=\" wall-content\">Selon les premi\u00e8res informations transmises par le Sdis (Service D\u00e9partemental d\u2019Incendie et de Secours) , \u00ab\u2009le r\u00e9servoir de carburant d\u2019un poids lourd s\u2019est d\u00e9tach\u00e9 et se r\u00e9pand sur la voie publique\u2009\u00bb.<\/p>\n<p>Les pompiers sur place<\/p>\n<p class=\" wall-content\">Une dizaine de sapeurs-pompiers sont sur place pour <strong>tenter d\u2019endiguer la fuite<\/strong>. La police et les agents de la M\u00e9tropole de Rouen sont \u00e9galement sur les lieux.<\/p>\n<p class=\" wall-content\">Cet incident ne fait \u00e9tat d\u2019aucune victime selon un bilan provisoire d\u00e9livr\u00e9 par les sapeurs-pompiers.<\/p>\n<p>Suivez l\u2019actualit\u00e9 de Rouen sur notre <a href=\"https:\/\/www.whatsapp.com\/channel\/0029VaKfnf99hXF2ddApFB1D\" target=\"_blank\" rel=\"noopener\">cha\u00eene WhatsApp<\/a> et sur notre <a href=\"https:\/\/www.tiktok.com\/@76actu.fr?lang=fr\" target=\"_blank\" rel=\"noopener\">compte Tik Tok<\/a><\/p>\n<p class=\" wall-content\">Suivez toute l\u2019actualit\u00e9 de vos villes et m\u00e9dias favoris en vous inscrivant \u00e0 <a href=\"https:\/\/moncompte.actu.fr\" title=\"D\u00e9couvez Mon Actu\" rel=\"nofollow noopener\" data-trk=\"{&quot;cta&quot;:{&quot;action&quot;:&quot;https:\\\/\\\/moncompte.actu.fr&quot;,&quot;category&quot;:&quot;mon compte&quot;,&quot;from&quot;:&quot;article footer&quot;,&quot;name&quot;:&quot;Mon actu&quot;,&quot;type&quot;:&quot;cta&quot;}}\" target=\"_blank\">Mon Actu<\/a>.<\/p>\n<p>                    <script async src=\"\/\/www.tiktok.com\/embed.js\"><\/script><\/p>\n","protected":false},"excerpt":{"rendered":"Par Elo\u00efse Aub\u00e9 Publi\u00e9 le 18 juin 2025 \u00e0 15h15 Depuis 14h20 ce mercredi 18\u00a0juin 2025, une importante&hellip;\n","protected":false},"author":2,"featured_media":185961,"comment_status":"","ping_status":"","sticky":false,"template":"","format":"standard","meta":{"footnotes":""},"categories":[9587],"tags":[1111,11,4996,1777,674,118,1011,27,12,5161,1072,1311,25,9590],"class_list":{"0":"post-185960","1":"post","2":"type-post","3":"status-publish","4":"format-standard","5":"has-post-thumbnail","7":"category-rouen","8":"tag-actu","9":"tag-actualites","10":"tag-carburants","11":"tag-eu","12":"tag-europe","13":"tag-faits-divers","14":"tag-fr","15":"tag-france","16":"tag-news","17":"tag-normandie","18":"tag-police","19":"tag-pompiers","20":"tag-republique-francaise","21":"tag-rouen"},"share_on_mastodon":{"url":"https:\/\/pubeurope.com\/@fr\/114704630675126322","error":""},"_links":{"self":[{"href":"https:\/\/www.europesays.com\/fr\/wp-json\/wp\/v2\/posts\/185960","targetHints":{"allow":["GET"]}}],"collection":[{"href":"https:\/\/www.europesays.com\/fr\/wp-json\/wp\/v2\/posts"}],"about":[{"href":"https:\/\/www.europesays.com\/fr\/wp-json\/wp\/v2\/types\/post"}],"author":[{"embeddable":true,"href":"https:\/\/www.europesays.com\/fr\/wp-json\/wp\/v2\/users\/2"}],"replies":[{"embeddable":true,"href":"https:\/\/www.europesays.com\/fr\/wp-json\/wp\/v2\/comments?post=185960"}],"version-history":[{"count":0,"href":"https:\/\/www.europesays.com\/fr\/wp-json\/wp\/v2\/posts\/185960\/revisions"}],"wp:featuredmedia":[{"embeddable":true,"href":"https:\/\/www.europesays.com\/fr\/wp-json\/wp\/v2\/media\/185961"}],"wp:attachment":[{"href":"https:\/\/www.europesays.com\/fr\/wp-json\/wp\/v2\/media?parent=185960"}],"wp:term":[{"taxonomy":"category","embeddable":true,"href":"https:\/\/www.europesays.com\/fr\/wp-json\/wp\/v2\/categories?post=185960"},{"taxonomy":"post_tag","embeddable":true,"href":"https:\/\/www.europesays.com\/fr\/wp-json\/wp\/v2\/tags?post=185960"}],"curies":[{"name":"wp","href":"https:\/\/api.w.org\/{rel}","templated":true}]}}