{"id":185962,"date":"2025-06-18T13:35:14","date_gmt":"2025-06-18T13:35:14","guid":{"rendered":"https:\/\/www.europesays.com\/fr\/185962\/"},"modified":"2025-06-18T13:35:14","modified_gmt":"2025-06-18T13:35:14","slug":"grenoble-assurer-a-petit-prix-son-logement-cest-possible-voici-comment","status":"publish","type":"post","link":"https:\/\/www.europesays.com\/fr\/185962\/","title":{"rendered":"Grenoble. Assurer \u00e0 petit prix son logement, c&rsquo;est possible : voici comment"},"content":{"rendered":"<p>            Par<br \/>\n        <strong><br \/>\n            <a href=\"https:\/\/actu.fr\/auteur\/lisa-rodrigues\" title=\"Consulter tous les articles de Lisa Rodrigues\" target=\"_blank\" rel=\"noopener\">Lisa Rodrigues<\/a><br \/>\n        <\/strong><\/p>\n<p>        Publi\u00e9 le<\/p>\n<p>            18 juin 2025 \u00e0 15h02        <\/p>\n<p>C\u2019est \u00ab\u00a0la premi\u00e8re M\u00e9tropole de France \u00e0 d\u00e9ployer un dispositif sur l\u2019ensemble de ses 49 communes\u00a0\u00bb. <a href=\"https:\/\/actu.fr\/tag\/grenoble-alpes-metropole\" target=\"_blank\" rel=\"noopener\">Grenoble-Alpes M\u00e9tropole<\/a> a annonc\u00e9, mardi 17 juin, le lancement d\u2019une <strong>assurance habitation solidaire<\/strong> avec le groupe d\u2019assurance VYV.<br \/>En clair, la collectivit\u00e9 propose aux habitants <strong>d\u2019assurer \u00e0 petit prix leur logement<\/strong> pour couvrir les principaux risques (d\u00e9g\u00e2ts des eaux, vol, incendie\u2026) \u00ab\u00a0dans un contexte marqu\u00e9 par des tensions sur le pouvoir d\u2019achat et une forte pr\u00e9carit\u00e9 assurantielle\u00a0\u00bb. Pour en b\u00e9n\u00e9ficier, quelques <strong>crit\u00e8res<\/strong> sont \u00e0 respecter. Voici lesquels.<\/p>\n<p>Pour les locataires les plus modestes<\/p>\n<p class=\" wall-content\">Dans son communiqu\u00e9 pr\u00e9sentant le dispositif, Grenoble-Alpes M\u00e9tropole pr\u00e9cise que l\u2019assurance habitation solidaire est \u00ab\u00a0accessible aux locataires \u00e0 revenus mod\u00e9r\u00e9s<strong> des parcs priv\u00e9 et social<\/strong>\u00a0\u00bb du territoire.<\/p>\n<p class=\" wall-content\">Pour en b\u00e9n\u00e9ficier, c\u2019est donc sous conditions de ressources. Il faut ainsi un revenu fiscal de r\u00e9f\u00e9rence de 30 161 euros maximum pour une personne seule, ou de 58 477 euros pour un foyer de quatre personnes.\u00a0<\/p>\n<p class=\" wall-content\">Voici <strong>le bar\u00e8me<\/strong> <strong>des plafonds de ressources<\/strong> en d\u00e9tail :<\/p>\n<ul class=\" wall-content\">\n<li>1 personne seule : 30 161 \u20ac<\/li>\n<li>2 personnes : 40 279 \u20ac<\/li>\n<li>3 personnes : 48 437 \u20ac<\/li>\n<li>4 personnes : 58 477 \u20ac<\/li>\n<li>5 personnes : 68 790 \u20ac<\/li>\n<li>6 personnes : 77 527 \u20ac<\/li>\n<li>Par personne suppl\u00e9mentaire : + 8 648 \u20ac<\/li>\n<\/ul>\n<p class=\" wall-content\">Selon les estimations du Groupe VYV, <strong>entre 80 000 et 100 000 foyers<\/strong> grenoblois sont \u00e9ligibles.<\/p>\n<p>Des tarifs n\u00e9goci\u00e9s<\/p>\n<p class=\" wall-content\">C\u00f4t\u00e9 tarifs, ils ont \u00e9t\u00e9 n\u00e9goci\u00e9s par la collectivit\u00e9 pour permettre au maximum d\u2019habitants de s\u2019assurer, \u00ab\u00a0sans frais cach\u00e9s\u00a0\u00bb, assure la M\u00e9tropole. Le montant est calcul\u00e9 en fonction du type de logement \u2013 maison ou appartement \u2013 et du <strong>nombre de pi\u00e8ces<\/strong>.<\/p>\n<p class=\" wall-content\">Dans le d\u00e9tail, pour un appartement, il faut compter par mois entre <strong>13 euros TTC<\/strong> d\u2019assurance pour un logement une pi\u00e8ce, et 33,80 euros TTC pour un six pi\u00e8ces. Pour les maisons, les tarifs varient de 15,46 euros TTC \u00e0 <strong>39,04 euros TTC<\/strong>.<\/p>\n<p class=\" wall-content\">Dans ce contrat, il est \u00e9galement propos\u00e9 une <strong>franchise unique \u00e0 150 euros<\/strong>, ainsi qu\u2019un service d\u2019assistance joignable 24h\/24 et 7j\/7.\u00a0<\/p>\n<p>Comment souscrire ?<\/p>\n<p class=\" wall-content\">Si vous r\u00e9pondez aux crit\u00e8res, la souscription peut se faire par t\u00e9l\u00e9phone au 04 11 97 00 05, sur le <a href=\"https:\/\/vyv-conseil.fr\/nos-assurances\/assurance-habitation-grenoble-alpes-metropole\/\" target=\"_blank\" rel=\"noopener\">site internet<\/a> de l\u2019assureur ou dans l\u2019une des agences grenobloises de celui-ci.<\/p>\n<p class=\" wall-content\">La M\u00e9tropole insiste sur des \u00ab\u00a0<strong>d\u00e9marches simplifi\u00e9es<\/strong>\u00a0\u00bb pour souscrire \u00e0 ce contrat : aucun frais de dossier n\u2019est demand\u00e9, la r\u00e9siliation d\u2019un potentiel contrat actuel d\u2019assurance est faite par le Groupe VYV, comme l\u2019envoi automatique de la nouvelle attestation d\u2019assurance au bailleur.<\/p>\n<p>\u00ab\u00a0Une protection essentielle accessible\u00a0\u00bb<\/p>\n<p class=\" wall-content\">La M\u00e9tropole se f\u00e9licite dans un communiqu\u00e9 de \u00ab\u00a0cette initiative [qui] r\u00e9pond \u00e0 un <strong>enjeu majeur d\u2019acc\u00e8s \u00e0 l\u2019assurance<\/strong>\u00ab\u00a0, tout en reposant sur \u00ab\u00a0un mod\u00e8le \u00e9conomique sans but lucratif\u00a0\u00bb.<\/p>\n<blockquote class=\"ac-article-quote wall-content\">\n<p>Nous sommes pleinement engag\u00e9s dans la lutte contre le mal-logement, en<br \/>\nconstruisant des r\u00e9ponses pragmatiques, concr\u00e8tes, accessibles et durables. [&#8230;] Nous rendons aujourd&rsquo;hui une protection essentielle accessible \u00e0 toutes et tous.<\/p>\n<p>    <strong>Christophe Ferrari<\/strong><br \/>\n        Pr\u00e9sident de Grenoble-Alpes M\u00e9tropole    <\/p><\/blockquote>\n<p class=\" wall-content\">Grenoble-Alpes M\u00e9tropole rejoint ainsi d\u2019autres collectivit\u00e9s publiques, comme les villes de <a href=\"https:\/\/actu.fr\/ile-de-france\/paris_75056\/paris-lance-sa-propre-assurance-habitation-comment-en-profiter_56451792.html\" target=\"_blank\" rel=\"noopener\">Paris<\/a>, Tourcoing ou <a href=\"https:\/\/actu.fr\/hauts-de-france\/lille_59350\/a-lille-la-ville-lance-une-assurance-habitation-multi-risques-pour-les-locataires-a-revenus-modestes_62228172.html\" target=\"_blank\" rel=\"noopener\">Lille<\/a>, qui proposent des assurances habitation \u00e0 prix attractifs pour les habitants les plus pr\u00e9caires.<\/p>\n<p class=\" wall-content\">Suivez toute l\u2019actualit\u00e9 de vos villes et m\u00e9dias favoris en vous inscrivant \u00e0 <a href=\"https:\/\/moncompte.actu.fr\" title=\"D\u00e9couvez Mon Actu\" rel=\"nofollow noopener\" data-trk=\"{&quot;cta&quot;:{&quot;action&quot;:&quot;https:\\\/\\\/moncompte.actu.fr&quot;,&quot;category&quot;:&quot;mon compte&quot;,&quot;from&quot;:&quot;article footer&quot;,&quot;name&quot;:&quot;Mon actu&quot;,&quot;type&quot;:&quot;cta&quot;}}\" target=\"_blank\">Mon Actu<\/a>.<\/p>\n","protected":false},"excerpt":{"rendered":"Par Lisa Rodrigues Publi\u00e9 le 18 juin 2025 \u00e0 15h02 C\u2019est \u00ab\u00a0la premi\u00e8re M\u00e9tropole de France \u00e0 d\u00e9ployer&hellip;\n","protected":false},"author":2,"featured_media":185963,"comment_status":"","ping_status":"","sticky":false,"template":"","format":"standard","meta":{"footnotes":""},"categories":[9566],"tags":[1111,11,1117,2430,33,1777,674,1011,27,2731,19692,1908,12,25],"class_list":{"0":"post-185962","1":"post","2":"type-post","3":"status-publish","4":"format-standard","5":"has-post-thumbnail","7":"category-grenoble","8":"tag-actu","9":"tag-actualites","10":"tag-assurance","11":"tag-auvergne-rhone-alpes","12":"tag-economie","13":"tag-eu","14":"tag-europe","15":"tag-fr","16":"tag-france","17":"tag-grenoble","18":"tag-grenoble-alpes-metropole","19":"tag-logement","20":"tag-news","21":"tag-republique-francaise"},"share_on_mastodon":{"url":"https:\/\/pubeurope.com\/@fr\/114704634791579628","error":""},"_links":{"self":[{"href":"https:\/\/www.europesays.com\/fr\/wp-json\/wp\/v2\/posts\/185962","targetHints":{"allow":["GET"]}}],"collection":[{"href":"https:\/\/www.europesays.com\/fr\/wp-json\/wp\/v2\/posts"}],"about":[{"href":"https:\/\/www.europesays.com\/fr\/wp-json\/wp\/v2\/types\/post"}],"author":[{"embeddable":true,"href":"https:\/\/www.europesays.com\/fr\/wp-json\/wp\/v2\/users\/2"}],"replies":[{"embeddable":true,"href":"https:\/\/www.europesays.com\/fr\/wp-json\/wp\/v2\/comments?post=185962"}],"version-history":[{"count":0,"href":"https:\/\/www.europesays.com\/fr\/wp-json\/wp\/v2\/posts\/185962\/revisions"}],"wp:featuredmedia":[{"embeddable":true,"href":"https:\/\/www.europesays.com\/fr\/wp-json\/wp\/v2\/media\/185963"}],"wp:attachment":[{"href":"https:\/\/www.europesays.com\/fr\/wp-json\/wp\/v2\/media?parent=185962"}],"wp:term":[{"taxonomy":"category","embeddable":true,"href":"https:\/\/www.europesays.com\/fr\/wp-json\/wp\/v2\/categories?post=185962"},{"taxonomy":"post_tag","embeddable":true,"href":"https:\/\/www.europesays.com\/fr\/wp-json\/wp\/v2\/tags?post=185962"}],"curies":[{"name":"wp","href":"https:\/\/api.w.org\/{rel}","templated":true}]}}