{"id":185966,"date":"2025-06-18T13:37:09","date_gmt":"2025-06-18T13:37:09","guid":{"rendered":"https:\/\/www.europesays.com\/fr\/185966\/"},"modified":"2025-06-18T13:37:09","modified_gmt":"2025-06-18T13:37:09","slug":"cest-quoi-cette-soiree-qui-a-fait-pas-mal-de-bruit-dans-le-centre-ville-de-rennes","status":"publish","type":"post","link":"https:\/\/www.europesays.com\/fr\/185966\/","title":{"rendered":"c&rsquo;est quoi cette soir\u00e9e qui a fait pas mal de bruit dans le centre-ville de Rennes\u00a0?"},"content":{"rendered":"<p>            Par<br \/>\n        <strong><br \/>\n            <a href=\"https:\/\/actu.fr\/auteur\/redaction-rennes\" title=\"Consulter tous les articles de R\u00e9daction Rennes\" rel=\"nofollow noopener\" target=\"_blank\">R\u00e9daction Rennes<\/a><br \/>\n        <\/strong><\/p>\n<p>        Publi\u00e9 le<\/p>\n<p>            18 juin 2025 \u00e0 14h43        <\/p>\n<p>C\u2019\u00e9tait <strong>l\u2019\u00e9tonnement<\/strong> voire la <strong>consternation,<\/strong> mardi 17\u00a0juin 2025 dans la soir\u00e9e. En plein centre-ville de Rennes, <strong>une soir\u00e9e<\/strong> a visiblement fait <strong>un certain \u00ab\u2009vacarme\u2009\u00bb<\/strong> dans <strong>le quartier Bourg L\u2019\u00e9v\u00eaque<\/strong>.<\/p>\n<p class=\" wall-content\">Soir\u00e9e qui a fini par se terminer vers 1h, selon les habitants(es) qui se sont r\u00e9veill\u00e9s, ce matin du mercredi 18 juin 2025, avec les traits l\u00e9g\u00e8rement <strong>fatigu\u00e9s.<\/strong><\/p>\n<p>\u00ab\u00a0J\u2019ai fini par me faire une raison\u00a0\u00bb<\/p>\n<p class=\" wall-content\"><strong>\u00ab\u2009Je me suis demand\u00e9 ce que c\u2019\u00e9tait\u2009\u00bb,<\/strong> raconte Pierre, qui habite la tour des Horizons, \u00e0 Rennes.<\/p>\n<blockquote class=\"ac-article-quote wall-content\">\n<p>Le son a commenc\u00e9 \u00e0 \u00eatre tr\u00e8s costaud vers 19h30, \u00e7a r\u00e9sonnait vraiment dans tout le quartier.<\/p>\n<p>    <strong>Pierre<\/strong>\n            <\/p><\/blockquote>\n<p class=\" wall-content\">\u00ab\u2009Au d\u00e9part, \u00e7a m\u2019a d\u00e9rang\u00e9 puis au bout de deux heures, <strong>j\u2019ai fini par me faire une raison\u2009\u00bb,<\/strong> rit le jeune homme, qui habite la tour depuis quelques mois seulement.<\/p>\n<p>\u00ab\u2009Je commence \u00e0 devenir folle, je veux dormir\u2009\u00bb<\/p>\n<p class=\" wall-content\">Si Pierre prend plut\u00f4t les choses avec l\u00e9g\u00e8ret\u00e9, d\u2019autres riverains ont a contrario grinc\u00e9 des dents. \u00ab\u2009Franchement, c\u2019\u00e9tait le vacarme\u2009\u00bb, r\u00e2le Thomas, qui habite la tour A des Horizons.<\/p>\n<blockquote class=\"ac-article-quote wall-content\">\n<p>Quand je suis rentr\u00e9 chez moi vers 19h, j&rsquo;entendais de la musique, des gens parlaient fort dans le micro. Je pensais que \u00e7a venait de la dalle en bas des Horizons, que c&rsquo;\u00e9tait une petite animation de quartier. Je me suis ensuite absent\u00e9 pendant deux heures et l\u00e0, quand je suis rentr\u00e9, c&rsquo;\u00e9tait vraiment le bordel.<\/p>\n<p>    <strong>Thomas<\/strong>\n            <\/p><\/blockquote>\n<p class=\" wall-content\">\u00ab\u2009Un genre de<strong> punk m\u00e9tal<\/strong>\u2009\u00bb \u00e9tait diffus\u00e9, pr\u00e9cise Thomas, qui a eu \u00ab<strong>\u2009un petit espoir<\/strong> que le son cesse\u2009\u00bb quant au micro, les organisateurs(rices) annon\u00e7aient que \u00ab\u2009c\u2019\u00e9tait la derni\u00e8re musique\u2009\u00bb.<\/p>\n<p class=\" wall-content\">\u00ab\u2009Mais en fait, pas du tout, \u00e7\u2019a continu\u00e9 et je n\u2019en ai pas dormi. \u00c7a fait trois ans que j\u2019habite aux Horizons et c\u2019est<strong> la premi\u00e8re fois que j\u2019entends autant de bruit.<\/strong> Est-ce que le son \u00e9tait r\u00e9glementaire\u2009?\u2009\u00bb, s\u2019interroge le jeune homme.<\/p>\n<p class=\" wall-content\">Sur le groupe Facebook des habitants de la tour des Horizons, <strong>les commentaires<\/strong> se sont succ\u00e9d\u00e9\u2009: \u00ab\u2009Je commence \u00e0 devenir folle, je veux dormir\u2009\u00bb ou encore \u00ab\u2009c\u2019est tout de m\u00eame fou que la Ville, les autorit\u00e9s laissent cet \u00e9v\u00e9nement se d\u00e9rouler en toute impunit\u00e9\u2009\u00bb.<\/p>\n<p>\u00ab\u2009Comme si c\u2019\u00e9tait en bas de chez moi\u2009\u00bb<\/p>\n<p class=\" wall-content\">Le son se propageait d\u2019ailleurs <strong>pr\u00e8s du mail Fran\u00e7ois-Mitterrand,<\/strong> puisque Rapha\u00ebl, 29\u00a0ans a \u00e9galement mal dormi. \u00ab\u2009Comme <strong>il fait chaud<\/strong> en ce moment, je dors la fen\u00eatre ouverte\u2009\u00bb, raconte celui qui habite rue Coulabin.<\/p>\n<blockquote class=\"ac-article-quote wall-content\">\n<p>Vers minuit et jusqu&rsquo;\u00e0 une heure du matin, j&rsquo;ai entendu le concert comme si c&rsquo;\u00e9tait en bas de chez moi. Je n&rsquo;ai pas dormi de la nuit. Bon, je le conc\u00e8de, j&rsquo;ai le sommeil un peu l\u00e9ger mais quand m\u00eame.<\/p>\n<p>    <strong>Rapha\u00ebl<\/strong>\n            <\/p><\/blockquote>\n<p>Soir\u00e9e \u00ab\u2009M\u00e9gadef\u2009\u00bb<\/p>\n<p class=\" wall-content\"><strong>La soir\u00e9e<\/strong> en question \u00e9tait organis\u00e9e au<strong> 16, rue Papu,<\/strong> \u00e0 Rennes au sein de l\u2019association Bourg L\u2019\u00e9v\u00eaque.<\/p>\n<p>    <a href=\"https:\/\/www.google.com\/maps\/embed?pb=!3m2!1sfr!2sfr!4v1750242816581!5m2!1sfr!2sfr!6m8!1m7!1s9zxiTKoRiP-5Kr0iTkJfbw!2m2!1d48.11098541413525!2d-1.692112190747572!3f324.4380085536859!4f-3.3166246341019274!5f0.7820865974627469\" title=\"Ouvrie le lien\" rel=\"nofollow noopener\" target=\"_blank\">Cliquez ici pour visualiser le contenu<\/a><\/p>\n<p class=\" wall-content\">C\u2019\u00e9tait la Release Party 2 organis\u00e9e par M\u00e9gadef, elle r\u00e9unissait <strong>de 18h \u00e0 1h<\/strong> <strong>des artistes<\/strong> pour une s\u00e9rie de <strong>concerts<\/strong> avec Cardio, Felo Skurt, Digitus Impudicus, Tedaak, Shlag Division, Oc Alynn ;\u00a0un spectacle burlesque (Chambre 423 par Strass Belle) et des shows d\u2019horror drag.<\/p>\n<p class=\" wall-content\"><a href=\"https:\/\/www.instagram.com\/p\/DKIK_fZMiAb\/embed\" title=\"Ouvrir le lien sur Instagram\" rel=\"nofollow noopener\" target=\"_blank\">Visualiser le contenu sur Instagram<\/a><\/p>\n<p class=\" wall-content\">\u00ab Cette soir\u00e9e \u00e9tait organis\u00e9e pour la deuxi\u00e8me fois\u2009\u00bb, signale l\u2019association Bourg L\u2019\u00e9v\u00eaque, contact\u00e9e par la r\u00e9daction d\u2019<a href=\"https:\/\/actu.fr\/rennes\/\" rel=\"nofollow noopener\" target=\"_blank\">actu Rennes<\/a>. \u00ab\u2009Un concert avait \u00e9t\u00e9 r\u00e9alis\u00e9 l\u2019an dernier et les organisateurs ont voulu remettre \u00e7a.\u2009\u00bb L\u2019association indique par ailleurs avoir re\u00e7u \u00ab\u2009quelques mails\u2009\u00bb de personnes se plaignant du bruit.<\/p>\n<p class=\" wall-content\"><strong>\u00ab\u2009Oui, on sait, c\u2019est un mardi soir<\/strong> et \u00e7a n\u2019a aucun sens\u2009\u00bb, commentent les organisateurs(rices) sur leur compte Instagram, \u00ab\u2009mais nous, on est au RSA, on n\u2019a pas de travail, d\u00e9so pas d\u00e9so.\u2009\u00bb<\/p>\n<p class=\" wall-content\">Certains ne s\u2019en sont d\u2019ailleurs pas tant plaints que cela\u2009: \u00ab\u2009\u00c7a ne m\u2019a pas plus d\u00e9rang\u00e9 que \u00e7a, j\u2019ai l\u2019habitude\u2009\u00bb, sourit Val\u00e9rie, habitante, elle aussi, de la tour des Horizons.<\/p>\n<p class=\" wall-content\">Suivez toute l\u2019actualit\u00e9 de vos villes et m\u00e9dias favoris en vous inscrivant \u00e0 <a href=\"https:\/\/moncompte.actu.fr\" title=\"D\u00e9couvez Mon Actu\" rel=\"nofollow noopener\" data-trk=\"{&quot;cta&quot;:{&quot;action&quot;:&quot;https:\\\/\\\/moncompte.actu.fr&quot;,&quot;category&quot;:&quot;mon compte&quot;,&quot;from&quot;:&quot;article footer&quot;,&quot;name&quot;:&quot;Mon actu&quot;,&quot;type&quot;:&quot;cta&quot;}}\" target=\"_blank\">Mon Actu<\/a>.<\/p>\n<p>                    <script async src=\"\/\/www.instagram.com\/embed.js\"><\/script><\/p>\n","protected":false},"excerpt":{"rendered":"Par R\u00e9daction Rennes Publi\u00e9 le 18 juin 2025 \u00e0 14h43 C\u2019\u00e9tait l\u2019\u00e9tonnement voire la consternation, mardi 17\u00a0juin 2025&hellip;\n","protected":false},"author":2,"featured_media":185967,"comment_status":"","ping_status":"","sticky":false,"template":"","format":"standard","meta":{"footnotes":""},"categories":[2821],"tags":[1111,11,829,1697,1777,674,1011,27,1652,873,12,584,25],"class_list":{"0":"post-185966","1":"post","2":"type-post","3":"status-publish","4":"format-standard","5":"has-post-thumbnail","7":"category-rennes","8":"tag-actu","9":"tag-actualites","10":"tag-bretagne","11":"tag-concert","12":"tag-eu","13":"tag-europe","14":"tag-fr","15":"tag-france","16":"tag-loisirs-culture","17":"tag-musique","18":"tag-news","19":"tag-rennes","20":"tag-republique-francaise"},"share_on_mastodon":{"url":"https:\/\/pubeurope.com\/@fr\/114704642513255055","error":""},"_links":{"self":[{"href":"https:\/\/www.europesays.com\/fr\/wp-json\/wp\/v2\/posts\/185966","targetHints":{"allow":["GET"]}}],"collection":[{"href":"https:\/\/www.europesays.com\/fr\/wp-json\/wp\/v2\/posts"}],"about":[{"href":"https:\/\/www.europesays.com\/fr\/wp-json\/wp\/v2\/types\/post"}],"author":[{"embeddable":true,"href":"https:\/\/www.europesays.com\/fr\/wp-json\/wp\/v2\/users\/2"}],"replies":[{"embeddable":true,"href":"https:\/\/www.europesays.com\/fr\/wp-json\/wp\/v2\/comments?post=185966"}],"version-history":[{"count":0,"href":"https:\/\/www.europesays.com\/fr\/wp-json\/wp\/v2\/posts\/185966\/revisions"}],"wp:featuredmedia":[{"embeddable":true,"href":"https:\/\/www.europesays.com\/fr\/wp-json\/wp\/v2\/media\/185967"}],"wp:attachment":[{"href":"https:\/\/www.europesays.com\/fr\/wp-json\/wp\/v2\/media?parent=185966"}],"wp:term":[{"taxonomy":"category","embeddable":true,"href":"https:\/\/www.europesays.com\/fr\/wp-json\/wp\/v2\/categories?post=185966"},{"taxonomy":"post_tag","embeddable":true,"href":"https:\/\/www.europesays.com\/fr\/wp-json\/wp\/v2\/tags?post=185966"}],"curies":[{"name":"wp","href":"https:\/\/api.w.org\/{rel}","templated":true}]}}