{"id":185968,"date":"2025-06-18T13:38:14","date_gmt":"2025-06-18T13:38:14","guid":{"rendered":"https:\/\/www.europesays.com\/fr\/185968\/"},"modified":"2025-06-18T13:38:14","modified_gmt":"2025-06-18T13:38:14","slug":"un-homme-accuse-davoir-tue-son-codetenu-qui-souffrait-dincontinence-fecale","status":"publish","type":"post","link":"https:\/\/www.europesays.com\/fr\/185968\/","title":{"rendered":"Un homme accus\u00e9 d\u2019avoir tu\u00e9 son cod\u00e9tenu qui souffrait d\u2019incontinence f\u00e9cale"},"content":{"rendered":"<p>Le drame s\u2019est produit samedi apr\u00e8s-midi <a href=\"https:\/\/www.20minutes.fr\/dossier\/prison\" class=\"color-ultramarine c-link\" target=\"_blank\" rel=\"noopener\">au centre p\u00e9nitentiaire<\/a> de Rennes-Vezin. En ouvrant les portes d\u2019une cellule, les surveillants ont d\u00e9couvert le corps sans vie d\u2019un jeune homme de 25 ans. Suspect\u00e9 du crime, son cod\u00e9tenu de 26 ans a \u00e9t\u00e9 mis en examen pour \u00ab\u00a0meurtre aggrav\u00e9 par des actes de torture et de barbarie.\u00a0\u00bb <a href=\"https:\/\/www.leparisien.fr\/faits-divers\/a-rennes-un-homme-mis-en-examen-pour-le-meurtre-de-son-codetenu-souffrant-dincontinence-18-06-2025-44BJW2JSORB3JOTRPKZ6ADBC7U.php\" rel=\"nofollow noopener\" target=\"_blank\" class=\"color-ultramarine c-link\">Selon Le Parisien<\/a>, le meurtrier pr\u00e9sum\u00e9 ne pouvait plus supporter les odeurs de son cod\u00e9tenu, qui souffrait d\u2019incontinence f\u00e9cale, et l\u2019aurait frapp\u00e9 \u00e0 mort.<\/p>\n<\/p>\n<p>Contact\u00e9 par 20 Minutes, Eric Tox\u00e9, responsable local du syndicat Ufap Unsa Justice, confirme cette version des faits. \u00ab\u00a0Mais il n\u2019y avait pas eu d\u2019alerte ou de signaux laissant pr\u00e9tendre \u00e0 un passage \u00e0 l\u2019acte\u00a0\u00bb, indique-t-il. D\u00e9j\u00e0 condamn\u00e9 plusieurs fois, le suspect devait sortir de prison dans les prochaines semaines. Apr\u00e8s cette <a href=\"https:\/\/www.20minutes.fr\/dossier\/meurtre\" class=\"color-ultramarine c-link\" target=\"_blank\" rel=\"noopener\">agression mortelle<\/a>, il a \u00e9t\u00e9 transf\u00e9r\u00e9 \u00e0 la maison d\u2019arr\u00eat du\u00a0Mans o\u00f9 il a \u00e9t\u00e9 plac\u00e9 \u00e0 l\u2019isolement.<\/p>\n","protected":false},"excerpt":{"rendered":"Le drame s\u2019est produit samedi apr\u00e8s-midi au centre p\u00e9nitentiaire de Rennes-Vezin. En ouvrant les portes d\u2019une cellule, les&hellip;\n","protected":false},"author":2,"featured_media":185969,"comment_status":"","ping_status":"","sticky":false,"template":"","format":"standard","meta":{"footnotes":""},"categories":[2821],"tags":[1111,47,11,829,9625,17316,1777,674,118,7641,1011,27,848,777,12,806,584,25],"class_list":{"0":"post-185968","1":"post","2":"type-post","3":"status-publish","4":"format-standard","5":"has-post-thumbnail","7":"category-rennes","8":"tag-actu","9":"tag-actualite","10":"tag-actualites","11":"tag-bretagne","12":"tag-detenu","13":"tag-detenus","14":"tag-eu","15":"tag-europe","16":"tag-faits-divers","17":"tag-faits-divers-rennes","18":"tag-fr","19":"tag-france","20":"tag-ille-et-vilaine","21":"tag-meurtre","22":"tag-news","23":"tag-prison","24":"tag-rennes","25":"tag-republique-francaise"},"share_on_mastodon":{"url":"https:\/\/pubeurope.com\/@fr\/114704646451643542","error":""},"_links":{"self":[{"href":"https:\/\/www.europesays.com\/fr\/wp-json\/wp\/v2\/posts\/185968","targetHints":{"allow":["GET"]}}],"collection":[{"href":"https:\/\/www.europesays.com\/fr\/wp-json\/wp\/v2\/posts"}],"about":[{"href":"https:\/\/www.europesays.com\/fr\/wp-json\/wp\/v2\/types\/post"}],"author":[{"embeddable":true,"href":"https:\/\/www.europesays.com\/fr\/wp-json\/wp\/v2\/users\/2"}],"replies":[{"embeddable":true,"href":"https:\/\/www.europesays.com\/fr\/wp-json\/wp\/v2\/comments?post=185968"}],"version-history":[{"count":0,"href":"https:\/\/www.europesays.com\/fr\/wp-json\/wp\/v2\/posts\/185968\/revisions"}],"wp:featuredmedia":[{"embeddable":true,"href":"https:\/\/www.europesays.com\/fr\/wp-json\/wp\/v2\/media\/185969"}],"wp:attachment":[{"href":"https:\/\/www.europesays.com\/fr\/wp-json\/wp\/v2\/media?parent=185968"}],"wp:term":[{"taxonomy":"category","embeddable":true,"href":"https:\/\/www.europesays.com\/fr\/wp-json\/wp\/v2\/categories?post=185968"},{"taxonomy":"post_tag","embeddable":true,"href":"https:\/\/www.europesays.com\/fr\/wp-json\/wp\/v2\/tags?post=185968"}],"curies":[{"name":"wp","href":"https:\/\/api.w.org\/{rel}","templated":true}]}}