{"id":185972,"date":"2025-06-18T13:40:12","date_gmt":"2025-06-18T13:40:12","guid":{"rendered":"https:\/\/www.europesays.com\/fr\/185972\/"},"modified":"2025-06-18T13:40:12","modified_gmt":"2025-06-18T13:40:12","slug":"on-sait-ce-qui-va-remplacer-la-kulture-liconique-club-de-la-krutenau-a-strasbourg","status":"publish","type":"post","link":"https:\/\/www.europesays.com\/fr\/185972\/","title":{"rendered":"on sait ce qui va remplacer La Kulture, l&rsquo;iconique club de la Krutenau \u00e0 Strasbourg"},"content":{"rendered":"<p>            Par<br \/>\n        <strong><br \/>\n            <a href=\"https:\/\/actu.fr\/auteur\/ivan-capecchi\" title=\"Consulter tous les articles de Ivan CAPECCHI\" rel=\"nofollow noopener\" target=\"_blank\">Ivan CAPECCHI<\/a><br \/>\n        <\/strong><\/p>\n<p>        Publi\u00e9 le<\/p>\n<p>            18 juin 2025 \u00e0 15h08        <\/p>\n<p>Apr\u00e8s neuf ans d\u2019activit\u00e9, <strong>La Kulture<\/strong>, connu pour ses soir\u00e9es techno et son fumoir tellement exigu que vous aviez l\u2019impression de perdre des points de vie chaque minute que vous passiez \u00e0 l\u2019int\u00e9rieur, avait ferm\u00e9 en 2024.<\/p>\n<p class=\" wall-content\">Actu Strasbourg a pu s\u2019entretenir avec les repreneurs de ce lieu iconique de <a href=\"https:\/\/actu.fr\/grand-est\/strasbourg_67482\/c-est-tres-joli-a-strasbourg-les-habitants-de-la-krutenau-conquis-par-les-nouveaux-amenagements_61402987.html\" rel=\"nofollow noopener\" target=\"_blank\">la Krutenau<\/a>, qui s\u2019appellera d\u00e9sormais \u00ab<strong>\u2009Qult\u2009!\u2009<\/strong>\u00bb, clin d\u2019\u0153il au pass\u00e9, tout en \u00e9tant r\u00e9solument tourn\u00e9 vers l\u2019avenir.<\/p>\n<p>Caf\u00e9s de sp\u00e9cialit\u00e9, matcha, kombucha\u2026<\/p>\n<p class=\" wall-content\">Qult\u2009! sera un lieu hybride, \u00e0 la mani\u00e8re de ce qu\u2019avait pu \u00eatre La Kulture dans ses jeunes ann\u00e9es.<\/p>\n<p class=\" wall-content\">La journ\u00e9e, on y trouvera un <strong>caf\u00e9<\/strong>. \u00ab\u2009On proposera des <strong>caf\u00e9s de sp\u00e9cialit\u00e9<\/strong>, en partenariat avec le torr\u00e9facteur local Mokxa\u2009\u00bb, explique Quang, l\u2019un des associ\u00e9s de Qult\u2009!. En plus des traditionnels <strong>espressos<\/strong>, <strong>cappuccinos<\/strong>, et m\u00eame <strong>caf\u00e9s filtre<\/strong>, on retrouvera une gamme de <strong>matcha<\/strong>, de<strong> chai latte<\/strong>, de <strong>chocolat bio<\/strong>\u2026 ou encore de <strong>Kombucha<\/strong>, une boisson remise \u00e0 la mode depuis que <a href=\"https:\/\/actu.fr\/insolite\/sur-youtube-squeezie-associe-le-pere-fouettard-a-l-alsace-pourquoi-c-est-discutable_60399003.html\" rel=\"nofollow noopener\" target=\"_blank\">Squeezie<\/a> a sorti sa propre version, Ciao Kombucha.<\/p>\n<p>Espace de t\u00e9l\u00e9travail<\/p>\n<p class=\" wall-content\">Il y aura \u00e9galement une <strong>petite proposition en p\u00e2tisserie et en restauration<\/strong>, proposition qui reste \u00e0 d\u00e9finir. \u00ab\u2009J\u2019ai rencontr\u00e9 pas mal d\u2019ind\u00e9pendants qui font des <strong>madeleines<\/strong> ou des <strong>cakes<\/strong>\u2009\u00bb, glisse cependant le professionnel.<\/p>\n<p class=\" wall-content\">\u00ab\u2009C\u2019est un caf\u00e9 o\u00f9 l\u2019on pourra<strong> se poser pour travailler<\/strong>, j\u2019ai install\u00e9 \u00e9norm\u00e9ment de prises \u00e9lectriques\u2009\u00bb, ajoute enfin Quang pour cette partie.<\/p>\n<p>Ap\u00e9ro\u2009!<\/p>\n<p class=\" wall-content\">Ensuite, \u00e0 partir de 16\/17h, le lieu se transformera en <strong>bar \u00e0 cocktails pour l\u2019ap\u00e9ro<\/strong>. \u00ab\u2009Je suis associ\u00e9 avec Suleyman, g\u00e9rant du bar \u00e0 cocktails Le Douanier \u00e0 Strasbourg\u2009\u00bb, indique Quang, qui promet \u00ab\u2009une proposition tr\u00e8s sympa\u2009\u00bb.<\/p>\n<p class=\" wall-content\">Il y aura aussi une <strong>gamme de bi\u00e8res<\/strong> \u2013 \u00ab\u2009On travaillera avec des ind\u00e9pendants, pas des gros mastodontes comme <strong>Kronenbourg<\/strong> ou <strong>Heineken<\/strong>\u2009\u00bb, explique Quang \u2013 et de <strong>vins<\/strong>. \u00ab\u2009Nos Belles quilles, un revendeur de vins \u00e0 Strasbourg, fait partie du projet\u2009\u00bb, confie-t-il.<\/p>\n<p>Le g\u00e9rant de Kebs Baba fait partie des associ\u00e9s<\/p>\n<p class=\" wall-content\">\u00c0 ce moment de la journ\u00e9e, il sera \u00e9galement possible de grignoter un petit quelque chose (le fameux fumoir a d\u2019ailleurs \u00e9t\u00e9 reconverti en laboratoire de cuisine en ce sens).<\/p>\n<p class=\" wall-content\">\u00c0 noter que l\u2019un des associ\u00e9s de Qult\u2009! est Ozgur Ucmaz, g\u00e9rant du c\u00e9l\u00e8bre <a href=\"https:\/\/actu.fr\/grand-est\/strasbourg_67482\/kebs-baba-le-celebre-kebab-de-strasbourg-ouvre-un-nouveau-concept-a-la-krutenau_61622115.html\" rel=\"nofollow noopener\" target=\"_blank\">Kebs Baba<\/a>.<\/p>\n<p>Toujours une partie club, avec une programmation plus diversifi\u00e9e<\/p>\n<p class=\" wall-content\">Qult\u2009! conservera sa partie <strong>club en sous-sol<\/strong>. Mais \u00ab\u2009\u00e7a ne sera plus un club techno pur, j\u2019ai voulu diversifier la chose\u2009\u00bb, fait savoir Quang. Aussi, le <strong>jeudi<\/strong>, \u00ab\u2009on aura des <strong>petits concerts de groupes locaux<\/strong>\u2009\u00bb, le <strong>vendredi<\/strong>, \u00ab\u2009une <strong>proposition qui reste \u00e0 d\u00e9finir<\/strong> mais [qui pourrait mettre en avant] des sonorit\u00e9s londoniennes, garage\u2026\u2009\u00bb, et, le <strong>samedi<\/strong>, une <strong>ambiance <\/strong>\u00ab<strong>\u2009festive, bonne humeur<\/strong>\u2009\u00bb, avec potentiellement de la \u00ab\u2009disco house\u2009\u00bb, par exemple.<\/p>\n<p class=\" wall-content\">L\u00e0 encore, Quang a su s\u2019entourer puisque l\u2019un des associ\u00e9s n\u2019est autre que la personne derri\u00e8re <strong>Karmen Camina<\/strong>, bien que, on l\u2019a compris, la programmation s\u2019en distinguera largement.<\/p>\n<p>Des ateliers de c\u00e9ramique ou de broderie<\/p>\n<p class=\" wall-content\">Enfin, Qult\u2009! devrait proposer des <strong>ateliers de cr\u00e9ateurs<\/strong>, comme des <strong>ateliers de c\u00e9ramique ou de broderie<\/strong>, tant au rez-de-chauss\u00e9e que dans la partie sous-sol.<\/p>\n<p class=\" wall-content\">Quang promet \u00ab<strong>\u2009plein d\u2019autres surprises<\/strong>\u2009\u00bb, sans en d\u00e9voiler davantage pour le moment.<\/p>\n<p>Une ouverture en plusieurs phases<\/p>\n<p class=\" wall-content\">Le lieu ouvrira en plusieurs phases. \u00ab\u2009On esp\u00e8re pouvoir <strong>ouvrir la partie caf\u00e9 d\u00e8s la semaine prochaine<\/strong>, peut-\u00eatre lundi\u2009\u00bb, indique Quang.<\/p>\n<p class=\" wall-content\">\u00ab\u2009Pour la partie alcoolis\u00e9e, cela d\u00e9pendra de la pr\u00e9fecture. En tout cas, il y a encore un bon mois de <a href=\"https:\/\/actu.fr\/tag\/travaux\" rel=\"nofollow noopener\" target=\"_blank\">travaux<\/a> pour le club\u2009\u00bb, compl\u00e8te ce dernier.<\/p>\n<p>Qult\u2009!<br \/>9 Rue des Bateliers, Strasbourg<\/p>\n<p class=\" wall-content\">Suivez toute l\u2019actualit\u00e9 de vos villes et m\u00e9dias favoris en vous inscrivant \u00e0 <a href=\"https:\/\/moncompte.actu.fr\" title=\"D\u00e9couvez Mon Actu\" rel=\"nofollow noopener\" data-trk=\"{&quot;cta&quot;:{&quot;action&quot;:&quot;https:\\\/\\\/moncompte.actu.fr&quot;,&quot;category&quot;:&quot;mon compte&quot;,&quot;from&quot;:&quot;article footer&quot;,&quot;name&quot;:&quot;Mon actu&quot;,&quot;type&quot;:&quot;cta&quot;}}\" target=\"_blank\">Mon Actu<\/a>.<\/p>\n","protected":false},"excerpt":{"rendered":"Par Ivan CAPECCHI Publi\u00e9 le 18 juin 2025 \u00e0 15h08 Apr\u00e8s neuf ans d\u2019activit\u00e9, La Kulture, connu pour&hellip;\n","protected":false},"author":2,"featured_media":185973,"comment_status":"","ping_status":"","sticky":false,"template":"","format":"standard","meta":{"footnotes":""},"categories":[2820],"tags":[1111,11,1777,674,1011,27,775,1652,873,12,25,1340,640],"class_list":{"0":"post-185972","1":"post","2":"type-post","3":"status-publish","4":"format-standard","5":"has-post-thumbnail","7":"category-strasbourg","8":"tag-actu","9":"tag-actualites","10":"tag-eu","11":"tag-europe","12":"tag-fr","13":"tag-france","14":"tag-grand-est","15":"tag-loisirs-culture","16":"tag-musique","17":"tag-news","18":"tag-republique-francaise","19":"tag-restaurant","20":"tag-strasbourg"},"share_on_mastodon":{"url":"https:\/\/pubeurope.com\/@fr\/114704654284276316","error":""},"_links":{"self":[{"href":"https:\/\/www.europesays.com\/fr\/wp-json\/wp\/v2\/posts\/185972","targetHints":{"allow":["GET"]}}],"collection":[{"href":"https:\/\/www.europesays.com\/fr\/wp-json\/wp\/v2\/posts"}],"about":[{"href":"https:\/\/www.europesays.com\/fr\/wp-json\/wp\/v2\/types\/post"}],"author":[{"embeddable":true,"href":"https:\/\/www.europesays.com\/fr\/wp-json\/wp\/v2\/users\/2"}],"replies":[{"embeddable":true,"href":"https:\/\/www.europesays.com\/fr\/wp-json\/wp\/v2\/comments?post=185972"}],"version-history":[{"count":0,"href":"https:\/\/www.europesays.com\/fr\/wp-json\/wp\/v2\/posts\/185972\/revisions"}],"wp:featuredmedia":[{"embeddable":true,"href":"https:\/\/www.europesays.com\/fr\/wp-json\/wp\/v2\/media\/185973"}],"wp:attachment":[{"href":"https:\/\/www.europesays.com\/fr\/wp-json\/wp\/v2\/media?parent=185972"}],"wp:term":[{"taxonomy":"category","embeddable":true,"href":"https:\/\/www.europesays.com\/fr\/wp-json\/wp\/v2\/categories?post=185972"},{"taxonomy":"post_tag","embeddable":true,"href":"https:\/\/www.europesays.com\/fr\/wp-json\/wp\/v2\/tags?post=185972"}],"curies":[{"name":"wp","href":"https:\/\/api.w.org\/{rel}","templated":true}]}}