{"id":185974,"date":"2025-06-18T13:41:08","date_gmt":"2025-06-18T13:41:08","guid":{"rendered":"https:\/\/www.europesays.com\/fr\/185974\/"},"modified":"2025-06-18T13:41:08","modified_gmt":"2025-06-18T13:41:08","slug":"ce-restaurant-de-nice-est-dans-le-top-3-des-meilleures-adresses-sur-uber-eats-en-france","status":"publish","type":"post","link":"https:\/\/www.europesays.com\/fr\/185974\/","title":{"rendered":"Ce restaurant de Nice est dans le top 3 des meilleures adresses sur Uber Eats en France"},"content":{"rendered":"<p>            Par<br \/>\n        <strong><br \/>\n            <a href=\"https:\/\/actu.fr\/auteur\/ugo-maillard\" title=\"Consulter tous les articles de Ugo Maillard\" rel=\"nofollow noopener\" target=\"_blank\">Ugo Maillard<\/a><br \/>\n        <\/strong><\/p>\n<p>        Publi\u00e9 le<\/p>\n<p>            18 juin 2025 \u00e0 15h09        <\/p>\n<p>L\u2019occasion de d\u00e9couvrir une p\u00e9pite \u00e0 <a href=\"https:\/\/actu.fr\/nice\/\" rel=\"nofollow noopener\" target=\"_blank\">Nice<\/a>. La plateforme de livraison Uber Eats met en avant les trois <strong>restaurants les mieux not\u00e9s<\/strong> par ses clients. Sur la base d\u2019au moins 150 avis de clients et d\u2019au moins 350 commandes r\u00e9alis\u00e9es, la s\u00e9lection des meilleurs \u00e9tablissements en France a \u00e9t\u00e9 r\u00e9alis\u00e9e en ce mois de juin 2025. Parmi les adresses mises en avant par Uber Eats, on retrouve un restaurant situ\u00e9 dans les rues de Nice (<a href=\"https:\/\/actu.fr\/provence-alpes-cote-d-azur\/alpes-maritimes_06\" rel=\"nofollow noopener\" target=\"_blank\">Alpes-Maritimes<\/a>). Sur l\u2019application, il affiche une note client qui s\u2019\u00e9l\u00e8ve \u00e0 4,9\/5.<\/p>\n<p>Un restaurant de brunch pl\u00e9biscit\u00e9<\/p>\n<p class=\" wall-content\">En deuxi\u00e8me position du classement \u00e9tabli par Uber Eats, on retrouve <strong>Comme un dimanche<\/strong>. Ce restaurant sp\u00e9cialis\u00e9 dans les<strong> brunchs<\/strong> propose une large carte qui a su s\u00e9duire les habitants de Nice.<\/p>\n<p class=\" wall-content\"><a href=\"https:\/\/www.instagram.com\/p\/DKEZzWLMGbg\/embed\" title=\"Ouvrir le lien sur Instagram\" rel=\"nofollow noopener\" target=\"_blank\">Visualiser le contenu sur Instagram<\/a><\/p>\n<p class=\" wall-content\">Install\u00e9 au 10 rue Lascaris \u00e0 proximit\u00e9 du port, <a href=\"https:\/\/www.commeundimanche-nice.com\/?fbclid=PAZXh0bgNhZW0CMTEAAaeJy_kuxrZhtxhFEm5Hmn3pePF7lzncLUsUJgutMKwFdOM34UvKunrGri5D9w_aem_y5nQSliTUOyGEnWqvYTt-Q\" rel=\"nofollow noopener\" target=\"_blank\">l\u2019\u00e9tablissement<\/a> sert des options sucr\u00e9es et sal\u00e9es que l\u2019on ne retrouve nulle part ailleurs.<\/p>\n<p>    <a href=\"https:\/\/www.google.com\/maps\/embed?pb=!1m18!1m12!1m3!1d2884.517606710716!2d7.28244707653258!3d43.69979124941563!2m3!1f0!2f0!3f0!3m2!1i1024!2i768!4f13.1!3m3!1m2!1s0x12cddab85887abbf%3A0xf50a392e8fced4bd!2s10%20Rue%20Lascaris%2C%2006300%20Nice!5e0!3m2!1sfr!2sfr!4v1750243148645!5m2!1sfr!2sfr\" title=\"Ouvrie le lien\" rel=\"nofollow noopener\" target=\"_blank\">Cliquez ici pour visualiser le contenu<\/a><\/p>\n<p class=\" wall-content\">Parmi les plats phares le \u201cSunday Muffin\u201d, \u00ab\u2009un muffin toast\u00e9 avec du bacon fum\u00e9, cheddar, garni d\u2019un \u0153uf au plat, le tout accompagn\u00e9 d\u2019une sauce BBQ cor\u00e9enne ou son \u201cTiger Toast\u201d, une brioche perdue caram\u00e9lis\u00e9e couverte de p\u00e2te \u00e0 tartiner maison et le tout garni de cacahu\u00e8tes caram\u00e9lis\u00e9es\u2009\u00bb, d\u00e9crivent les \u00e9quipes d\u2019Uber Eats.<\/p>\n<p class=\" wall-content\">Si le restaurant est pl\u00e9biscit\u00e9 par les utilisateurs de la plateforme de livraison, il est \u00e9videmment possible de d\u00e9couvrir toutes les sp\u00e9cialit\u00e9s sur place du mercredi au dimanche de 10h30 \u00e0 15h30.<\/p>\n<p>Direction la Haute-Savoie et le Finist\u00e8re<\/p>\n<p class=\" wall-content\">Pour accompagner Comme un dimanche sur le podium, il faut prendre la direction des Alpes et plus pr\u00e9cis\u00e9ment de la Haute-Savoie. Avec la note limpide de 5\/5, l\u2019Instant R\u00e9tro, \u00e0 Bonneville, est le meilleur restaurant sur Uber Eats.<\/p>\n<blockquote class=\"ac-article-quote wall-content\">\n<p>Cette p\u00e9pite haut-savoyarde propose des bagels savoureusement nostalgiques dont les noms \u00e9voquent des ic\u00f4nes de la musique.<\/p>\n<p>    <strong>Uber Eats<\/strong>\n            <\/p><\/blockquote>\n<p class=\" wall-content\">Le podium est compl\u00e9t\u00e9 par POKAII \u00e0 Landerneau (Finist\u00e8re), avec la note de 4,8\/5.<\/p>\n<p class=\" wall-content\">Suivez toute l\u2019actualit\u00e9 de vos villes et m\u00e9dias favoris en vous inscrivant \u00e0 <a href=\"https:\/\/moncompte.actu.fr\" title=\"D\u00e9couvez Mon Actu\" rel=\"nofollow noopener\" data-trk=\"{&quot;cta&quot;:{&quot;action&quot;:&quot;https:\\\/\\\/moncompte.actu.fr&quot;,&quot;category&quot;:&quot;mon compte&quot;,&quot;from&quot;:&quot;article footer&quot;,&quot;name&quot;:&quot;Mon actu&quot;,&quot;type&quot;:&quot;cta&quot;}}\" target=\"_blank\">Mon Actu<\/a>.<\/p>\n<p>                    <script async src=\"\/\/www.instagram.com\/embed.js\"><\/script><\/p>\n","protected":false},"excerpt":{"rendered":"Par Ugo Maillard Publi\u00e9 le 18 juin 2025 \u00e0 15h09 L\u2019occasion de d\u00e9couvrir une p\u00e9pite \u00e0 Nice. La&hellip;\n","protected":false},"author":2,"featured_media":185975,"comment_status":"","ping_status":"","sticky":false,"template":"","format":"standard","meta":{"footnotes":""},"categories":[2819],"tags":[1111,11,1777,674,1011,27,1305,12,2401,882,25,1340],"class_list":{"0":"post-185974","1":"post","2":"type-post","3":"status-publish","4":"format-standard","5":"has-post-thumbnail","7":"category-nice","8":"tag-actu","9":"tag-actualites","10":"tag-eu","11":"tag-europe","12":"tag-fr","13":"tag-france","14":"tag-lifestyle","15":"tag-news","16":"tag-nice","17":"tag-provence-alpes-cote-dazur","18":"tag-republique-francaise","19":"tag-restaurant"},"share_on_mastodon":{"url":"https:\/\/pubeurope.com\/@fr\/114704658356661681","error":""},"_links":{"self":[{"href":"https:\/\/www.europesays.com\/fr\/wp-json\/wp\/v2\/posts\/185974","targetHints":{"allow":["GET"]}}],"collection":[{"href":"https:\/\/www.europesays.com\/fr\/wp-json\/wp\/v2\/posts"}],"about":[{"href":"https:\/\/www.europesays.com\/fr\/wp-json\/wp\/v2\/types\/post"}],"author":[{"embeddable":true,"href":"https:\/\/www.europesays.com\/fr\/wp-json\/wp\/v2\/users\/2"}],"replies":[{"embeddable":true,"href":"https:\/\/www.europesays.com\/fr\/wp-json\/wp\/v2\/comments?post=185974"}],"version-history":[{"count":0,"href":"https:\/\/www.europesays.com\/fr\/wp-json\/wp\/v2\/posts\/185974\/revisions"}],"wp:featuredmedia":[{"embeddable":true,"href":"https:\/\/www.europesays.com\/fr\/wp-json\/wp\/v2\/media\/185975"}],"wp:attachment":[{"href":"https:\/\/www.europesays.com\/fr\/wp-json\/wp\/v2\/media?parent=185974"}],"wp:term":[{"taxonomy":"category","embeddable":true,"href":"https:\/\/www.europesays.com\/fr\/wp-json\/wp\/v2\/categories?post=185974"},{"taxonomy":"post_tag","embeddable":true,"href":"https:\/\/www.europesays.com\/fr\/wp-json\/wp\/v2\/tags?post=185974"}],"curies":[{"name":"wp","href":"https:\/\/api.w.org\/{rel}","templated":true}]}}