{"id":185978,"date":"2025-06-18T13:45:10","date_gmt":"2025-06-18T13:45:10","guid":{"rendered":"https:\/\/www.europesays.com\/fr\/185978\/"},"modified":"2025-06-18T13:45:10","modified_gmt":"2025-06-18T13:45:10","slug":"les-parcs-et-jardins-restent-ouverts-le-soir-voici-les-heures-de-fermeture","status":"publish","type":"post","link":"https:\/\/www.europesays.com\/fr\/185978\/","title":{"rendered":"les parcs et jardins restent ouverts le soir, voici les heures de fermeture"},"content":{"rendered":"<p>            Par<br \/>\n        <strong><br \/>\n            <a href=\"https:\/\/actu.fr\/auteur\/tristan-mahe-actu-fr\" title=\"Consulter tous les articles de Tristan Mah\u00e9\" rel=\"nofollow noopener\" target=\"_blank\">Tristan Mah\u00e9<\/a><br \/>\n        <\/strong><\/p>\n<p>        Publi\u00e9 le<\/p>\n<p>            18 juin 2025 \u00e0 15h26        <\/p>\n<p>L\u2019agglom\u00e9ration nantaise va conna\u00eetre <a href=\"https:\/\/actu.fr\/pays-de-la-loire\/nantes_44109\/chaleur-a-nantes-faut-il-s-attendre-a-une-canicule-pour-la-fin-de-semaine_62784137.html\" rel=\"nofollow noopener\" target=\"_blank\">une vague de fortes chaleurs en cette fin de semaine<\/a>. La <a href=\"https:\/\/metropole.nantes.fr\/\" rel=\"nofollow noopener\" target=\"_blank\">Ville de Nantes<\/a> a donc annonc\u00e9 <strong>ouvrir en soir\u00e9e 19 parcs et jardins suppl\u00e9mentaires jusqu\u2019au 25\u00a0octobre<\/strong>, en plus des 98 espaces verts d\u00e9j\u00e0 accessibles 24h\/24 toute l\u2019ann\u00e9e.<\/p>\n<p class=\" wall-content\">\u00ab\u2009Cette ouverture \u00e9tendue permettra aux habitants de se rafra\u00eechir, alors que certains logements surchauffent tr\u00e8s vite\u2009\u00bb, explique la Ville dans un communiqu\u00e9 transmis \u00e0 <a href=\"https:\/\/actu.fr\/nantes\" rel=\"nofollow noopener\" target=\"_blank\">actu Nantes<\/a>.<\/p>\n<p class=\" wall-content\">On fait le point pour vous sur <strong>les parcs et jardins concern\u00e9s.<\/strong><\/p>\n<p>Les 7 parcs qui ferment \u00e0 21h30<\/p>\n<p class=\" wall-content\">\u2022 Jardin des Plantes (centre-ville)\u2009;<br \/>\u2022 cours Cambronne (centre-ville)\u2009;<br \/>\u2022 jardin de l\u2019\u00eele de Versailles (Hauts-Pav\u00e9s-Saint-F\u00e9lix)\u2009;<br \/>\u2022 parc Say (centre-ville)\u2009;<br \/>\u2022 parc des Capucins (Hauts-Pav\u00e9s \u2013 Saint-F\u00e9lix)\u2009;<br \/>\u2022 square Faustin H\u00e9lie (Hauts-Pav\u00e9s \u2013 Saint-F\u00e9lix)\u2009;<br \/>\u2022 square de l\u2019Amiral-Halgan (centre-ville).<\/p>\n<p>Vid\u00e9os : en ce moment sur ActuLes 12 parcs qui ferment entre 22h et 00h30<\/p>\n<p class=\" wall-content\">\u2022 Parc de Proc\u00e9 (Dervalli\u00e8res-Zola)\u2009;<br \/>\u2022 square le Petit Proc\u00e9 (Dervalli\u00e8res Zola)\u2009;<br \/>\u2022 parc des Oblates (Bellevue-Chantenay-Sainte-Anne)\u2009;<br \/>\u2022 parc de la Gaudini\u00e8re (Breil-Barberie)\u2009;<br \/>\u2022 parc floral de la Beaujoire (Nantes Erdre)\u2009;<br \/>\u2022 le Jardin Extraordinaire (Bellevue-Chantenay-Sainte-Anne)\u2009;<br \/>\u2022 parc de la No\u00e9-Mitrie (Malakoff \u2013 Saint-Donatien)\u2009;<br \/>\u2022 square Maurice-Schwob (Bellevue-Chantenay-Sainte-Anne)\u2009;<br \/>\u2022 parc du Grand-Blottereau (Doulon-Botti\u00e8re)\u2009;<br \/>\u2022 parc du Plessis-Tison (Nantes Erdre)\u2009;<br \/>\u2022 square Gaston-Michel (Breil Barberie)\u2009;<br \/>\u2022 square du Mus\u00e9um Louis-Bureau (centre-ville).<\/p>\n<p class=\" wall-content\">Suivez toute l\u2019actualit\u00e9 de vos villes et m\u00e9dias favoris en vous inscrivant \u00e0 <a href=\"https:\/\/moncompte.actu.fr\" title=\"D\u00e9couvez Mon Actu\" rel=\"nofollow noopener\" data-trk=\"{&quot;cta&quot;:{&quot;action&quot;:&quot;https:\\\/\\\/moncompte.actu.fr&quot;,&quot;category&quot;:&quot;mon compte&quot;,&quot;from&quot;:&quot;article footer&quot;,&quot;name&quot;:&quot;Mon actu&quot;,&quot;type&quot;:&quot;cta&quot;}}\" target=\"_blank\">Mon Actu<\/a>.<\/p>\n<ul class=\"ac-article-tag wall-content\">\n<li><a href=\"https:\/\/actu.fr\/tag\/canicule\" data-trk=\"{&quot;cta&quot;:{&quot;action&quot;:&quot;Canicule&quot;,&quot;category&quot;:&quot;tag&quot;,&quot;from&quot;:&quot;article footer&quot;,&quot;name&quot;:&quot;Canicule&quot;,&quot;type&quot;:&quot;cta&quot;}}\" rel=\"nofollow noopener\" target=\"_blank\">#Canicule<\/a><\/li>\n<li><a href=\"https:\/\/actu.fr\/tag\/vague-de-chaleur\" data-trk=\"{&quot;cta&quot;:{&quot;action&quot;:&quot;Vague de chaleur&quot;,&quot;category&quot;:&quot;tag&quot;,&quot;from&quot;:&quot;article footer&quot;,&quot;name&quot;:&quot;Vague de chaleur&quot;,&quot;type&quot;:&quot;cta&quot;}}\" rel=\"nofollow noopener\" target=\"_blank\">#Vague de chaleur<\/a><\/li>\n<\/ul>\n","protected":false},"excerpt":{"rendered":"Par Tristan Mah\u00e9 Publi\u00e9 le 18 juin 2025 \u00e0 15h26 L\u2019agglom\u00e9ration nantaise va conna\u00eetre une vague de fortes&hellip;\n","protected":false},"author":2,"featured_media":185979,"comment_status":"","ping_status":"","sticky":false,"template":"","format":"standard","meta":{"footnotes":""},"categories":[2818],"tags":[1111,11,6698,1777,674,1011,27,766,12,2636,25,104,15637],"class_list":{"0":"post-185978","1":"post","2":"type-post","3":"status-publish","4":"format-standard","5":"has-post-thumbnail","7":"category-nantes","8":"tag-actu","9":"tag-actualites","10":"tag-canicule","11":"tag-eu","12":"tag-europe","13":"tag-fr","14":"tag-france","15":"tag-nantes","16":"tag-news","17":"tag-pays-de-la-loire","18":"tag-republique-francaise","19":"tag-societe","20":"tag-vague-de-chaleur"},"share_on_mastodon":{"url":"https:\/\/pubeurope.com\/@fr\/114704674060336067","error":""},"_links":{"self":[{"href":"https:\/\/www.europesays.com\/fr\/wp-json\/wp\/v2\/posts\/185978","targetHints":{"allow":["GET"]}}],"collection":[{"href":"https:\/\/www.europesays.com\/fr\/wp-json\/wp\/v2\/posts"}],"about":[{"href":"https:\/\/www.europesays.com\/fr\/wp-json\/wp\/v2\/types\/post"}],"author":[{"embeddable":true,"href":"https:\/\/www.europesays.com\/fr\/wp-json\/wp\/v2\/users\/2"}],"replies":[{"embeddable":true,"href":"https:\/\/www.europesays.com\/fr\/wp-json\/wp\/v2\/comments?post=185978"}],"version-history":[{"count":0,"href":"https:\/\/www.europesays.com\/fr\/wp-json\/wp\/v2\/posts\/185978\/revisions"}],"wp:featuredmedia":[{"embeddable":true,"href":"https:\/\/www.europesays.com\/fr\/wp-json\/wp\/v2\/media\/185979"}],"wp:attachment":[{"href":"https:\/\/www.europesays.com\/fr\/wp-json\/wp\/v2\/media?parent=185978"}],"wp:term":[{"taxonomy":"category","embeddable":true,"href":"https:\/\/www.europesays.com\/fr\/wp-json\/wp\/v2\/categories?post=185978"},{"taxonomy":"post_tag","embeddable":true,"href":"https:\/\/www.europesays.com\/fr\/wp-json\/wp\/v2\/tags?post=185978"}],"curies":[{"name":"wp","href":"https:\/\/api.w.org\/{rel}","templated":true}]}}