{"id":185998,"date":"2025-06-18T13:55:10","date_gmt":"2025-06-18T13:55:10","guid":{"rendered":"https:\/\/www.europesays.com\/fr\/185998\/"},"modified":"2025-06-18T13:55:10","modified_gmt":"2025-06-18T13:55:10","slug":"rhone-cette-commune-au-nord-ouest-de-lyon-reperee-pour-le-tournage-dune-serie-tele","status":"publish","type":"post","link":"https:\/\/www.europesays.com\/fr\/185998\/","title":{"rendered":"Rh\u00f4ne. Cette commune au nord ouest de Lyon rep\u00e9r\u00e9e pour le tournage d\u2019une s\u00e9rie t\u00e9l\u00e9"},"content":{"rendered":"<p>Tarare, nouvelle star du petit \u00e9cran\u00a0? Selon les informations du Progr\u00e8s , la cit\u00e9 de la Mousseline pourrait prochainement \u00eatre lieu d\u2019accueil du tournage d\u2019une s\u00e9rie t\u00e9l\u00e9vis\u00e9e, pour l\u2019une des grandes cha\u00eenes de t\u00e9l\u00e9vision fran\u00e7aise. Les locaux de l\u2019ancienne Banque de France, rue \u00c9tienne-Dolet, auraient attir\u00e9 l\u2019attention de la bo\u00eete de production, dont une \u00e9quipe serait en ce moment \u00e0 Tarare en rep\u00e9rage. Pour l\u2019heure, le nom de la s\u00e9rie t\u00e9l\u00e9vis\u00e9e et son synopsis restent secrets. Mais on sait d\u2019ores et d\u00e9j\u00e0 que le tournage de la s\u00e9rie, s\u2019il a bien lieu, est pr\u00e9vu en septembre.<\/p>\n<p>&gt;\u00a0\u00c0 lire aussi\u00a0: <a href=\"https:\/\/www.leprogres.fr\/societe\/2024\/07\/10\/je-reviens-sur-les-lieux-de-mes-crimes-pierre-arditi-tourne-un-telefilm-dans-le-departement\" target=\"_blank\" rel=\"noopener\"> \u00ab\u00a0Je reviens sur les lieux de mes crimes\u00a0\u00bb\u00a0: Pierre Arditi en tournage dans le d\u00e9partement<\/a><\/p>\n<p>  Les derniers tournages dans le Rh\u00f4ne<\/p>\n<p>En mars dernier, l\u2019Est lyonnais a \u00e9t\u00e9 d\u00e9cor <a href=\"https:\/\/www.leprogres.fr\/social\/2025\/03\/18\/un-episode-de-la-serie-enquete-parallele-en-tournage-ce-mercredi-a-marennes\" target=\"_blank\" rel=\"noopener\">d\u2019un \u00e9pisode de la s\u00e9rie \u201cEnqu\u00eate parall\u00e8le\u201d<\/a> , dont le tournage a eu lieu \u00e0 Marennes. La commune d\u2019Ancy avait accueilli l\u2019\u00e9quipe du t\u00e9l\u00e9film Mort d\u2019un berger , avec Anny Duperey. En 2024, le com\u00e9dien Pierre Arditi \u00e9tait pass\u00e9 \u00e0 Saint-Julien-sur-Bibost pour le tournage du t\u00e9l\u00e9film Maudits.<\/p>\n<p>En 2021, la commune de Ranchal, dans les confins du d\u00e9partement, avait accueilli pendant de longues semaines les \u00e9quipes du film de Sylvie Audcoeur, Une M\u00e8re , avec Karin Viard.<\/p>\n","protected":false},"excerpt":{"rendered":"Tarare, nouvelle star du petit \u00e9cran\u00a0? Selon les informations du Progr\u00e8s , la cit\u00e9 de la Mousseline pourrait&hellip;\n","protected":false},"author":2,"featured_media":185999,"comment_status":"","ping_status":"","sticky":false,"template":"","format":"standard","meta":{"footnotes":""},"categories":[1889],"tags":[1111,11,2430,650,1687,3155,1777,674,1011,27,2428,12,25,4723,4724],"class_list":{"0":"post-185998","1":"post","2":"type-post","3":"status-publish","4":"format-standard","5":"has-post-thumbnail","7":"category-lyon","8":"tag-actu","9":"tag-actualites","10":"tag-auvergne-rhone-alpes","11":"tag-cinema","12":"tag-culture-loisirs","13":"tag-edition-tarare","14":"tag-eu","15":"tag-europe","16":"tag-fr","17":"tag-france","18":"tag-lyon","19":"tag-news","20":"tag-republique-francaise","21":"tag-tarare","22":"tag-tarare-ville"},"share_on_mastodon":{"url":"https:\/\/pubeurope.com\/@fr\/114704713235453762","error":""},"_links":{"self":[{"href":"https:\/\/www.europesays.com\/fr\/wp-json\/wp\/v2\/posts\/185998","targetHints":{"allow":["GET"]}}],"collection":[{"href":"https:\/\/www.europesays.com\/fr\/wp-json\/wp\/v2\/posts"}],"about":[{"href":"https:\/\/www.europesays.com\/fr\/wp-json\/wp\/v2\/types\/post"}],"author":[{"embeddable":true,"href":"https:\/\/www.europesays.com\/fr\/wp-json\/wp\/v2\/users\/2"}],"replies":[{"embeddable":true,"href":"https:\/\/www.europesays.com\/fr\/wp-json\/wp\/v2\/comments?post=185998"}],"version-history":[{"count":0,"href":"https:\/\/www.europesays.com\/fr\/wp-json\/wp\/v2\/posts\/185998\/revisions"}],"wp:featuredmedia":[{"embeddable":true,"href":"https:\/\/www.europesays.com\/fr\/wp-json\/wp\/v2\/media\/185999"}],"wp:attachment":[{"href":"https:\/\/www.europesays.com\/fr\/wp-json\/wp\/v2\/media?parent=185998"}],"wp:term":[{"taxonomy":"category","embeddable":true,"href":"https:\/\/www.europesays.com\/fr\/wp-json\/wp\/v2\/categories?post=185998"},{"taxonomy":"post_tag","embeddable":true,"href":"https:\/\/www.europesays.com\/fr\/wp-json\/wp\/v2\/tags?post=185998"}],"curies":[{"name":"wp","href":"https:\/\/api.w.org\/{rel}","templated":true}]}}