{"id":186020,"date":"2025-06-18T14:06:14","date_gmt":"2025-06-18T14:06:14","guid":{"rendered":"https:\/\/www.europesays.com\/fr\/186020\/"},"modified":"2025-06-18T14:06:14","modified_gmt":"2025-06-18T14:06:14","slug":"un-jeune-homme-de-20-ans-arrete-soupconne-davoir-pousse-des-adolescents-au-suicide-via-internet","status":"publish","type":"post","link":"https:\/\/www.europesays.com\/fr\/186020\/","title":{"rendered":"un jeune homme de 20 ans arr\u00eat\u00e9, soup\u00e7onn\u00e9 d&rsquo;avoir pouss\u00e9 des adolescents au suicide via internet"},"content":{"rendered":"<p class=\"intro \">Ce mercredi, un jeune homme de 20 ans a \u00e9t\u00e9 appr\u00e9hend\u00e9 \u00e0 Hambourg, en Allemagne, soup\u00e7onn\u00e9 d&rsquo;avoir manipul\u00e9 et menac\u00e9 des adolescents vuln\u00e9rables sur internet. L&rsquo;individu, un germano-iranien, les aurait forc\u00e9s \u00e0 s&rsquo;automutiler et \u00e0 se livrer \u00e0 des actes sexuels, ce qui a conduit au suicide de l&rsquo;un d&rsquo;entre eux.<\/p>\n<p>Les autorit\u00e9s allemandes ont annonc\u00e9 mercredi l&rsquo;arrestation d&rsquo;un germano-iranien soup\u00e7onn\u00e9 d&rsquo;avoir manipul\u00e9 et menac\u00e9 des adolescents vuln\u00e9rables sur internet, les for\u00e7ant \u00e0 s&rsquo;automutiler et \u00e0 se livrer \u00e0 des actes sexuels, ce qui a conduit au suicide de l&rsquo;un d&rsquo;entre eux.<\/p>\n<p>    La suite apr\u00e8s cette publicit\u00e9<\/p>\n<p>    La suite apr\u00e8s cette publicit\u00e9<\/p>\n<p>Le jeune homme de 20 ans a \u00e9t\u00e9 appr\u00e9hend\u00e9 \u00e0 Hambourg, en <a href=\"https:\/\/www.europe1.fr\/dossiers\/allemagne\" rel=\"nofollow noopener\" target=\"_blank\">Allemagne<\/a>, \u00ab\u00a0\u00e0 l&rsquo;issue d&rsquo;une enqu\u00eate approfondie men\u00e9e par une commission sp\u00e9ciale mise en place\u00a0\u00bb et son domicile a \u00e9t\u00e9 fouill\u00e9 par les forces de l&rsquo;ordre, ont annonc\u00e9 le parquet et la police de la ville hans\u00e9atique dans un communiqu\u00e9.<\/p>\n<p>Soup\u00e7onn\u00e9 \u00ab\u00a0de meurtre et de tentative de meurtre\u00a0\u00bb<\/p>\n<p>Il est soup\u00e7onn\u00e9 \u00ab\u00a0notamment de meurtre et de tentative de meurtre\u00a0\u00bb. Les enqu\u00eateurs ont identifi\u00e9 au total huit victimes, des enfants et des adolescents \u00e2g\u00e9s de 16 \u00e0 19 ans, que l&rsquo;accus\u00e9 aurait rendus \u00e9motionnellement d\u00e9pendants de lui entre 2021 et 2023, avant de les harceler.<\/p>\n<p>    La suite apr\u00e8s cette publicit\u00e9<\/p>\n<p>    La suite apr\u00e8s cette publicit\u00e9<\/p>\n<p>Il aurait pouss\u00e9 un adolescent de 13 ans au suicide. Ce dernier, vivant aux <a href=\"https:\/\/www.europe1.fr\/dossiers\/amerique\" rel=\"nofollow noopener\" target=\"_blank\">Etats-Unis<\/a>, s&rsquo;est pendu pendant un livestream diffus\u00e9 sur Internet. Une autre victime est une jeune fille vivant du <a href=\"https:\/\/www.europe1.fr\/dossiers\/canada\" rel=\"nofollow noopener\" target=\"_blank\">Canada<\/a>.<\/p>\n<p>\u00ab\u00a0Membre important\u00a0\u00bb du r\u00e9seau cybercriminel p\u00e9dophile \u00ab\u00a0764\u00a0\u00bb<\/p>\n<p>Le suspect est qualifi\u00e9 de \u00ab\u00a0membre important\u00a0\u00bb du r\u00e9seau cybercriminel p\u00e9dophile \u00ab\u00a0764\u00a0\u00bb, qui cible principalement des mineurs vuln\u00e9rables \u00e2g\u00e9s de 8 \u00e0 17 ans, notamment dans les communaut\u00e9s LGBTQ+, chez les minorit\u00e9s raciales et chez les personnes souffrant de troubles mentaux.<\/p>\n<p>    La suite apr\u00e8s cette publicit\u00e9<\/p>\n<p>    La suite apr\u00e8s cette publicit\u00e9<\/p>\n<p>Selon les autorit\u00e9s, les membres de ce groupe poussent leurs victimes, par pression psychologique, \u00e0 commettre des actes extr\u00eames contre elles-m\u00eames. Le suspect aurait ainsi contraint ses cibles \u00e0 se livrer \u00e0 des actes sexuels et \u00e0 s&rsquo;automutiler dans des chats en direct.<\/p>\n<p>Plus de 120 infractions reproch\u00e9es \u00e0 l&rsquo;accus\u00e9<\/p>\n<p>Il aurait film\u00e9 ces actes et menac\u00e9 de les diffuser largement afin de contraindre les victimes \u00e0 commettre des actes encore plus extr\u00eames. Plusieurs victimes ont commis des tentatives de suicide, selon l&rsquo;enqu\u00eate. Au total, plus de 120 infractions sont reproch\u00e9es \u00e0 l&rsquo;accus\u00e9.<\/p>\n<p>    La suite apr\u00e8s cette publicit\u00e9<\/p>\n<p>Selon les m\u00e9dias, c&rsquo;est le FBI am\u00e9ricain qui aurait d\u00e9clench\u00e9 l&rsquo;enqu\u00eate contre cet homme en transmettant une information aux autorit\u00e9s allemandes.<\/p>\n","protected":false},"excerpt":{"rendered":"Ce mercredi, un jeune homme de 20 ans a \u00e9t\u00e9 appr\u00e9hend\u00e9 \u00e0 Hambourg, en Allemagne, soup\u00e7onn\u00e9 d&rsquo;avoir manipul\u00e9&hellip;\n","protected":false},"author":2,"featured_media":186021,"comment_status":"","ping_status":"","sticky":false,"template":"","format":"standard","meta":{"footnotes":""},"categories":[1587],"tags":[11,672,1804,1805,1803,1777,674,1801,12,1802],"class_list":{"0":"post-186020","1":"post","2":"type-post","3":"status-publish","4":"format-standard","5":"has-post-thumbnail","7":"category-allemagne","8":"tag-actualites","9":"tag-allemagne","10":"tag-bundesrepublik-deutschland","11":"tag-de","12":"tag-deutschland","13":"tag-eu","14":"tag-europe","15":"tag-germany","16":"tag-news","17":"tag-republique-federale-dallemagne"},"share_on_mastodon":{"url":"https:\/\/pubeurope.com\/@fr\/114704756436649076","error":""},"_links":{"self":[{"href":"https:\/\/www.europesays.com\/fr\/wp-json\/wp\/v2\/posts\/186020","targetHints":{"allow":["GET"]}}],"collection":[{"href":"https:\/\/www.europesays.com\/fr\/wp-json\/wp\/v2\/posts"}],"about":[{"href":"https:\/\/www.europesays.com\/fr\/wp-json\/wp\/v2\/types\/post"}],"author":[{"embeddable":true,"href":"https:\/\/www.europesays.com\/fr\/wp-json\/wp\/v2\/users\/2"}],"replies":[{"embeddable":true,"href":"https:\/\/www.europesays.com\/fr\/wp-json\/wp\/v2\/comments?post=186020"}],"version-history":[{"count":0,"href":"https:\/\/www.europesays.com\/fr\/wp-json\/wp\/v2\/posts\/186020\/revisions"}],"wp:featuredmedia":[{"embeddable":true,"href":"https:\/\/www.europesays.com\/fr\/wp-json\/wp\/v2\/media\/186021"}],"wp:attachment":[{"href":"https:\/\/www.europesays.com\/fr\/wp-json\/wp\/v2\/media?parent=186020"}],"wp:term":[{"taxonomy":"category","embeddable":true,"href":"https:\/\/www.europesays.com\/fr\/wp-json\/wp\/v2\/categories?post=186020"},{"taxonomy":"post_tag","embeddable":true,"href":"https:\/\/www.europesays.com\/fr\/wp-json\/wp\/v2\/tags?post=186020"}],"curies":[{"name":"wp","href":"https:\/\/api.w.org\/{rel}","templated":true}]}}