{"id":186022,"date":"2025-06-18T14:07:33","date_gmt":"2025-06-18T14:07:33","guid":{"rendered":"https:\/\/www.europesays.com\/fr\/186022\/"},"modified":"2025-06-18T14:07:33","modified_gmt":"2025-06-18T14:07:33","slug":"william-leymergie-en-direct-sur-europe-1-il-recadre-jean-luc-lemoine-apres-une-blague-sur-sophie-davant","status":"publish","type":"post","link":"https:\/\/www.europesays.com\/fr\/186022\/","title":{"rendered":"William Leymergie : en direct sur Europe 1, il recadre Jean-Luc Lemoine apr\u00e8s une blague sur Sophie Davant"},"content":{"rendered":"<p>Invit\u00e9 dans Culture M\u00e9dias ce 18 juin sur Europe 1, William Leymergie n\u2019a pas cach\u00e9 son agacement lorsque Jean\u2011Luc Lemoine a \u00e9voqu\u00e9, avec humour, sa relation avec Sophie Davant. Une s\u00e9quence qui a l\u00e9g\u00e8rement tendu l\u2019atmosph\u00e8re.<\/p>\n<p>Figure phare du paysage audiovisuel fran\u00e7ais, William Leymergie est loin d\u2019avoir dit son dernier mot. S\u2019il a<strong> longtemps incarn\u00e9 les matins de France 2 avec <\/strong><strong>T\u00e9l\u00e9matin<\/strong>, qu\u2019il a pr\u00e9sent\u00e9 pendant plus de 30 ans, l\u2019animateur s\u2019est ensuite impos\u00e9 sur C8 avec William \u00e0 midi. Une \u00e9mission quotidienne \u00e0 mi-chemin entre magazine de soci\u00e9t\u00e9 et rendez-vous info qui a su f\u00e9d\u00e9rer un public fid\u00e8le. Mais en f\u00e9vrier dernier, C8 est supprim\u00e9. Une d\u00e9cision qui signe aussi <a href=\"https:\/\/www.voici.fr\/news-people\/william-leymergie-au-chomage-l-animateur-de-78-ans-va-t-il-enfin-prendre-sa-retraite-799987\" target=\"_blank\" rel=\"noopener\">l\u2019arr\u00eat de l\u2019\u00e9mission du journaliste<\/a>. Loin de raccrocher,<a href=\"https:\/\/www.voici.fr\/tele\/william-leymergie-deja-de-retour-a-la-television-ce-projet-qui-attendrait-le-compagnon-de-sophie-davant-800697\" target=\"_blank\" rel=\"noopener\"> le journaliste de 78 ans revient aussit\u00f4t avec un nouveau projet<\/a>, l&rsquo;\u00e9mission Balades en France, diffus\u00e9e sur Europe 1.<\/p>\n<p>Jean-Luc Lemoine taquine William Leymergie sur sa relation avec Sophie Davant<\/p>\n<p>Ce mardi 18 juin, William Leymergie \u00e9tait l\u2019invit\u00e9 de l\u2019\u00e9mission Culture M\u00e9dias sur Europe 1 pour \u00e9voquer son retour \u00e0 l\u2019antenne. Mais alors que tout se passait dans une ambiance bon enfant, <strong>la chronique de Jean\u2011Luc Lemoine a quelque peu tendu l\u2019atmosph\u00e8re<\/strong>. L\u2019humoriste a d\u00e9cid\u00e9 de <a href=\"https:\/\/www.voici.fr\/tele\/jai-eu-la-betise-de-sophie-davant-revele-avoir-ete-perturbee-par-william-leymergie-avant-son-elimination-dans-danse-avec-les-stars-zaptv-800129\" target=\"_blank\" rel=\"noopener\">taquiner l\u2019animateur au sujet de sa relation avec Sophie Davant<\/a>, officialis\u00e9e depuis 2022.<\/p>\n<p>Pour illustrer son propos, il a rediffus\u00e9 un extrait dans lequel <a href=\"https:\/\/www.voici.fr\/bios-people\/thomas-isle\" data-link-people=\"0f53e3ac-8c0e-4206-aaef-f8147e2e0cd2\" target=\"_blank\" rel=\"noopener\">Thomas Isle<\/a> demandait \u00e0 <a href=\"https:\/\/www.voici.fr\/news-people\/elle-a-eu-les-boules-caroline-margeridon-revient-sur-l-elimination-de-son-amie-sophie-davant-dans-danse-avec-les-stars-803863\" target=\"_blank\" rel=\"noopener\">Sophie Davant<\/a> de parler de leur histoire d\u2019amour. <strong>Visiblement g\u00ean\u00e9e, l&rsquo;animatrice refusait poliment,<\/strong> expliquant qu\u2019elle n\u2019avait pas \u00ab\u00a0demand\u00e9 l\u2019autorisation \u00e0 William\u00a0\u00bb. Une s\u00e9quence sur laquelle Lemoine a brod\u00e9, jusqu\u2019\u00e0 ce que le journaliste r\u00e9plique, mi-amus\u00e9, mi-agac\u00e9 : \u00ab\u00a0On va faire toute la chronique l\u00e0-dessus ?\u00a0\u00bb Une remarque s\u00e8che, mais envelopp\u00e9e d\u2019un sourire. Le ton \u00e9tait donn\u00e9 : on peut rire, mais pas trop longtemps du m\u00eame sujet.<\/p>\n<p>William Leymergie mise sur la discr\u00e9tion<\/p>\n<p>Entre William Leymergie et Sophie Davant, tout a commenc\u00e9 bien avant leur officialisation en 2022. Amis de longue date, <strong>les deux journalistes auraient attendu plusieurs ann\u00e9es avant de d\u00e9voiler leur relation<\/strong>. Aujourd\u2019hui, ils partagent leur vie \u00e0 Paris et apparaissent de temps en temps en public, toujours discrets mais tr\u00e8s complices. Leur couple fait parler, fascine et amuse certains chroniqueurs. S\u2019ils n\u2019ont jamais fait myst\u00e8re de leur relation, le couple tient \u00e0 pr\u00e9server leur jardin secret.<\/p>\n","protected":false},"excerpt":{"rendered":"Invit\u00e9 dans Culture M\u00e9dias ce 18 juin sur Europe 1, William Leymergie n\u2019a pas cach\u00e9 son agacement lorsque&hellip;\n","protected":false},"author":2,"featured_media":186023,"comment_status":"","ping_status":"","sticky":false,"template":"","format":"standard","meta":{"footnotes":""},"categories":[1586],"tags":[11,12232,1193,814,1777,674,1473,1011,27,22820,12,1825,25,32401,32400],"class_list":{"0":"post-186022","1":"post","2":"type-post","3":"status-publish","4":"format-standard","5":"has-post-thumbnail","7":"category-europe","8":"tag-actualites","9":"tag-clash","10":"tag-couple","11":"tag-direct","12":"tag-eu","13":"tag-europe","14":"tag-europe-1","15":"tag-fr","16":"tag-france","17":"tag-jean-luc-lemoine","18":"tag-news","19":"tag-radio","20":"tag-republique-francaise","21":"tag-sophie-davant","22":"tag-william-leymergie"},"share_on_mastodon":{"url":"https:\/\/pubeurope.com\/@fr\/114704760358897618","error":""},"_links":{"self":[{"href":"https:\/\/www.europesays.com\/fr\/wp-json\/wp\/v2\/posts\/186022","targetHints":{"allow":["GET"]}}],"collection":[{"href":"https:\/\/www.europesays.com\/fr\/wp-json\/wp\/v2\/posts"}],"about":[{"href":"https:\/\/www.europesays.com\/fr\/wp-json\/wp\/v2\/types\/post"}],"author":[{"embeddable":true,"href":"https:\/\/www.europesays.com\/fr\/wp-json\/wp\/v2\/users\/2"}],"replies":[{"embeddable":true,"href":"https:\/\/www.europesays.com\/fr\/wp-json\/wp\/v2\/comments?post=186022"}],"version-history":[{"count":0,"href":"https:\/\/www.europesays.com\/fr\/wp-json\/wp\/v2\/posts\/186022\/revisions"}],"wp:featuredmedia":[{"embeddable":true,"href":"https:\/\/www.europesays.com\/fr\/wp-json\/wp\/v2\/media\/186023"}],"wp:attachment":[{"href":"https:\/\/www.europesays.com\/fr\/wp-json\/wp\/v2\/media?parent=186022"}],"wp:term":[{"taxonomy":"category","embeddable":true,"href":"https:\/\/www.europesays.com\/fr\/wp-json\/wp\/v2\/categories?post=186022"},{"taxonomy":"post_tag","embeddable":true,"href":"https:\/\/www.europesays.com\/fr\/wp-json\/wp\/v2\/tags?post=186022"}],"curies":[{"name":"wp","href":"https:\/\/api.w.org\/{rel}","templated":true}]}}