{"id":186037,"date":"2025-06-18T14:17:09","date_gmt":"2025-06-18T14:17:09","guid":{"rendered":"https:\/\/www.europesays.com\/fr\/186037\/"},"modified":"2025-06-18T14:17:09","modified_gmt":"2025-06-18T14:17:09","slug":"la-turquie-le-nord-est-ainsi-que-le-sud-est-de-lasie-rejoignent-les-fim-minigp-world-series-2025","status":"publish","type":"post","link":"https:\/\/www.europesays.com\/fr\/186037\/","title":{"rendered":"La Turquie, le nord-est ainsi que le sud-est de l&rsquo;Asie rejoignent les FIM MiniGP World Series 2025"},"content":{"rendered":"<p>Premier programme de sports m\u00e9caniques visant \u00e0 promouvoir l&rsquo;\u00e9galit\u00e9 des chances, les FIM MiniGP\u2122 World Series sont de retour en 2025 et accueillent trois nouvelles s\u00e9ries : les FIM MiniGP Series nord-est de l&rsquo;Asie, les FIM MiniGP Series sud-est de l&rsquo;Asie et les FIM MiniGP Series Turquie. Pour leurs d\u00e9buts, celles-ci rouleront en 160cc, ce qui fait un total de 22 s\u00e9ries dans cette cat\u00e9gorie pour 2025.<\/p>\n<p>13 s\u00e9ries seront \u00e9galement en lice dans la cat\u00e9gorie 190cc, cette option \u00e9tant ouverte \u00e0 celles qui ont d\u00e9j\u00e0 particip\u00e9 \u00e0 au moins une saison en 160cc.<\/p>\n<p><a href=\"http:\/\/www.fim-minigpworldseries.com\/series\/2025-2\/\" rel=\"nofollow noopener\" target=\"_blank\">VOIR LA LISTE COMPL\u00c8TE DES S\u00c9RIES 2025<\/a><\/p>\n<p>Les pilotes sont \u00e2g\u00e9s de 10 \u00e0 14 ans pour la cat\u00e9gorie 160cc et de 12 \u00e0 16 ans en 190cc. Chaque s\u00e9rie doit comporter un minimum de cinq manches et 10 courses. Les deux meilleurs pilotes de chaque s\u00e9rie seront invit\u00e9s \u00e0 la finale mondiale.<\/p>\n<p>Comme chaque ann\u00e9e, la finale mondiale verra le plateau 2025 d\u00e9barquer \u00e0 Valence le dimanche pr\u00e9c\u00e9dant la derni\u00e8re manche de la saison MotoGP\u2122. L&rsquo;action en piste commence le mardi avec la s\u00e9ance d&rsquo;essais libres, avant les qualifications et les courses du mercredi. Le jeudi sera consacr\u00e9 aux \u00e9preuves finales et au couronnement des champions 2025.<\/p>\n<p>Les ambassadeurs de chaque s\u00e9rie sont \u00e9galement confirm\u00e9s. Ils interviendront lors de la finale pour livrer leurs conseils d&rsquo;experts et apporter leur soutien aux stars de demain. Ils accueilleront \u00e9galement certains pilotes lors d&rsquo;\u00e9v\u00e9nements exceptionnels tout au long de la saison. Fabio Quartararo (Monster Energy Yamaha MotoGP\u2122), Champion du Monde MotoGP\u2122 2021, et Francesco Bagnaia (Ducati Lenovo Team), Champion du Monde MotoGP\u2122 2022-2023, font partie des grands noms pr\u00e9sents pour soutenir les stars de demain. D\u00e9couvre la <a href=\"https:\/\/mcusercontent.com\/828d05dc5f4c88573aeb98365\/files\/ffc5f41f-ffb8-6ea4-dbcf-1bfca46c4d25\/FMWS_Ambassadors_2025_06_05_PR_2_1_.pdf\" rel=\"nofollow noopener\" target=\"_blank\">LISTE COMPL\u00c8TE DES AMBASSADEURS 2025<\/a>\u00a0!<\/p>\n","protected":false},"excerpt":{"rendered":"Premier programme de sports m\u00e9caniques visant \u00e0 promouvoir l&rsquo;\u00e9galit\u00e9 des chances, les FIM MiniGP\u2122 World Series sont de&hellip;\n","protected":false},"author":2,"featured_media":186038,"comment_status":"","ping_status":"","sticky":false,"template":"","format":"standard","meta":{"footnotes":""},"categories":[1413],"tags":[1011,27,1457,1456,60,2032],"class_list":{"0":"post-186037","1":"post","2":"type-post","3":"status-publish","4":"format-standard","5":"has-post-thumbnail","7":"category-moto","8":"tag-fr","9":"tag-france","10":"tag-moto","11":"tag-motocycle","12":"tag-sports","13":"tag-text"},"share_on_mastodon":{"url":"https:\/\/pubeurope.com\/@fr\/114704799688774102","error":""},"_links":{"self":[{"href":"https:\/\/www.europesays.com\/fr\/wp-json\/wp\/v2\/posts\/186037","targetHints":{"allow":["GET"]}}],"collection":[{"href":"https:\/\/www.europesays.com\/fr\/wp-json\/wp\/v2\/posts"}],"about":[{"href":"https:\/\/www.europesays.com\/fr\/wp-json\/wp\/v2\/types\/post"}],"author":[{"embeddable":true,"href":"https:\/\/www.europesays.com\/fr\/wp-json\/wp\/v2\/users\/2"}],"replies":[{"embeddable":true,"href":"https:\/\/www.europesays.com\/fr\/wp-json\/wp\/v2\/comments?post=186037"}],"version-history":[{"count":0,"href":"https:\/\/www.europesays.com\/fr\/wp-json\/wp\/v2\/posts\/186037\/revisions"}],"wp:featuredmedia":[{"embeddable":true,"href":"https:\/\/www.europesays.com\/fr\/wp-json\/wp\/v2\/media\/186038"}],"wp:attachment":[{"href":"https:\/\/www.europesays.com\/fr\/wp-json\/wp\/v2\/media?parent=186037"}],"wp:term":[{"taxonomy":"category","embeddable":true,"href":"https:\/\/www.europesays.com\/fr\/wp-json\/wp\/v2\/categories?post=186037"},{"taxonomy":"post_tag","embeddable":true,"href":"https:\/\/www.europesays.com\/fr\/wp-json\/wp\/v2\/tags?post=186037"}],"curies":[{"name":"wp","href":"https:\/\/api.w.org\/{rel}","templated":true}]}}