{"id":186045,"date":"2025-06-18T14:21:10","date_gmt":"2025-06-18T14:21:10","guid":{"rendered":"https:\/\/www.europesays.com\/fr\/186045\/"},"modified":"2025-06-18T14:21:10","modified_gmt":"2025-06-18T14:21:10","slug":"jack-depp-le-fils-de-vanessa-paradis-serveur-incognito-a-paris-depuis-2-ans-son-patron-raconte","status":"publish","type":"post","link":"https:\/\/www.europesays.com\/fr\/186045\/","title":{"rendered":"Jack Depp, le fils de Vanessa Paradis, serveur incognito \u00e0 Paris depuis 2 ans : son patron raconte"},"content":{"rendered":"<p>      R\u00e9sum\u00e9<\/p>\n<p>Jack Depp, fils de Vanessa Paradis, a travaill\u00e9 incognito pendant deux ans dans un restaurant parisien, alliant discr\u00e9tion et engagement derri\u00e8re le bar et en cuisine.<\/p>\n<p>        Sommaire<\/p>\n<p>Si on connait Lily-Rose Depp, qui a pris la suite de Vanessa Paradis, en devenant \u00e9g\u00e9rie Chanel, gr\u00e2ce \u00e0 feu Karl Lagerfeld, jusqu&rsquo;ici <strong>son petit fr\u00e8re \u00e9tait plut\u00f4t discret. <\/strong><\/p>\n<p>Jack Depp, c&rsquo;est le petit gar\u00e7on que l&rsquo;actrice et chanteuse aux dents du bonheur a eu avec Johnny Depp, en 2002. C&rsquo;est lui qu&rsquo;on <strong>entendait rire et chanter \u00e0 5 ans sur la chanson \u00ab\u00a0Jackadi\u00a0\u00bb. <\/strong><\/p>\n<p>Et c&rsquo;est lui aussi qui s&rsquo;illustre sur <a href=\"https:\/\/www.public.fr\/vanessa-paradis-au-moment-de-la-sortie-de-son-nouveau-single-la-mort-dun-proche-collaborateur\" target=\"_blank\" rel=\"noopener\">le dernier album de sa maman, qui sort bient\u00f4t.<\/a> En effet, \u00ab\u00a0Le retour des beaux jours\u00a0\u00bb arrivera dans les bacs \u00e0 l&rsquo;automne prochain. <strong>Et les deux enfants de la star y ont particip\u00e9.<\/strong><\/p>\n<p>Le fils de Vanessa Paradis a travaill\u00e9 deux ans \u00e0 Paris<\/p>\n<p>Lily-Rose a \u00e9crit le morceau I Am Alive\u2026 et <strong>Jack a co-compos\u00e9 <\/strong><strong>\u00c9l\u00e9ments<\/strong>. Aujourd&rsquo;hui \u00e2g\u00e9 de 23 ans, le jeune homme vit toujours entre les \u00c9tats-Unis et la France. Et en d\u00e9cembre 2024, dans les colonnes du Daily Mail, on a d\u00e9couvert qu&rsquo;il avait eu un travail surprenamment tr\u00e8s normal. <\/p>\n<p>En effet,<strong> pendant plus de deux ans<\/strong>, Jack Depp a <strong>travaill\u00e9 dans un restaurant libanais du quartier de la Bastille<\/strong>, L\u2019Ar\u00e9a. Pass\u00e9 inaper\u00e7u, il n&rsquo;y est plus. Et son patron \u00c9douard Chueke, assure : \u201c<strong>Jack est un type formidable <\/strong>; il se tient \u00e0 l\u2019\u00e9cart des feux de la rampe, mais il a travaill\u00e9 ici derri\u00e8re le bar et dans la cuisine.\u201d<\/p>\n<p>Et d&rsquo;ajouter : \u201cC\u2019\u00e9tait un bon employ\u00e9, il est parti il y a quelques mois mais<strong> je m\u2019attends \u00e0 ce qu\u2019il revienne dans le courant de l\u2019ann\u00e9e prochaine<\/strong>\u201d. <\/p>\n<p>Lily Rose Depp sur son fr\u00e8re<\/p>\n<p>Le patron du restaurant, qui rappelle \u00e0 quel point il est difficile de trouver de bons \u00e9l\u00e9ments en restauration, a vant\u00e9 les talents du jeune homme, mais aussi son carnet d&rsquo;adresse. En effet, au fil des mois, Jack Depp a apport\u00e9 des clients r\u00e9guliers \u00e0 l&rsquo;\u00e9tablissement. Ses amis, mais aussi sa grande soeur.<\/p>\n<p>Le patron balance que la jeune femme <strong>y aurait confectionn\u00e9 de d\u00e9licieuses ca\u00efpirinhas a bien des reprises, en soir\u00e9e. <\/strong><\/p>\n<p>Cette derni\u00e8re a d&rsquo;ailleurs expliqu\u00e9 en d\u00e9cembre 2024 qu&rsquo;ils avaient <a href=\"https:\/\/vsd.fr\/73401-on-est-tres-proches-lily-rose-depp-fait-une-belle-declaration-a-son-petit-frere-jack\/\" target=\"_blank\" rel=\"noopener\">une relation tr\u00e8s rapproch\u00e9e avec son petit fr\u00e8re<\/a>. Alors en promotion de son dernier film, \u00ab\u00a0Nosferatu\u00a0\u00bb, elle avait expliqu\u00e9 en interview qu&rsquo;il allait enfin<strong> la trouver \u00ab\u00a0cool\u00a0\u00bb avec ce dernier r\u00f4le.<\/strong><\/p>\n<p>      Mentionn\u00e9s dans cet article<\/p>\n<p>\u00c0 lire aussi<\/p>\n","protected":false},"excerpt":{"rendered":"R\u00e9sum\u00e9 Jack Depp, fils de Vanessa Paradis, a travaill\u00e9 incognito pendant deux ans dans un restaurant parisien, alliant&hellip;\n","protected":false},"author":2,"featured_media":186046,"comment_status":"","ping_status":"","sticky":false,"template":"","format":"standard","meta":{"footnotes":""},"categories":[1359],"tags":[58,59,1011,27,10244,32402,973,1340,10245],"class_list":{"0":"post-186045","1":"post","2":"type-post","3":"status-publish","4":"format-standard","5":"has-post-thumbnail","7":"category-people","8":"tag-divertissement","9":"tag-entertainment","10":"tag-fr","11":"tag-france","12":"tag-johnny-depp","13":"tag-lily-rose-depp","14":"tag-people","15":"tag-restaurant","16":"tag-vanessa-paradis"},"share_on_mastodon":{"url":"https:\/\/pubeurope.com\/@fr\/114704815655916088","error":""},"_links":{"self":[{"href":"https:\/\/www.europesays.com\/fr\/wp-json\/wp\/v2\/posts\/186045","targetHints":{"allow":["GET"]}}],"collection":[{"href":"https:\/\/www.europesays.com\/fr\/wp-json\/wp\/v2\/posts"}],"about":[{"href":"https:\/\/www.europesays.com\/fr\/wp-json\/wp\/v2\/types\/post"}],"author":[{"embeddable":true,"href":"https:\/\/www.europesays.com\/fr\/wp-json\/wp\/v2\/users\/2"}],"replies":[{"embeddable":true,"href":"https:\/\/www.europesays.com\/fr\/wp-json\/wp\/v2\/comments?post=186045"}],"version-history":[{"count":0,"href":"https:\/\/www.europesays.com\/fr\/wp-json\/wp\/v2\/posts\/186045\/revisions"}],"wp:featuredmedia":[{"embeddable":true,"href":"https:\/\/www.europesays.com\/fr\/wp-json\/wp\/v2\/media\/186046"}],"wp:attachment":[{"href":"https:\/\/www.europesays.com\/fr\/wp-json\/wp\/v2\/media?parent=186045"}],"wp:term":[{"taxonomy":"category","embeddable":true,"href":"https:\/\/www.europesays.com\/fr\/wp-json\/wp\/v2\/categories?post=186045"},{"taxonomy":"post_tag","embeddable":true,"href":"https:\/\/www.europesays.com\/fr\/wp-json\/wp\/v2\/tags?post=186045"}],"curies":[{"name":"wp","href":"https:\/\/api.w.org\/{rel}","templated":true}]}}