{"id":186047,"date":"2025-06-18T14:22:17","date_gmt":"2025-06-18T14:22:17","guid":{"rendered":"https:\/\/www.europesays.com\/fr\/186047\/"},"modified":"2025-06-18T14:22:17","modified_gmt":"2025-06-18T14:22:17","slug":"ces-25-batiments-seraient-des-qg-parfaits-pour-des-super-vilains","status":"publish","type":"post","link":"https:\/\/www.europesays.com\/fr\/186047\/","title":{"rendered":"Ces 25 b\u00e2timents seraient des QG parfaits pour des super-vilains"},"content":{"rendered":"<p class=\"chapo\">L&rsquo;imagination des architectes peut parfois donner naissance \u00e0 des b\u00e2timents compl\u00e8tement fous. Certains n&rsquo;ont pas de limite dans leurs cr\u00e9ations et peuvent nous offrir <strong>des \u00e9difices qui semblent tout droit sortis d&rsquo;un film de science-fiction ou <a href=\"https:\/\/hitek.fr\/actualite\/marvel-25-super-heros-plus-forts_52660\" target=\"_blank\" rel=\"noopener nofollow\">de super-h\u00e9ros<\/a> qui luttent contre des vilains<\/strong>. Nous vous proposons de d\u00e9couvrir ces b\u00e2timents trouv\u00e9s \u00e0 travers la plan\u00e8te qui, photographi\u00e9s d&rsquo;une certaine fa\u00e7on ou dans certaines conditions de lumi\u00e8re feraient de <strong>parfaits d\u00e9cors de films pour servir de repaires \u00e0 des super-vilains.<\/strong> Notez que certaines constructions sont encore utilis\u00e9es et d&rsquo;autres sont tout simplement abonn\u00e9es. Mais toujours est-il qu&rsquo;elles d\u00e9gagent une atmosph\u00e8re particuli\u00e8re et trouveraient tout naturellement leur place dans une production cin\u00e9. Allez, assez parl\u00e9, on vous laisse <strong>d\u00e9couvrir ces 15 b\u00e2timents dans le monde qui feraient des QG parfaits pour des super-vilains.<\/strong><\/p>\n<p><img decoding=\"async\" src=\"https:\/\/static.hitek.fr\/img\/up_s\/2160737758\/d7c63_ces25batimentsseraientdesqgparfaitspourdessupervilains.webp\" alt=\"Ces 25 b\u00e2timents seraient des QG parfaits pour des super-vilains\" width=\"450\" height=\"235\" loading=\"lazy\"  \/><\/p>\n<p>#1 La Fontaine de Fer en Arm\u00e9nie\u00a0<\/p>\n<p><img decoding=\"async\" src=\"https:\/\/static.hitek.fr\/img\/up_s\/2160737758\/c13bc_fontainedeferarmenie.webp\" alt=\"fontaine de fer \" width=\"450\" height=\"257\" loading=\"lazy\"  \/><\/p>\n<p>#2 Le Boston Gouvernment Service Center<\/p>\n<p><img decoding=\"async\" src=\"https:\/\/static.hitek.fr\/img\/up_s\/2160737758\/be132_lebostongovernmentservicecenter.webp\" alt=\"Le Boston Government Service Center\" width=\"450\" height=\"562\" loading=\"lazy\"  \/><\/p>\n<p>#3 Si\u00e8ge de Caixa Geral De Deposito au Portugal\u00a0<\/p>\n<p><img decoding=\"async\" src=\"https:\/\/static.hitek.fr\/img\/up_s\/2160737758\/ef972_siegecaixageraldedepositosportugal.webp\" alt=\"sie\u00cc\u0080ge Caixa Geral De Depo\u00cc\u0081sitos portugal\" width=\"450\" height=\"675\" loading=\"lazy\"  \/><\/p>\n<p>#4 Ancienne antenne sovi\u00e9tique abandonn\u00e9e<\/p>\n<p><img decoding=\"async\" src=\"https:\/\/static.hitek.fr\/img\/up_s\/2160737758\/e471a_antennegeantsovietiqueabandonnee.webp\" alt=\"antenne geant sovie\u00cc\u0081tique abandonne\u00cc\u0081e\" width=\"450\" height=\"561\" loading=\"lazy\"  \/><\/p>\n<p>#5 Centre ville de Cleveland<\/p>\n<p><img decoding=\"async\" src=\"https:\/\/static.hitek.fr\/img\/up_s\/2160737758\/ad5e6_centrevilledecleveland.webp\" alt=\"centre ville de cleveland\" width=\"450\" height=\"562\" loading=\"lazy\"  \/><\/p>\n<p>#6 Cath\u00e9drale Saint-Nicolas \u00e0 Hambourg<\/p>\n<p><img decoding=\"async\" src=\"https:\/\/static.hitek.fr\/img\/up_s\/2160737758\/dc647_cathedralestnicolashambourg.webp\" alt=\"cathe\u00cc\u0081drale st nicolas hambourg\" width=\"450\" height=\"599\" loading=\"lazy\"  \/><\/p>\n<p>#7 Gratte-ciel \u00e0 Bangkok aux allures cyberpunk<\/p>\n<p><img decoding=\"async\" src=\"https:\/\/static.hitek.fr\/img\/up_s\/2160737758\/3220d_grattecielabangok.webp\" alt=\"gratte ciel a\u00cc\u0080 Bangok\" width=\"450\" height=\"561\" loading=\"lazy\"  \/><\/p>\n<p>#8 Usine de Volkswagen\u00a0<\/p>\n<p><img decoding=\"async\" src=\"https:\/\/static.hitek.fr\/img\/up_s\/2160737758\/b5dbb_usinewolksvagen.webp\" alt=\"usine Wolksvagen\" width=\"450\" height=\"776\" loading=\"lazy\"  \/><\/p>\n<p>#9 H\u00f4tel Hyatt Regencdy \u00e0 San Francisco<\/p>\n<p><img decoding=\"async\" src=\"https:\/\/static.hitek.fr\/img\/up_s\/2160737758\/c2af6_hotelhyattregencysanfrancisco.webp\" alt=\"hotel Hyatt Regency san francisco\" width=\"450\" height=\"549\" loading=\"lazy\"  \/><\/p>\n<p>#10 Le Time Square Building le jour du Nouvel An \u00e0 New York<\/p>\n<p><img decoding=\"async\" src=\"https:\/\/static.hitek.fr\/img\/up_s\/2160737758\/b7430_rochesternyclenouvelan.webp\" alt=\"Time Square building NYC jour de l\" width=\"450\" height=\"675\" loading=\"lazy\"  \/><\/p>\n<p>#11 Blockhaus allemand \u00e0 Guernesey\u00a0<\/p>\n<p><img decoding=\"async\" src=\"https:\/\/static.hitek.fr\/img\/up_s\/2160737758\/c3264_tourobservationguerneseyallemagne.webp\" alt=\"blockhaus allemand\" width=\"450\" height=\"302\" loading=\"lazy\"  \/><\/p>\n<p>#12 L&rsquo;\u00e9glise sans ombre \u00e0 Chengdu en Chine<\/p>\n<p><img decoding=\"async\" src=\"https:\/\/static.hitek.fr\/img\/up_s\/2160737758\/be770_leglisesansombrechengdu.webp\" alt=\"l\" width=\"450\" height=\"559\" loading=\"lazy\"  \/><\/p>\n<p>#13 L&rsquo;universit\u00e9 du Mal pour Dr Denfer\u00a0\u00a0<\/p>\n<p><img decoding=\"async\" src=\"https:\/\/static.hitek.fr\/img\/up_s\/2160737758\/0bb4f_luniversitedumal.webp\" alt=\"L\" width=\"450\" height=\"337\" loading=\"lazy\"  \/><\/p>\n<p>#14 Si\u00e8ge du gouvernement m\u00e9tropolitain de Tokyo<\/p>\n<p><img decoding=\"async\" src=\"https:\/\/static.hitek.fr\/img\/up_s\/2160737758\/91707_siegedugouvernementmetropolitaindetokyo.webp\" alt=\"si\u00e8ge du gouvernement metropolitain de tokyo\" width=\"450\" height=\"619\" loading=\"lazy\"  \/><\/p>\n<p>#15 Castlegrande \u00e0 Bellinzone en Suisse\u00a0<\/p>\n<p><img decoding=\"async\" src=\"https:\/\/static.hitek.fr\/img\/up_s\/2160737758\/cef67_castelgrandeabellinzonesuisse.webp\" alt=\"Castelgrande, a\u00cc\u0080 Bellinzone, Suisse\" width=\"450\" height=\"562\" loading=\"lazy\"  \/><\/p>\n<p>#16 Centre culturel FIESP \u00e0 S\u00e3o Paulo au Br\u00e9sil<\/p>\n<p><img decoding=\"async\" src=\"https:\/\/static.hitek.fr\/img\/up_s\/2160737758\/25c30_ledificiofiespsaopaulo.webp\" alt=\"L\" width=\"450\" height=\"559\" loading=\"lazy\"  \/><\/p>\n<p>#17 Tour de refroidissement d&rsquo;une centrale nucl\u00e9aire<\/p>\n<p><img decoding=\"async\" src=\"https:\/\/static.hitek.fr\/img\/up_s\/2160737758\/53160_tourderefroidissement.webp\" alt=\"tour de refroidissement\" width=\"450\" height=\"675\" loading=\"lazy\"  \/><\/p>\n<p>#18 Umeda Sky Building \u00e0 Osaka au Japon<\/p>\n<p><img decoding=\"async\" src=\"https:\/\/static.hitek.fr\/img\/up_s\/2160737758\/7fcb4_umedaskybuildingosakajapon.webp\" alt=\"Umeda Sky Building Osaka Japon\" width=\"450\" height=\"675\" loading=\"lazy\"  \/><\/p>\n<p>#19 Ancien bunker St. Pauli \u00e0 Hambourg\u00a0<\/p>\n<p><img decoding=\"async\" src=\"https:\/\/static.hitek.fr\/img\/up_s\/2160737758\/6f64e_bunker2ndwwhambourg.webp\" alt=\"bunker 2nd WW Hambourg\" width=\"450\" height=\"426\" loading=\"lazy\"  \/><\/p>\n<p>#20 Cath\u00e9drale St Louis \u00e0 La Nouvelle Orl\u00e9ans<\/p>\n<p><img decoding=\"async\" src=\"https:\/\/static.hitek.fr\/img\/up_s\/2160737758\/6cda2_cathedralestlouislanouvelleorlean.webp\" alt=\"\u00e9glise \" width=\"450\" height=\"562\" loading=\"lazy\"  \/><\/p>\n<p>#21 La Tour de T\u00e9l\u00e9vision de Berlin (Fernsehturm)<\/p>\n<p><img decoding=\"async\" src=\"https:\/\/static.hitek.fr\/img\/up_s\/2160737758\/bb69f_rheinturmdusseldorf.webp\" alt=\"Rheinturm Du\u00cc\u0088sseldorf\" width=\"450\" height=\"549\" loading=\"lazy\"  \/><\/p>\n<p>#22 Minist\u00e8re de l&rsquo;Int\u00e9rieur Irakien<\/p>\n<p><img decoding=\"async\" src=\"https:\/\/static.hitek.fr\/img\/up_s\/2160737758\/9a54f_ministeredelinterieurirakien.webp\" alt=\"ministe\u00cc\u0080re de l\" width=\"450\" height=\"599\" loading=\"lazy\"  \/><\/p>\n<p>#23 Un data center \u00e0 P\u00e9kin (Chine)<\/p>\n<p><img decoding=\"async\" src=\"https:\/\/static.hitek.fr\/img\/up_s\/2160737758\/f946c_datacenterpekin.webp\" alt=\"data center pe\u00cc\u0081kin\" width=\"450\" height=\"337\" loading=\"lazy\"  \/><\/p>\n<p>#24 Les Katara Towers \u00e0 Lusail au Qatar<\/p>\n<p><img decoding=\"async\" src=\"https:\/\/static.hitek.fr\/img\/up_s\/2160737758\/b0c6b_tourcrescent.webp\" alt=\"Les Katara Towers\" width=\"450\" height=\"370\" loading=\"lazy\"  \/><\/p>\n<p>#25 Si\u00e8ge social d&rsquo;Oakley \u00e0 Lake Forest en Californie<\/p>\n<p><img decoding=\"async\" src=\"https:\/\/static.hitek.fr\/img\/up_s\/2160737758\/55005_siegesocialokaley.webp\" alt=\"siege social Oakley\" width=\"450\" height=\"353\" loading=\"lazy\"  \/><\/p>\n<p>Cette s\u00e9lection de b\u00e2timents qui seraient parfaits pour en faire de QG de m\u00e9chants vous a plu ? Alors pour poursuivre votre lecture dans ce th\u00e8me, on vous propose de <a href=\"https:\/\/hitek.fr\/42\/edifices-diaboliques-monde_4576\" target=\"_blank\" rel=\"noopener nofollow\"><strong>voir ou revoir ces 15 \u00e9difices les plus diaboliques dans le monde. <\/strong><\/a>Et pour les passionn\u00e9s d&rsquo;architecture, nous vous avons pr\u00e9par\u00e9 <a href=\"https:\/\/hitek.fr\/42\/32-batiments-insolites-architecture_10815\" target=\"_blank\" rel=\"noopener nofollow\"><strong>une s\u00e9lection de 32 b\u00e2timents \u00e0 l&rsquo;architecture compl\u00e8tement dingue<\/strong><\/a> qui prouvent que les architectes sont des gens qui peuvent allez beaucoup trop loin dans leurs concepts !<\/p>\n","protected":false},"excerpt":{"rendered":"L&rsquo;imagination des architectes peut parfois donner naissance \u00e0 des b\u00e2timents compl\u00e8tement fous. Certains n&rsquo;ont pas de limite dans&hellip;\n","protected":false},"author":2,"featured_media":186048,"comment_status":"","ping_status":"","sticky":false,"template":"","format":"standard","meta":{"footnotes":""},"categories":[1358],"tags":[1348,1384,1385,1386,58,59,1011,27],"class_list":{"0":"post-186047","1":"post","2":"type-post","3":"status-publish","4":"format-standard","5":"has-post-thumbnail","7":"category-arts-et-design","8":"tag-arts","9":"tag-arts-and-design","10":"tag-arts-et-design","11":"tag-design","12":"tag-divertissement","13":"tag-entertainment","14":"tag-fr","15":"tag-france"},"share_on_mastodon":{"url":"https:\/\/pubeurope.com\/@fr\/114704820317518304","error":""},"_links":{"self":[{"href":"https:\/\/www.europesays.com\/fr\/wp-json\/wp\/v2\/posts\/186047","targetHints":{"allow":["GET"]}}],"collection":[{"href":"https:\/\/www.europesays.com\/fr\/wp-json\/wp\/v2\/posts"}],"about":[{"href":"https:\/\/www.europesays.com\/fr\/wp-json\/wp\/v2\/types\/post"}],"author":[{"embeddable":true,"href":"https:\/\/www.europesays.com\/fr\/wp-json\/wp\/v2\/users\/2"}],"replies":[{"embeddable":true,"href":"https:\/\/www.europesays.com\/fr\/wp-json\/wp\/v2\/comments?post=186047"}],"version-history":[{"count":0,"href":"https:\/\/www.europesays.com\/fr\/wp-json\/wp\/v2\/posts\/186047\/revisions"}],"wp:featuredmedia":[{"embeddable":true,"href":"https:\/\/www.europesays.com\/fr\/wp-json\/wp\/v2\/media\/186048"}],"wp:attachment":[{"href":"https:\/\/www.europesays.com\/fr\/wp-json\/wp\/v2\/media?parent=186047"}],"wp:term":[{"taxonomy":"category","embeddable":true,"href":"https:\/\/www.europesays.com\/fr\/wp-json\/wp\/v2\/categories?post=186047"},{"taxonomy":"post_tag","embeddable":true,"href":"https:\/\/www.europesays.com\/fr\/wp-json\/wp\/v2\/tags?post=186047"}],"curies":[{"name":"wp","href":"https:\/\/api.w.org\/{rel}","templated":true}]}}