{"id":186049,"date":"2025-06-18T14:23:19","date_gmt":"2025-06-18T14:23:19","guid":{"rendered":"https:\/\/www.europesays.com\/fr\/186049\/"},"modified":"2025-06-18T14:23:19","modified_gmt":"2025-06-18T14:23:19","slug":"la-chaise-de-jean-louis-ezine-le-poisson-rouge-invisible","status":"publish","type":"post","link":"https:\/\/www.europesays.com\/fr\/186049\/","title":{"rendered":"La Chaise, de Jean-Louis Ezine\u00a0: le poisson rouge invisible"},"content":{"rendered":"<p><strong>CRITIQUE &#8211;<\/strong> Apr\u00e8s la mort de sa m\u00e8re, un homme se d\u00e9couvre une autre famille. Un roman autobiographique aux accents d\u00e9chirants.<\/p>\n<p class=\"fig-paragraph\">Parfois une phrase, une seule, donne l\u2019id\u00e9e du livre dans lequel on se trouve. \u00ab\u200aLa premi\u00e8re chose que j\u2019ai apprise dans\u00a0<a href=\"http:\/\/www.lefigaro.fr\/livres\/stanislas-de-simon-liberati-l-enfance-d-un-ecrivain-20250312\" target=\"_blank\" data-fig-type=\"Article\" rel=\"noopener\" data-gtm-custom-categorie=\"navigation\" data-gtm-custom-action=\"crossclick\" data-gtm-custom-label=\"Contextuel\" data-gtm-event=\"customEventSPE\" data-fig-domain=\"LEFIGARO\">l\u2019enfance<\/a> , c\u2019est \u00e0 dissimuler\u00a0\u00bb, \u00e9crit\u00a0<a href=\"http:\/\/www.lefigaro.fr\/livres\/frederic-beigbeder-les-souvenirs-de-jean-louis-ezine-sont-si-bien-ecrits-qu-il-aurait-merite-etre-de-droite-20250214\" target=\"_blank\" data-fig-type=\"Article\" rel=\"noopener\" data-gtm-custom-categorie=\"navigation\" data-gtm-custom-action=\"crossclick\" data-gtm-custom-label=\"Contextuel\" data-gtm-event=\"customEventSPE\" data-fig-domain=\"LEFIGARO\">Jean-Louis Ezine<\/a>\u00a0dans La Chaise. Il ajoute dans ce nouveau roman aux accents d\u00e9chirants\u00a0: \u00ab\u200aJe cachais mes curiosit\u00e9s et mes \u00e9motions, toutes mes pens\u00e9es. Ensuite le pli demeure et j\u2019ai continu\u00e9 de feindre et d\u2019enterrer les sentiments, quand bien m\u00eame les com\u00e9dies du monde adulte, ressassant \u00e0 l\u2019infini les turpitudes domestiques, n\u2019exposent plus l\u2019honneur des humili\u00e9s de naissance qu\u2019\u00e0 une d\u00e9mocratique indiff\u00e9rence.\u00a0\u00bb<\/p>\n<p class=\"fig-paragraph\">D\u00e9j\u00e0, dans Les Taiseux (2009), Ezine y racontait une vie pass\u00e9e \u00e0 chercher un p\u00e8re qui l\u2019avait abandonn\u00e9 quelques mois apr\u00e8s sa naissance. On retrouve ce p\u00e8re. L\u2019auteur revient sur cette \u00ab\u200anaissance clandestine\u00a0\u00bb dans une villa inoccup\u00e9e de\u00a0<a href=\"http:\/\/www.lefigaro.fr\/voyages\/flanerie-normande-avec-marcel-proust-retrouver-le-temps-perdu-a-cabourg-20220322\" target=\"_blank\" data-fig-type=\"Article\" rel=\"noopener\" data-gtm-custom-categorie=\"navigation\" data-gtm-custom-action=\"crossclick\" data-gtm-custom-label=\"Contextuel\" data-gtm-event=\"customEventSPE\" data-fig-domain=\"LEFIGARO\">Cabourg<\/a>. C\u2019est que les silences, les fant\u00f4mes, les non-dits, les secrets composent la matrice de l\u2019\u00e9crivain. Mais il n\u2019est jamais all\u00e9 aussi loin, aussi profond\u2026<\/p>\n<p class=\"fig-premium-paywall__infos\">\n        Cet article est r\u00e9serv\u00e9 aux abonn\u00e9s.        Il vous reste 71% \u00e0 d\u00e9couvrir.\n    <\/p>\n<p>                <img  data- alt=\"Le Figaro\" class=\"fig-img--complete fig-img\"\/><\/p>\n<p class=\"fig-premium-paywall__title\">Vente Flash<\/p>\n<p class=\"fig-premium-paywall__subtitle\">3,99\u20ac par mois pendant 12 mois. Sans engagement.<\/p>\n<p class=\"fig-premium-paywall__connect\">\n                D\u00e9j\u00e0 abonn\u00e9\u00a0?                <a class=\"fig-premium-paywall__connect-link\" href=\"https:\/\/connect.lefigaro.fr\/login?client=horizon_web&amp;type=main&amp;redirect_uri=https%3A%2F%2Fwww.lefigaro.fr%2Flivres%2Fla-chaise-de-jean-louis-ezine-le-poisson-rouge-invisible-20250618\" data-js-gtm=\"{&quot;customCategorie&quot;: &quot;conversion&quot;, &quot;customAction&quot;: &quot;before_Landing_Connexion_paywall_auto&quot;, &quot;customLabel&quot;: &quot;bGVmaWdhcm8uZnJfXzFmMDRjMjU2LTA2OGQtNmMwNi1hNmQ3LTM5Mzc3NzdiMTI0YV9fQXJ0aWNsZQ==_&lt;i&gt;La Chaise&lt;\/i&gt;, de Jean-Louis Ezine\u00a0: le poisson rouge invisible_403&quot;, &quot;customIDSPE&quot;: &quot;bGVmaWdhcm8uZnJfXzFmMDRjMjU2LTA2OGQtNmMwNi1hNmQ3LTM5Mzc3NzdiMTI0YV9fQXJ0aWNsZQ==&quot;, &quot;event&quot;: &quot;customEventSPE&quot;}\" target=\"_blank\" rel=\"noopener\"><br \/>\n                    Connectez-vous<br \/>\n                <\/a>\n            <\/p>\n","protected":false},"excerpt":{"rendered":"CRITIQUE &#8211; Apr\u00e8s la mort de sa m\u00e8re, un homme se d\u00e9couvre une autre famille. Un roman autobiographique&hellip;\n","protected":false},"author":2,"featured_media":186050,"comment_status":"","ping_status":"","sticky":false,"template":"","format":"standard","meta":{"footnotes":""},"categories":[1357],"tags":[2008,2007,1379,58,2005,2006,59,2002,1011,27,1351,2003,1380,2009,2004,1479],"class_list":{"0":"post-186049","1":"post","2":"type-post","3":"status-publish","4":"format-standard","5":"has-post-thumbnail","7":"category-livres","8":"tag-autobiographies","9":"tag-biographies","10":"tag-books","11":"tag-divertissement","12":"tag-ecrivain","13":"tag-ecrivains","14":"tag-entertainment","15":"tag-figaro-litteraire","16":"tag-fr","17":"tag-france","18":"tag-litterature","19":"tag-livre","20":"tag-livres","21":"tag-oeuvre","22":"tag-roman","23":"tag-romans"},"share_on_mastodon":{"url":"https:\/\/pubeurope.com\/@fr\/114704823389669982","error":""},"_links":{"self":[{"href":"https:\/\/www.europesays.com\/fr\/wp-json\/wp\/v2\/posts\/186049","targetHints":{"allow":["GET"]}}],"collection":[{"href":"https:\/\/www.europesays.com\/fr\/wp-json\/wp\/v2\/posts"}],"about":[{"href":"https:\/\/www.europesays.com\/fr\/wp-json\/wp\/v2\/types\/post"}],"author":[{"embeddable":true,"href":"https:\/\/www.europesays.com\/fr\/wp-json\/wp\/v2\/users\/2"}],"replies":[{"embeddable":true,"href":"https:\/\/www.europesays.com\/fr\/wp-json\/wp\/v2\/comments?post=186049"}],"version-history":[{"count":0,"href":"https:\/\/www.europesays.com\/fr\/wp-json\/wp\/v2\/posts\/186049\/revisions"}],"wp:featuredmedia":[{"embeddable":true,"href":"https:\/\/www.europesays.com\/fr\/wp-json\/wp\/v2\/media\/186050"}],"wp:attachment":[{"href":"https:\/\/www.europesays.com\/fr\/wp-json\/wp\/v2\/media?parent=186049"}],"wp:term":[{"taxonomy":"category","embeddable":true,"href":"https:\/\/www.europesays.com\/fr\/wp-json\/wp\/v2\/categories?post=186049"},{"taxonomy":"post_tag","embeddable":true,"href":"https:\/\/www.europesays.com\/fr\/wp-json\/wp\/v2\/tags?post=186049"}],"curies":[{"name":"wp","href":"https:\/\/api.w.org\/{rel}","templated":true}]}}