{"id":186051,"date":"2025-06-18T14:24:21","date_gmt":"2025-06-18T14:24:21","guid":{"rendered":"https:\/\/www.europesays.com\/fr\/186051\/"},"modified":"2025-06-18T14:24:21","modified_gmt":"2025-06-18T14:24:21","slug":"apolline-viree-du-cabinet-par-ulysse-luna-et-chloe-toujours-captives-babeth-et-blanche-sont-sur-le-coup-le-resume-de-lepisode-358-du-jeudi-19-juin-2025","status":"publish","type":"post","link":"https:\/\/www.europesays.com\/fr\/186051\/","title":{"rendered":"Apolline vir\u00e9e du cabinet par Ulysse, Luna et Chlo\u00e9 toujours captives, Babeth et Blanche sont sur le coup\u2026 Le r\u00e9sum\u00e9 de l\u2019\u00e9pisode 358 du jeudi 19 juin 2025"},"content":{"rendered":"<p><b>Dans l\u2019\u00e9pisode 358 de<\/b><b> Plus belle la vie<\/b><b> du jeudi 19 juin 2025<\/b>, d\u00e9j\u00e0 <a href=\"https:\/\/www.programme-tv.net\/news\/series-tv\/344072-plus-belle-la-vie-encore-plus-belle-en-streaming-ou-regarder-la-nouvelle-serie-de-tf1-en-replay\/\" data-api-deeplink=\"teleloisirs:\/\/news\/344072\" target=\"_blank\" rel=\"noopener\">disponible en streaming<\/a>&#8230; Mirta demande \u00e0 Yolande de la remplacer aupr\u00e8s de Robert pour le tournoi de p\u00e9tanque. Yolande commence par refuser mais finit par accepter. Jules et Aya vont s\u2019entra\u00eener, tout comme Robert et sa nouvelle co\u00e9quipi\u00e8re. Mirta assiste \u00e0 cet entra\u00eenement et s\u2019agace en voyant la complicit\u00e9 qu\u2019il y a entre Robert et Yolande, vraiment au diapason. Quand ils sont tous les deux, Yolande d\u00e9barque, perturbant sans s\u2019en rendre compte leur t\u00eate \u00e0 t\u00eate.<\/p>\n<p>Plus belle la vie en avance : Apolline vir\u00e9e du cabinet par Ulysse<\/p>\n<p><a href=\"https:\/\/www.programme-tv.net\/news\/series-tv\/380774-plus-belle-la-vie-en-avance-babeth-se-fait-braquer-apolline-redige-ses-aveux-augustin-part-en-prison-ariane-remercie-louis-le-resume-de-lepisode-353-du-jeudi-12-juin-2025\/\" data-api-deeplink=\"teleloisirs:\/\/news\/380774\" target=\"_blank\" rel=\"noopener\">Apolline d\u00e9barque plus t\u00f4t que pr\u00e9vu <\/a>au cabinet, pr\u00eate \u00e0 reprendre le boulot. Ulysse lui conseille de prendre le temps de la r\u00e9flexion mais la jeune femme ne veut rien entendre. \u00ab\u00a0Tr\u00e8s bien, c\u2019est vous qui savez\u00a0\u00bb, lui dit ma\u00eetre Kepler, inquiet malgr\u00e9 tout. Ulysse s\u2019en va voir le recteur de l\u2019universit\u00e9 de droit pour lui demander de m\u00e9nager Apolline. Manque de bol, celui-ci ne voit pas de quelle \u00e9tudiante Kepler lui parle. De quoi mettre la puce \u00e0 l\u2019oreille d\u2019Ulysse. <br \/>Quand Apolline rentre au cabinet, Ulysse lui demande d\u2019enfiler la robe d\u2019avocate qui lui a offerte. La jeune femme ne s\u2019attendait pas \u00e0 ce qu\u2019Ulysse ait d\u00e9couvert son secret. \u00ab\u00a0Cette robe, pour pouvoir la porter, il faut en \u00eatre digne\u00a0\u00bb, lui dit-il avant de pr\u00e9ciser qu\u2019il a eu une conversation avec le doyen. Apolline d\u00e9glutit et se confond en excuses et justifications. Pas suffisant pour Ulysse, qui se sent trahi : \u00ab\u00a0Je vous ai toujours soutenue. Je vous ai toujours fait confiance. Aujourd\u2019hui, je me sens humili\u00e9. [\u2026] Je vais vous demander de r\u00e9cup\u00e9rer vos affaires et de partir. Je ne veux plus jamais vous voir dans ce cabinet.\u00a0\u00bb<\/p>\n<p>                        Plus belle la vie en avance : Bient\u00f4t une crise de couple chez les Nebout ?<\/p>\n<p><a href=\"https:\/\/www.programme-tv.net\/news\/series-tv\/381279-plus-belle-la-vie-en-avance-luna-en-danger-chloe-au-plus-mal-samuel-va-t-il-commettre-l-irreparable-le-resume-de-l-episode-357-du-mercredi-18-juin-2025\/\" data-api-deeplink=\"teleloisirs:\/\/news\/381279\" target=\"_blank\" rel=\"noopener\">Luna essaye tant que faire se peut de soulager Chlo\u00e9,<\/a> au plus mal. Le logeur d\u00e9barque avec un sac de nourriture. Luna le supplie d\u2019appeler le Samu. Elle lui signale que le mari de son amie est commissaire de police et qu\u2019elle risque de l\u2019alerter si Luna ne r\u00e9appara\u00eet pas tr\u00e8s vite. <br \/>De son c\u00f4t\u00e9, Babeth pense que Luna est f\u00e2ch\u00e9e puisqu\u2019elle ne r\u00e9pond pas \u00e0 ses messages, notamment celui qui innocentait Chlo\u00e9. Elle se confie \u00e0 Patrick, qui lui apprend que <a href=\"https:\/\/www.programme-tv.net\/news\/series-tv\/380774-plus-belle-la-vie-en-avance-babeth-se-fait-braquer-apolline-redige-ses-aveux-augustin-part-en-prison-ariane-remercie-louis-le-resume-de-lepisode-353-du-jeudi-12-juin-2025\/\" data-api-deeplink=\"teleloisirs:\/\/news\/380774\" target=\"_blank\" rel=\"noopener\">son sac \u00e0 main a \u00e9t\u00e9 retrouv\u00e9.<\/a> Babeth s\u2019inqui\u00e8te en pensant au mot laiss\u00e9 par Mathieu. Pire, elle ne peut pas le r\u00e9cup\u00e9rer et dois faire une liste de tout ce qu\u2019il y avait dedans. Plus tard, elle informe Mathieu de la situation. Elle s\u2019inqui\u00e8te de la r\u00e9action de Patrick, qui pourrait penser qu\u2019il y a anguille sous roche entre eux. Mathieu lui propose de parler \u00e0 son mari et lui dire que Babeth lui a \u00ab\u00a0toujours mis un stop\u00a0\u00bb. Babeth appr\u00e9cie.<\/p>\n<p>Plus belle la vie en avance : Babeth et Blanche s&rsquo;inqui\u00e8tent pour Luna qui a disparu<\/p>\n<p>Blanche d\u00e9barque au cabinet, inqui\u00e8te parce que Luna n\u2019est pas venue travailler. Babeth lui dit qu\u2019elle ne r\u00e9pond \u00e0 aucun de ses messages. Pareil pour Blanche. \u00ab\u00a0\u00c7a ne lui ressemble pas. Quand elle ne vient pas travailler, elle pr\u00e9vient toujours !\u00a0\u00bb, assure celle-ci. Pire, il n\u2019y a personne ! \u00ab\u00a0Oui effectivement, il y a un truc qui ne va pas\u00a0\u00bb, constate Babeth. Blanche est certaine que cela \u00e0 un rapport avec Chlo\u00e9. Les deux femmes s\u2019accordent \u00e0 penser que sa disparition \u00e0 un lien avec la jeune femme et \u00ab\u00a0qu\u2019il se passe quelque chose de grave\u00a0\u00bb. <br \/>Babeth alerte imm\u00e9diatement Patrick. \u00ab\u00a0Je ne peux pas ouvrir une enqu\u00eate pour disparition inqui\u00e9tante avec si peu\u00a0\u00bb, regrette-t-il. Face \u00e0 l\u2019inertie de son mari, Babeth d\u00e9cide de prendre les choses en main.<br \/>Au m\u00eame moment, la femme enceinte du logeur menace Luna de mettre un coup de taser \u00e0 Chlo\u00e9 si elle ne fait pas ce qu\u2019elle lui dit. Elle veut que Luna laisse un message \u00e0 Babeth pour la rassurer. Elle promet les lib\u00e9rer bient\u00f4t mais avant, Luna doit faire ce qu\u2019elle lui demande.<\/p>\n","protected":false},"excerpt":{"rendered":"Dans l\u2019\u00e9pisode 358 de Plus belle la vie du jeudi 19 juin 2025, d\u00e9j\u00e0 disponible en streaming&#8230; Mirta&hellip;\n","protected":false},"author":2,"featured_media":186052,"comment_status":"","ping_status":"","sticky":false,"template":"","format":"standard","meta":{"footnotes":""},"categories":[1356],"tags":[244,58,1367,7313,7312,7314,7315,7316,59,1011,27,5249,1368,7309,7311,7310,252,199,2175,1364],"class_list":{"0":"post-186051","1":"post","2":"type-post","3":"status-publish","4":"format-standard","5":"has-post-thumbnail","7":"category-television","8":"tag-commentaire","9":"tag-divertissement","10":"tag-encore-plus-belle","11":"tag-encore-plus-belle-182024-0120-pm-plug-rtl","12":"tag-encore-plus-belle-192024-1145-am-rts-un","13":"tag-encore-plus-belle-saison-1-52152789","14":"tag-encore-plus-belle-su00e9rie-52152788","15":"tag-encore-plus-belle-le-doc-u00e9vu00e8nement-292024-0905-pm-tfx","16":"tag-entertainment","17":"tag-fr","18":"tag-france","19":"tag-mytf1-max","20":"tag-plus-belle-la-vie","21":"tag-plus-belle-la-vie-en-avance","22":"tag-ru00e9sumu00e9-plus-belle-la-vie","23":"tag-ru00e9sumu00e9-plus-belle-la-vie-en-avance","24":"tag-television","25":"tag-tf1","26":"tag-tl-story","27":"tag-tv"},"share_on_mastodon":{"url":"","error":"Validation failed: Text character limit of 500 exceeded"},"_links":{"self":[{"href":"https:\/\/www.europesays.com\/fr\/wp-json\/wp\/v2\/posts\/186051","targetHints":{"allow":["GET"]}}],"collection":[{"href":"https:\/\/www.europesays.com\/fr\/wp-json\/wp\/v2\/posts"}],"about":[{"href":"https:\/\/www.europesays.com\/fr\/wp-json\/wp\/v2\/types\/post"}],"author":[{"embeddable":true,"href":"https:\/\/www.europesays.com\/fr\/wp-json\/wp\/v2\/users\/2"}],"replies":[{"embeddable":true,"href":"https:\/\/www.europesays.com\/fr\/wp-json\/wp\/v2\/comments?post=186051"}],"version-history":[{"count":0,"href":"https:\/\/www.europesays.com\/fr\/wp-json\/wp\/v2\/posts\/186051\/revisions"}],"wp:featuredmedia":[{"embeddable":true,"href":"https:\/\/www.europesays.com\/fr\/wp-json\/wp\/v2\/media\/186052"}],"wp:attachment":[{"href":"https:\/\/www.europesays.com\/fr\/wp-json\/wp\/v2\/media?parent=186051"}],"wp:term":[{"taxonomy":"category","embeddable":true,"href":"https:\/\/www.europesays.com\/fr\/wp-json\/wp\/v2\/categories?post=186051"},{"taxonomy":"post_tag","embeddable":true,"href":"https:\/\/www.europesays.com\/fr\/wp-json\/wp\/v2\/tags?post=186051"}],"curies":[{"name":"wp","href":"https:\/\/api.w.org\/{rel}","templated":true}]}}