{"id":186053,"date":"2025-06-18T14:25:11","date_gmt":"2025-06-18T14:25:11","guid":{"rendered":"https:\/\/www.europesays.com\/fr\/186053\/"},"modified":"2025-06-18T14:25:11","modified_gmt":"2025-06-18T14:25:11","slug":"comparution-a-londres-dun-rappeur-du-trio-nord-irlandais-kneecap-accuse-de-soutien-au-hezbollah-actualites","status":"publish","type":"post","link":"https:\/\/www.europesays.com\/fr\/186053\/","title":{"rendered":"Comparution \u00e0 Londres d&rsquo;un rappeur du trio nord-irlandais Kneecap, accus\u00e9 de soutien au Hezbollah : Actualit\u00e9s"},"content":{"rendered":"<p class=\"lead \">Le rappeur Mo Chara du trio nord-irlandais Kneecap, accus\u00e9 d&rsquo;avoir arbor\u00e9 un drapeau du Hezbollah au cours d&rsquo;un concert, a comparu mercredi pour \u00ab\u00a0infraction terroriste\u00a0\u00bb devant un tribunal de Londres, o\u00f9 des centaines de fans \u00e9taient r\u00e9unis pour le soutenir.<\/p>\n<p class=\"lead \">Accueilli sous les acclamations et les applaudissements, le chanteur a d\u00fb traverser une foule compacte brandissant des drapeaux irlandais, palestiniens et des pancartes \u00ab\u00a0Lib\u00e9rez Mo Chara\u00a0\u00bb, scandant notamment \u00ab\u00a0Lib\u00e9rez la Palestine !\u00a0\u00bb.<\/p>\n<p class=\"lead \">Ce groupe \u00e0 l&rsquo;\u00e9nergie punk originaire de Belfast, qui rappe en anglais et en irlandais, revendique haut et fort son engagement en faveur de la cause palestinienne.<\/p>\n<p class=\"lead \"> Mo Chara, le nom de sc\u00e8ne de Liam O&rsquo;Hanna (Liam Og O Hannaidh en ga\u00e9lique), est accus\u00e9 de s&rsquo;\u00eatre couvert d&rsquo;un drapeau du mouvement islamiste pro-iranien Hezbollah, class\u00e9 terroriste au Royaume-Uni, pendant un concert \u00e0 Londres le 21 novembre 2024.<\/p>\n<p class=\"lead \">&#8211; Reparti libre &#8211;<\/p>\n<p class=\"lead \">Il lui est \u00e9galement reproch\u00e9 d&rsquo;avoir cri\u00e9 \u00ab\u00a0Allez le Hamas ! Allez le Hezbollah !\u00a0\u00bb.<\/p>\n<p class=\"lead \">Le rappeur de 27 ans, qui a \u00e9t\u00e9 inculp\u00e9 le 21 mai, est arriv\u00e9 avec un keffieh palestinien sur les \u00e9paules et a d\u00e9clin\u00e9 son identit\u00e9 au cours de l&rsquo;audience.<\/p>\n<p class=\"lead \">\u00ab\u00a0Cette affaire ne porte pas sur le soutien de M. O&rsquo;Hanna au peuple palestinien ni sur ses critiques \u00e0 l&rsquo;\u00e9gard d&rsquo;Isra\u00ebl\u00a0\u00bb, a soulign\u00e9 le procureur Michael Bisgrov, rappelant que le Hezbollah \u00e9tait une organisation proscrite au Royaume-Uni.<\/p>\n<p class=\"lead \">Les avocats du rappeur, quant \u00e0 eux, ont affirm\u00e9 que son inculpation avait eu lieu hors d\u00e9lai l\u00e9gal.<\/p>\n<p class=\"lead \">Mo Chara, qui \u00e9tait accompagn\u00e9 des autres membres du trio M\u00f3gla\u00ed Bap et DJ Pr\u00f3va\u00ed, est reparti libre. La prochaine audience est pr\u00e9vue pour le 20 ao\u00fbt.<\/p>\n<p class=\"lead \">Caitlin McClure, une employ\u00e9e de banque de 24 ans, s&rsquo;est rendue au tribunal pour d\u00e9fendre \u00ab\u00a0la libert\u00e9 d&rsquo;expression\u00a0\u00bb. \u00ab\u00a0Je suis fan de Kneecap et sa musique me parle beaucoup, car je suis \u00e9cossaise et nous n&rsquo;avons pas notre ind\u00e9pendance non plus\u00a0\u00bb, dit-elle \u00e0 l&rsquo;AFP.<\/p>\n<p class=\"lead \">\u00ab\u00a0Ils utilisent la musique comme une plateforme pour mettre en valeur la langue irlandaise mais aussi pour s&rsquo;exprimer sur certains sujets\u00a0\u00bb comme la d\u00e9fense des Palestiniens, salue Tierney Joel, une \u00e9tudiante de 25 ans d&rsquo;origine irlandaise.<\/p>\n<p class=\"lead \">Le groupe a ni\u00e9 tout soutien au Hezbollah, d\u00e9non\u00e7ant une d\u00e9cision \u00ab\u00a0politique\u00a0\u00bb.<\/p>\n<p class=\"lead \">\u00ab\u00a0Ils essaient de nous r\u00e9duire au silence\u00a0\u00bb, d'\u00a0\u00bbannuler nos concerts, de m&rsquo;enlever ma libert\u00e9 de voyager\u00a0\u00bb, avait d\u00e9nonc\u00e9 Mo Chara fin mai au cours d&rsquo;un festival \u00e0 Londres.<\/p>\n<p class=\"lead \">&#8211; Un cri \u00ab\u00a0anticolonialiste\u00a0\u00bb &#8211;<\/p>\n<p class=\"lead \">Le trio nord-irlandais a acc\u00e9d\u00e9 \u00e0 la notori\u00e9t\u00e9 en 2024 avec son album \u00ab\u00a0Fine Art\u00a0\u00bb et un docu-fiction survolt\u00e9, \u00ab\u00a0Kneecap\u00a0\u00bb. Prim\u00e9 notamment au festival du film de Sundance, ce film est sorti mercredi en France.<\/p>\n<p class=\"lead \">Fond\u00e9 en 2017, il d\u00e9fend la r\u00e9unification de l&rsquo;Irlande et d\u00e9fend sa langue comme \u00e9tant un cri \u00ab\u00a0anticolonialiste\u00a0\u00bb face \u00e0 la puissance britannique.<\/p>\n<p class=\"lead \">Le nom du groupe lui-m\u00eame vient de la pratique des groupes paramilitaires qui tiraient sur leurs victimes au niveau des genoux pendant le conflit nord-irlandais.<\/p>\n<p class=\"lead \">Kneecap a suscit\u00e9 de vives r\u00e9actions en projetant des messages accusant Isra\u00ebl de commettre \u00ab\u00a0un g\u00e9nocide contre le peuple palestinien\u00a0\u00bb dans la bande de Gaza, sur la sc\u00e8ne du festival californien Coachella en avril.<\/p>\n<p class=\"lead \">Le trio a par ailleurs d\u00fb r\u00e9cemment pr\u00e9senter ses excuses apr\u00e8s la diffusion d&rsquo;une vid\u00e9o datant de 2023 semblant montrer l&rsquo;un de ses membres appeler \u00e0 la mort de d\u00e9put\u00e9s conservateurs britanniques.<\/p>\n<p class=\"lead \">&#8211; Concerts annul\u00e9s &#8211;<\/p>\n<p class=\"lead \">\u00ab\u00a0J&rsquo;ai entendu maintes fois que c&rsquo;\u00e9tait +la fin de Kneecap+ \u00e0 cause de ce qu&rsquo;ils avaient dit ou fait mais tout ce que cela a provoqu\u00e9, c&rsquo;est de les propulser encore plus haut\u00a0\u00bb, a d\u00e9clar\u00e9 \u00e0 l&rsquo;AFP le r\u00e9alisateur du docu-fiction \u00ab\u00a0Kneecap\u00a0\u00bb Rich Peppiatt.<\/p>\n<p class=\"lead \">Ce film d\u00e9jant\u00e9 donne un aper\u00e7u de la vie de la jeunesse de Belfast, qui a grandi apr\u00e8s le conflit ayant oppos\u00e9 jusqu&rsquo;en 1998 r\u00e9publicains majoritairement catholiques et unionistes essentiellement protestants attach\u00e9s au maintien de l&rsquo;Irlande du Nord dans le Royaume-Uni.<\/p>\n<p class=\"lead \">Apr\u00e8s l&rsquo;ouverture de l&rsquo;enqu\u00eate, le groupe a \u00e9t\u00e9 \u00e9cart\u00e9 d&rsquo;un festival en Angleterre et a vu plusieurs de ses concerts annul\u00e9s, en Allemagne notamment.<\/p>\n<p class=\"lead \">Il a re\u00e7u le soutien de grands noms de la musique comme Massive Attack, Pulp et Fontaines D.C, qui ont d\u00e9nonc\u00e9 une \u00ab\u00a0r\u00e9pression politique\u00a0\u00bb et une \u00ab\u00a0tentative claire et concert\u00e9e de censure et de d\u00e9programmation\u00a0\u00bb.<\/p>\n<p class=\"lead \">Kneecap est toujours \u00e0 l&rsquo;affiche du festival anglais de Glastonbury le 28 juin, malgr\u00e9 les appels d&rsquo;\u00e9lus conservateurs et du Conseil des repr\u00e9sentants de la communaut\u00e9 juive britannique \u00e0 le d\u00e9programmer.<\/p>\n<p class=\"small font-weight-bold text-gray3 \"> publi\u00e9 le 18 juin \u00e0 15h24, AFP<\/p>\n<p>                             Partager<\/p>\n","protected":false},"excerpt":{"rendered":"Le rappeur Mo Chara du trio nord-irlandais Kneecap, accus\u00e9 d&rsquo;avoir arbor\u00e9 un drapeau du Hezbollah au cours d&rsquo;un&hellip;\n","protected":false},"author":2,"featured_media":186054,"comment_status":"","ping_status":"","sticky":false,"template":"","format":"standard","meta":{"footnotes":""},"categories":[1355],"tags":[1971,2120,58,59,1011,27,6228,16764,664,2088,1361,873,7621,4780,3616],"class_list":{"0":"post-186053","1":"post","2":"type-post","3":"status-publish","4":"format-standard","5":"has-post-thumbnail","7":"category-musique","8":"tag-clbrits","9":"tag-conflit","10":"tag-divertissement","11":"tag-entertainment","12":"tag-fr","13":"tag-france","14":"tag-gb","15":"tag-irlandenord","16":"tag-israel","17":"tag-manifestation","18":"tag-music","19":"tag-musique","20":"tag-palestiniens","21":"tag-procs","22":"tag-rap"},"share_on_mastodon":{"url":"https:\/\/pubeurope.com\/@fr\/114704831225530376","error":""},"_links":{"self":[{"href":"https:\/\/www.europesays.com\/fr\/wp-json\/wp\/v2\/posts\/186053","targetHints":{"allow":["GET"]}}],"collection":[{"href":"https:\/\/www.europesays.com\/fr\/wp-json\/wp\/v2\/posts"}],"about":[{"href":"https:\/\/www.europesays.com\/fr\/wp-json\/wp\/v2\/types\/post"}],"author":[{"embeddable":true,"href":"https:\/\/www.europesays.com\/fr\/wp-json\/wp\/v2\/users\/2"}],"replies":[{"embeddable":true,"href":"https:\/\/www.europesays.com\/fr\/wp-json\/wp\/v2\/comments?post=186053"}],"version-history":[{"count":0,"href":"https:\/\/www.europesays.com\/fr\/wp-json\/wp\/v2\/posts\/186053\/revisions"}],"wp:featuredmedia":[{"embeddable":true,"href":"https:\/\/www.europesays.com\/fr\/wp-json\/wp\/v2\/media\/186054"}],"wp:attachment":[{"href":"https:\/\/www.europesays.com\/fr\/wp-json\/wp\/v2\/media?parent=186053"}],"wp:term":[{"taxonomy":"category","embeddable":true,"href":"https:\/\/www.europesays.com\/fr\/wp-json\/wp\/v2\/categories?post=186053"},{"taxonomy":"post_tag","embeddable":true,"href":"https:\/\/www.europesays.com\/fr\/wp-json\/wp\/v2\/tags?post=186053"}],"curies":[{"name":"wp","href":"https:\/\/api.w.org\/{rel}","templated":true}]}}