{"id":186060,"date":"2025-06-18T14:29:11","date_gmt":"2025-06-18T14:29:11","guid":{"rendered":"https:\/\/www.europesays.com\/fr\/186060\/"},"modified":"2025-06-18T14:29:11","modified_gmt":"2025-06-18T14:29:11","slug":"avec-le-retour-de-jean-marc-morandini-europe-1-doit-planquer-ses-stagiaires-de-seconde-dapres-mediapart","status":"publish","type":"post","link":"https:\/\/www.europesays.com\/fr\/186060\/","title":{"rendered":"Avec le retour de Jean-Marc Morandini, Europe 1 doit planquer ses stagiaires de seconde, d\u2019apr\u00e8s \u00ab\u00a0Mediapart\u00a0\u00bb"},"content":{"rendered":"<p>        <img decoding=\"async\" loading=\"lazy\" src=\"https:\/\/www.europesays.com\/fr\/wp-content\/uploads\/2025\/06\/fda2f03_upload-1-kg1owulvyjto-europe1.jpg\"  width=\"728\" height=\"409\" alt=\"Jean-Marc Morandini, ici sur Europe 1,\u00a0le 17\u00a0juin 2025\"\/>  <\/p>\n<p>Europe 1<\/p>\n<p>Jean-Marc Morandini, ici sur Europe 1,\u00a0le 17\u00a0juin 2025<\/p>\n<p class=\"asset asset-text\">M\u00c9DIAS &#8211; Cachez ces stagiaires que je ne saurais voir. <a href=\"https:\/\/www.huffingtonpost.fr\/medias\/article\/jean-marc-morandini-de-retour-sur-europe-1-comme-joker-de-cyril-hanouna-9-ans-apres-son-depart-contraint_251006.html\" target=\"_blank\" rel=\"noopener\">Jean-Marc Morandini<\/a> a fait son retour lundi 17\u00a0juin dans les studios d\u2019<a href=\"https:\/\/www.huffingtonpost.fr\/medias\/article\/sur-europe-1-pascal-praud-reprendra-a-la-rentree-le-creneau-laisse-libre-par-cyril-hanouna_250871.html\" target=\"_blank\" rel=\"noopener\">Europe 1<\/a>\u00a0pour animer l\u2019\u00e9mission On marche sur la t\u00eate \u00e0 la place de <a href=\"https:\/\/www.huffingtonpost.fr\/medias\/article\/pour-repondre-aux-moqueries-de-cyril-hanouna-n-oubliez-pas-les-paroles-lui-rappelle-sa-venue-sur-du-celine-dion_251065.html\" target=\"_blank\" rel=\"noopener\">Cyril Hanouna<\/a>. Sauf que l\u2019arriv\u00e9e de l\u2019animateur condamn\u00e9 pour corruption de mineurs, dans les locaux de la radio, co\u00efncide avec celle d\u2019une flop\u00e9e de stagiaires de seconde. Ce alors que Jean-Marc Morandini a d\u00e9sormais une interdiction d\u00e9finitive d\u2019exercer une profession en contact avec des mineurs.<\/p>\n<p class=\"asset asset-text\">Mediapart rapporte <a href=\"https:\/\/www.mediapart.fr\/journal\/culture-et-idees\/170625\/europe-1-se-retrouve-gerer-la-cohabitation-entre-morandini-et-des-stagiaires-mineurs\" target=\"_blank\" rel=\"noopener\" title=\"Nouvelle fen\u00eatre\">dans un article publi\u00e9 ce mercredi 18\u00a0juin<\/a> que cette situation a pos\u00e9 plusieurs \u00ab\u00a0probl\u00e8mes\u00a0\u00bb \u00e0 la station du groupe Lagard\u00e8re, d\u00e9tenue par Vincent Bollor\u00e9. Comme dans de nombreuses entreprises, Europe 1\u00a0a vu d\u00e9barquer en d\u00e9but de semaine des groupes de lyc\u00e9ens pour une dizaine de jours dans le cadre d\u2019un stage obligatoire. Des mineurs dont les familles ont exprim\u00e9 leur inqui\u00e9tude sur la pr\u00e9sence dans les locaux de Jean-Marc Morandini.<\/p>\n<p class=\"asset asset-text\">Comme le rapportent nos confr\u00e8res de Mediapart, les \u00e9lus du CSE et d\u00e9l\u00e9gu\u00e9s syndicaux ont demand\u00e9 \u00e0 la direction des pr\u00e9cisions quant \u00e0 l\u2019organisation pr\u00e9vue \u00ab\u00a0afin de rassurer les salari\u00e9s et les familles de ces adolescents\u00a0\u00bb. La direction a r\u00e9pondu avoir anticip\u00e9 la situation afin que les stagiaires et Jean-Marc Morandini, qui a toujours ni\u00e9 les faits qui lui sont reproch\u00e9s, ne se croisent pas.<\/p>\n<p class=\"asset asset-text\">Ces stagiaires ont ainsi \u00e9t\u00e9 \u00ab\u00a0plac\u00e9s sous la responsabilit\u00e9 de leurs tuteurs\u00a0\u00bb et ont m\u00eame volontairement \u00e9t\u00e9 install\u00e9s dans la salle \u00ab\u00a0Tropicale\u00a0\u00bb des locaux, situ\u00e9e comme le pr\u00e9cise Mediapart, \u00ab\u00a0\u00e0 l\u2019entresol de la station\u00a0\u00bb, loin du studio qu\u2019occupe Jean-Marc Morandini. Un studio que les adolescents ont tout de m\u00eame pu visiter, \u00e0 un horaire o\u00f9 le rempla\u00e7ant de Cyril Hanouna \u00e9tait absent.<\/p>\n<p>                     Le retour de Jean-Marc Morandini sur Europe 1\u00a0?    <\/p>\n<p class=\"asset asset-text\">Depuis le d\u00e9but de la semaine, Jean-Marc Morandini officie aux commandes de l\u2019\u00e9mission On marche sur la t\u00eate de 16h \u00e0 18h, pendant l\u2019absence de \u00ab\u00a0Baba\u00a0\u00bb. Ce dernier sera de retour pour sa toute derni\u00e8re semaine \u00e0 l\u2019antenne sur Europe 1 lundi 23\u00a0juin, avant de d\u00e9buter \u00e0 la rentr\u00e9e prochaine sur Fun Radio et W9.<\/p>\n<p class=\"asset asset-text\">Comme le pr\u00e9cise le site d\u2019investigation, au-del\u00e0 de la probl\u00e9matique imm\u00e9diate li\u00e9e \u00e0 la pr\u00e9sence des stagiaires, c\u2019est une question plus large qui vient se poser pour les salari\u00e9s. Celle du retour en gr\u00e2ce de Jean-Marc Morandini aupr\u00e8s de Vincent Bollor\u00e9, neuf ans apr\u00e8s avoir \u00e9t\u00e9 limog\u00e9 d\u2019Europe 1\u00a0apr\u00e8s 13\u00a0ans d\u2019antenne.<\/p>\n<p class=\"asset asset-text\">En 2016, l\u2019animateur avait \u00e9t\u00e9 \u00e9cart\u00e9 apr\u00e8s des r\u00e9v\u00e9lations des Inrocks sur ses \u00ab\u00a0pratiques\u00a0\u00bb et abus. Jean-Marc Morandini avait \u00e9t\u00e9 accus\u00e9 d\u2019avoir profit\u00e9 de castings pour inciter de jeunes com\u00e9diens \u00e0 se d\u00e9nuder devant lui. Son arriv\u00e9e sur I-T\u00e9l\u00e9 peu apr\u00e8s avait \u00e9t\u00e9 le d\u00e9clencheur d\u2019une gr\u00e8ve historique pour la cha\u00eene, qui n\u2019avait pas \u00e9t\u00e9 suivie d\u2019effets, hormis pour les gr\u00e9vistes.<\/p>\n<p class=\"asset asset-text\">Jean-Marc Morandini a \u00e9t\u00e9 condamn\u00e9 plusieurs fois. En janvier dernier, pour harc\u00e8lement sexuel, il a \u00e9cop\u00e9 en appel d\u2019une peine de 18 mois de prison avec sursis\u00a0; et en mars, encore une fois en appel, \u00e0 deux\u00a0ans de prison avec sursis pour corruption de mineurs. Une condamnation pour laquelle il s\u2019est pourvu en cassation.<\/p>\n","protected":false},"excerpt":{"rendered":"Europe 1 Jean-Marc Morandini, ici sur Europe 1,\u00a0le 17\u00a0juin 2025 M\u00c9DIAS &#8211; Cachez ces stagiaires que je ne&hellip;\n","protected":false},"author":2,"featured_media":186061,"comment_status":"","ping_status":"","sticky":false,"template":"","format":"standard","meta":{"footnotes":""},"categories":[8],"tags":[251,58,59,1473,1011,27,28917,21026,500,1825],"class_list":{"0":"post-186060","1":"post","2":"type-post","3":"status-publish","4":"format-standard","5":"has-post-thumbnail","7":"category-divertissement","8":"tag-culture","9":"tag-divertissement","10":"tag-entertainment","11":"tag-europe-1","12":"tag-fr","13":"tag-france","14":"tag-jean-marc-morandini","15":"tag-mediapart","16":"tag-medias","17":"tag-radio"},"share_on_mastodon":{"url":"https:\/\/pubeurope.com\/@fr\/114704847191449167","error":""},"_links":{"self":[{"href":"https:\/\/www.europesays.com\/fr\/wp-json\/wp\/v2\/posts\/186060","targetHints":{"allow":["GET"]}}],"collection":[{"href":"https:\/\/www.europesays.com\/fr\/wp-json\/wp\/v2\/posts"}],"about":[{"href":"https:\/\/www.europesays.com\/fr\/wp-json\/wp\/v2\/types\/post"}],"author":[{"embeddable":true,"href":"https:\/\/www.europesays.com\/fr\/wp-json\/wp\/v2\/users\/2"}],"replies":[{"embeddable":true,"href":"https:\/\/www.europesays.com\/fr\/wp-json\/wp\/v2\/comments?post=186060"}],"version-history":[{"count":0,"href":"https:\/\/www.europesays.com\/fr\/wp-json\/wp\/v2\/posts\/186060\/revisions"}],"wp:featuredmedia":[{"embeddable":true,"href":"https:\/\/www.europesays.com\/fr\/wp-json\/wp\/v2\/media\/186061"}],"wp:attachment":[{"href":"https:\/\/www.europesays.com\/fr\/wp-json\/wp\/v2\/media?parent=186060"}],"wp:term":[{"taxonomy":"category","embeddable":true,"href":"https:\/\/www.europesays.com\/fr\/wp-json\/wp\/v2\/categories?post=186060"},{"taxonomy":"post_tag","embeddable":true,"href":"https:\/\/www.europesays.com\/fr\/wp-json\/wp\/v2\/tags?post=186060"}],"curies":[{"name":"wp","href":"https:\/\/api.w.org\/{rel}","templated":true}]}}