{"id":186062,"date":"2025-06-18T14:30:15","date_gmt":"2025-06-18T14:30:15","guid":{"rendered":"https:\/\/www.europesays.com\/fr\/186062\/"},"modified":"2025-06-18T14:30:15","modified_gmt":"2025-06-18T14:30:15","slug":"volonaut-airbike-la-premiere-moto-volante-sans-ailes-ni-helice-prend-son-envol","status":"publish","type":"post","link":"https:\/\/www.europesays.com\/fr\/186062\/","title":{"rendered":"Volonaut Airbike : la premi\u00e8re moto volante sans ailes ni h\u00e9lice prend son envol"},"content":{"rendered":"<tr>\n<td><strong>EN BREF<\/strong><\/td>\n<\/tr>\n<tr>\n<td>\n<ul>\n<li>\ud83d\ude80 La <strong>Volonaut Airbike<\/strong> se distingue par son absence d\u2019ailes et de rotors, d\u00e9fiant les conventions du vol traditionnel.<\/li>\n<li>\u2699\ufe0f Con\u00e7ue avec des mat\u00e9riaux avanc\u00e9s comme la fibre de carbone, elle offre une <strong>maniabilit\u00e9<\/strong> et une l\u00e9g\u00e8ret\u00e9 exceptionnelles.<\/li>\n<li>\ud83d\udc68\u200d\ud83d\udd27 Tomasz Patan, l\u2019inventeur, ambitionne de rendre le vol accessible \u00e0 tous, alliant <strong>praticit\u00e9<\/strong> et innovation.<\/li>\n<li>\ud83c\udf0d L\u2019Airbike pourrait transformer notre mobilit\u00e9 urbaine, permettant de survoler les embouteillages \u00e0 des vitesses allant jusqu\u2019\u00e0 <strong>200 km\/h<\/strong>.<\/li>\n<\/ul>\n<\/td>\n<\/tr>\n<p>Le monde de la mobilit\u00e9 est en pleine effervescence avec l\u2019\u00e9mergence de la Volonaut Airbike, une moto volante qui semble tout droit sortie d\u2019un film de science-fiction. Sa particularit\u00e9 majeure est de pouvoir se d\u00e9placer dans les airs sans l\u2019aide d\u2019ailes ni de rotors, propuls\u00e9e par un moteur \u00e0 r\u00e9action. Avec des vitesses atteignant 200 km\/h, ce v\u00e9hicule futuriste pourrait bien r\u00e9volutionner notre mani\u00e8re de penser le transport personnel. Ce prototype l\u00e9ger, affichant seulement 39 kg \u00e0 vide, a tout pour s\u00e9duire ceux qui r\u00eavent de voler au-dessus du bitume. Ce qui \u00e9tait jadis de la fiction devient progressivement une r\u00e9alit\u00e9 tangible.<\/p>\n<p>Volonaut Airbike : une moto volante sans ailes<\/p>\n<p>L\u2019Airbike de Volonaut se distingue par son design audacieux et son absence d\u2019ailes apparentes, un d\u00e9fi technique relev\u00e9 gr\u00e2ce \u00e0 l\u2019utilisation de mat\u00e9riaux de pointe. La fibre de carbone et les composants imprim\u00e9s en 3D conf\u00e8rent \u00e0 cette moto une l\u00e9g\u00e8ret\u00e9 et une maniabilit\u00e9 exceptionnelles. <strong>Le syst\u00e8me de propulsion par jet et de stabilisation<\/strong> est une innovation qui permet de se passer des traditionnels \u00e9l\u00e9ments volants comme les h\u00e9lices et les rotors. Cette technologie de pointe offre une nouvelle perspective sur la mobilit\u00e9 a\u00e9rienne, rendant possible le r\u00eave de piloter un deux-roues volant, semblable \u00e0 ceux que l\u2019on voit dans les univers de science-fiction tels que Star Wars ou CyberPunk. C\u2019est une avanc\u00e9e qui pourrait red\u00e9finir notre conception du transport personnel tout en apportant une touche de r\u00eave et de magie \u00e0 notre quotidien.<\/p>\n<p><img loading=\"lazy\" width=\"1200\" height=\"800\" decoding=\"async\" src=\"data:image\/svg+xml,%3Csvg%20xmlns=\" http:=\"\" alt=\"Un v\u00e9hicule a\u00e9rien \u00e0 deux roues.\" data-lazy-src=\"https:\/\/www.europesays.com\/fr\/wp-content\/uploads\/2025\/06\/une-moto-qui-defie-les-lois-de-la-physique-la-volonaut-airbike-senvole-sans-ailes-ni-helice-dans-un-.jpeg\"\/><\/p>\n<blockquote class=\"wp-embedded-content\" data-secret=\"eK41bdGC2t\">\n<p><a href=\"https:\/\/bmw-actu.com\/2025\/05\/06\/ils-ont-reussi-la-ou-jai-echoue-elon-musk-bluffe-par-ce-train-asiatique-qui-atteint-1-200-km-h-et-bat-tous-les-records\/\" rel=\"nofollow noopener\" target=\"_blank\">\u00ab Ils ont r\u00e9ussi l\u00e0 o\u00f9 j\u2019ai \u00e9chou\u00e9 \u00bb : Elon Musk bluff\u00e9 par ce train asiatique qui atteint 1 200 km\/h et bat tous les records<\/a><\/p>\n<\/blockquote>\n<p>Un g\u00e9nie de l\u2019innovation : Tomasz Patan<\/p>\n<p>Derri\u00e8re cette invention r\u00e9volutionnaire se cache Tomasz Patan, un inventeur polonais au parcours impressionnant. Connu pour ses travaux sur le Jetson ONE eVTOL, Patan n\u2019est pas un inconnu dans le monde de la technologie a\u00e9ronautique. <strong>Son ambition est claire : rendre le vol accessible \u00e0 tous<\/strong>. En cr\u00e9ant l\u2019Airbike, il allie la praticit\u00e9 des motos \u00e0 la libert\u00e9 de l\u2019aviation personnelle. La vision de Patan s\u2019inscrit dans un d\u00e9sir de d\u00e9mocratiser le vol, en rendant accessible \u00e0 chacun la possibilit\u00e9 de s\u2019affranchir des contraintes de la route. Avec l\u2019Airbike, il offre une solution innovante qui pourrait bien transformer les embouteillages urbains en une histoire du pass\u00e9, en permettant \u00e0 chacun de s\u2019\u00e9lever au-dessus du trafic terrestre.<\/p>\n<blockquote class=\"wp-embedded-content\" data-secret=\"GUJ5mdYZos\">\n<p><a href=\"https:\/\/bmw-actu.com\/2025\/05\/01\/cest-la-fin-dune-ere-la-ninja-h2r-perd-son-trone-face-a-cette-nouvelle-machine-qui-pulverise-tous-les-records\/\" rel=\"nofollow noopener\" target=\"_blank\">\u00ab C\u2019est la fin d\u2019une \u00e8re \u00bb : la Ninja H2R perd son tr\u00f4ne face \u00e0 cette nouvelle machine qui pulv\u00e9rise tous les records<\/a><\/p>\n<\/blockquote>\n<p>Accessibilit\u00e9 et s\u00e9curit\u00e9 : une priorit\u00e9 pour tous<\/p>\n<p>Face \u00e0 un engin aussi novateur que l\u2019Airbike, une question se pose : \u00e0 qui est-il destin\u00e9 ? Tomasz Patan a con\u00e7u cet appareil pour \u00eatre accessible \u00e0 tous, gr\u00e2ce \u00e0 des syst\u00e8mes d\u2019assistance \u00e9lectronique et de stabilisation automatique. <strong>L\u2019objectif est clair : permettre \u00e0 quiconque de voler en toute s\u00e9curit\u00e9<\/strong>, sans n\u00e9cessiter de comp\u00e9tences avanc\u00e9es en pilotage. Ce choix technologique vise \u00e0 ouvrir le ciel \u00e0 un public plus large, des pilotes confirm\u00e9s aux novices. Gr\u00e2ce \u00e0 sa conception conviviale, l\u2019Airbike pourrait bien devenir un mode de transport personnel du futur, offrant une alternative aux v\u00e9hicules traditionnels, tout en garantissant une s\u00e9curit\u00e9 optimale aux utilisateurs.<\/p>\n<p><img loading=\"lazy\" width=\"1200\" height=\"800\" decoding=\"async\" src=\"data:image\/svg+xml,%3Csvg%20xmlns=\" http:=\"\" alt=\"Le mod\u00e8le Airbike de la soci\u00e9t\u00e9 Volonaut.\" data-lazy-src=\"https:\/\/www.europesays.com\/fr\/wp-content\/uploads\/2025\/06\/1750257014_799_une-moto-qui-defie-les-lois-de-la-physique-la-volonaut-airbike-senvole-sans-ailes-ni-helice-dans-un-.jpeg\"\/><\/p>\n<blockquote class=\"wp-embedded-content\" data-secret=\"4dC9z9DpyD\">\n<p><a href=\"https:\/\/bmw-actu.com\/2025\/03\/18\/marques-influenceurs-pilotes-acheter-des-fans-com-leur-arme-secrete-pour-exploser-leur-influence-sur-les-reseaux-sociaux\/\" rel=\"nofollow noopener\" target=\"_blank\">Marques, influenceurs, pilotes\u2026 Acheter-des-Fans.com, leur arme secr\u00e8te pour exploser leur influence sur les r\u00e9seaux sociaux<\/a><\/p>\n<\/blockquote>\n<p>Les perspectives de la Volonaut Airbike sur le march\u00e9<\/p>\n<p>Alors que l\u2019Airbike suscite l\u2019enthousiasme, une question demeure : quand sera-t-elle disponible sur le march\u00e9 ? Volonaut semble pr\u00eat \u00e0 franchir cette \u00e9tape, mais plusieurs facteurs doivent \u00eatre pris en compte, tels que la r\u00e9glementation a\u00e9rienne et l\u2019adaptation des infrastructures. L\u2019innovation apport\u00e9e par l\u2019Airbike pourrait bien transformer notre quotidien, mais elle pose \u00e9galement des d\u00e9fis en termes de logistique et de l\u00e9gislation. Cependant, avec les avanc\u00e9es technologiques constantes et l\u2019int\u00e9r\u00eat croissant pour les v\u00e9hicules a\u00e9riens personnels, il est probable que ce type de transport devienne plus courant dans un avenir proche. En attendant, on ne peut qu\u2019imaginer les possibilit\u00e9s qu\u2019offre cet engin hors du commun.<\/p>\n<p><img loading=\"lazy\" width=\"1200\" height=\"800\" decoding=\"async\" src=\"data:image\/svg+xml,%3Csvg%20xmlns=\" http:=\"\" alt=\"Cette moto volante sera-t-elle bient\u00f4t disponible \u00e0 l'achat ? Cr\u00e9dit photo : Volonaut (image extraite d'une vid\u00e9o sur YouTube)\" data-lazy-src=\"https:\/\/www.europesays.com\/fr\/wp-content\/uploads\/2025\/06\/1750257015_348_une-moto-qui-defie-les-lois-de-la-physique-la-volonaut-airbike-senvole-sans-ailes-ni-helice-dans-un-.jpeg\"\/><\/p>\n<p>Avec l\u2019Airbike, Volonaut ouvre les portes d\u2019un futur o\u00f9 le ciel devient accessible \u00e0 tous. Mais sommes-nous pr\u00eats \u00e0 embrasser cette r\u00e9volution dans nos modes de transport ? La question reste ouverte et suscite r\u00e9flexion et d\u00e9bat. Comment allons-nous int\u00e9grer ces innovations dans notre quotidien ?<\/p>\n<p>L\u2019auteur s\u2019est appuy\u00e9 sur l\u2019intelligence artificielle pour enrichir cet article.<\/p>\n<p id=\"rating\">\u00c7a vous a plu ?\u00a04.5\/5 (22)<\/p>\n","protected":false},"excerpt":{"rendered":"EN BREF \ud83d\ude80 La Volonaut Airbike se distingue par son absence d\u2019ailes et de rotors, d\u00e9fiant les conventions&hellip;\n","protected":false},"author":2,"featured_media":186063,"comment_status":"","ping_status":"","sticky":false,"template":"","format":"standard","meta":{"footnotes":""},"categories":[7],"tags":[1011,27,43,40,41,39,42,44],"class_list":{"0":"post-186062","1":"post","2":"type-post","3":"status-publish","4":"format-standard","5":"has-post-thumbnail","7":"category-sciences-et-technologies","8":"tag-fr","9":"tag-france","10":"tag-science","11":"tag-science-and-technology","12":"tag-sciences","13":"tag-sciences-et-technologies","14":"tag-technologies","15":"tag-technology"},"share_on_mastodon":{"url":"https:\/\/pubeurope.com\/@fr\/114704851031059977","error":""},"_links":{"self":[{"href":"https:\/\/www.europesays.com\/fr\/wp-json\/wp\/v2\/posts\/186062","targetHints":{"allow":["GET"]}}],"collection":[{"href":"https:\/\/www.europesays.com\/fr\/wp-json\/wp\/v2\/posts"}],"about":[{"href":"https:\/\/www.europesays.com\/fr\/wp-json\/wp\/v2\/types\/post"}],"author":[{"embeddable":true,"href":"https:\/\/www.europesays.com\/fr\/wp-json\/wp\/v2\/users\/2"}],"replies":[{"embeddable":true,"href":"https:\/\/www.europesays.com\/fr\/wp-json\/wp\/v2\/comments?post=186062"}],"version-history":[{"count":0,"href":"https:\/\/www.europesays.com\/fr\/wp-json\/wp\/v2\/posts\/186062\/revisions"}],"wp:featuredmedia":[{"embeddable":true,"href":"https:\/\/www.europesays.com\/fr\/wp-json\/wp\/v2\/media\/186063"}],"wp:attachment":[{"href":"https:\/\/www.europesays.com\/fr\/wp-json\/wp\/v2\/media?parent=186062"}],"wp:term":[{"taxonomy":"category","embeddable":true,"href":"https:\/\/www.europesays.com\/fr\/wp-json\/wp\/v2\/categories?post=186062"},{"taxonomy":"post_tag","embeddable":true,"href":"https:\/\/www.europesays.com\/fr\/wp-json\/wp\/v2\/tags?post=186062"}],"curies":[{"name":"wp","href":"https:\/\/api.w.org\/{rel}","templated":true}]}}