{"id":186068,"date":"2025-06-18T14:33:09","date_gmt":"2025-06-18T14:33:09","guid":{"rendered":"https:\/\/www.europesays.com\/fr\/186068\/"},"modified":"2025-06-18T14:33:09","modified_gmt":"2025-06-18T14:33:09","slug":"lexorbitante-ardoise-de-la-campagne-europeenne-de-marion-marechal-liberation","status":"publish","type":"post","link":"https:\/\/www.europesays.com\/fr\/186068\/","title":{"rendered":"l\u2019exorbitante ardoise de la campagne europ\u00e9enne de Marion Mar\u00e9chal \u2013 Lib\u00e9ration"},"content":{"rendered":"<p class=\"sc-ksZaOG ehjQrN text-element\">La poussi\u00e8re n\u2019est pas encore retomb\u00e9e entre Marion Mar\u00e9chal et son ancien parti, Reconqu\u00eate. L\u2019an pass\u00e9, un psychodrame avait vu la ni\u00e8ce de Marine Le Pen <a href=\"https:\/\/www.liberation.fr\/politique\/legislatives-anticipees-marion-marechal-rompt-officiellement-avec-eric-zemmour-et-appelle-a-soutenir-des-candidats-rn-20240612_RY5L4QILXJDVFOCKTGRCND5SCU\/\" target=\"_blank\" rel=\"noreferrer noopener\" title=\"https:\/\/www.liberation.fr\/politique\/legislatives-anticipees-marion-marechal-rompt-officiellement-avec-eric-zemmour-et-appelle-a-soutenir-des-candidats-rn-20240612_RY5L4QILXJDVFOCKTGRCND5SCU\/\">quitter le parti d\u2019Eric Zemmour<\/a>, dont elle avait men\u00e9 la liste aux \u00e9lections europ\u00e9ennes. Le r\u00e9sultat avait \u00e9t\u00e9 \u00e9lectoralement m\u00e9diocre (5,47 % des voix) et\u2026 particuli\u00e8rement co\u00fbteux, avec une facture \u00e0 5,4 millions d\u2019euros. C\u2019\u00e9tait environ un million de plus que la somme maximale remboursable par l\u2019Etat. En outre, la Commission nationale des comptes de campagne et des financements politiques (CNCCFP) avait exclu pr\u00e8s de 400 000 euros des frais remboursables, en partie pour des prestations surfactur\u00e9es par des proches de Marion Mar\u00e9chal, peu ou mal justifi\u00e9es.<\/p>\n<p class=\"sc-ksZaOG ehjQrN text-element\">L\u2019histoire n\u2019est pas finie : selon nos informations, l\u2019eurod\u00e9put\u00e9e r\u00e9clame aujourd\u2019hui \u00e0 Reconqu\u00eate une partie de la somme retoqu\u00e9e par le gendarme administratif. L\u2019\u00e9lue d\u2019extr\u00eame droite \u2013 qui n\u2019a pas r\u00e9pondu \u00e0 nos sollicitations \u2013 aimerait que <a href=\"https:\/\/www.liberation.fr\/politique\/elections\/en-direct-legislatives-anticipees-le-npa&lt;\/p&gt;&lt;\/div&gt;&lt;\/article&gt;&lt;\/div&gt;&lt;div data-fusion-lazy-id=\" f0f8vgvlad832fw=\"\" target=\"_blank\" rel=\"noopener\"><\/p>\n","protected":false},"excerpt":{"rendered":"La poussi\u00e8re n\u2019est pas encore retomb\u00e9e entre Marion Mar\u00e9chal et son ancien parti, Reconqu\u00eate. L\u2019an pass\u00e9, un psychodrame&hellip;\n","protected":false},"author":2,"featured_media":186069,"comment_status":"","ping_status":"","sticky":false,"template":"","format":"standard","meta":{"footnotes":""},"categories":[4],"tags":[11,11100,32406,1011,27,430,15233,12,10838,25],"class_list":{"0":"post-186068","1":"post","2":"type-post","3":"status-publish","4":"format-standard","5":"has-post-thumbnail","7":"category-france","8":"tag-actualites","9":"tag-europeennes-2024","10":"tag-europeennes-le-choc-front-national","11":"tag-fr","12":"tag-france","13":"tag-marine-le-pen","14":"tag-marion-marechal","15":"tag-news","16":"tag-reconquete","17":"tag-republique-francaise"},"share_on_mastodon":{"url":"https:\/\/pubeurope.com\/@fr\/114704862734247173","error":""},"_links":{"self":[{"href":"https:\/\/www.europesays.com\/fr\/wp-json\/wp\/v2\/posts\/186068","targetHints":{"allow":["GET"]}}],"collection":[{"href":"https:\/\/www.europesays.com\/fr\/wp-json\/wp\/v2\/posts"}],"about":[{"href":"https:\/\/www.europesays.com\/fr\/wp-json\/wp\/v2\/types\/post"}],"author":[{"embeddable":true,"href":"https:\/\/www.europesays.com\/fr\/wp-json\/wp\/v2\/users\/2"}],"replies":[{"embeddable":true,"href":"https:\/\/www.europesays.com\/fr\/wp-json\/wp\/v2\/comments?post=186068"}],"version-history":[{"count":0,"href":"https:\/\/www.europesays.com\/fr\/wp-json\/wp\/v2\/posts\/186068\/revisions"}],"wp:featuredmedia":[{"embeddable":true,"href":"https:\/\/www.europesays.com\/fr\/wp-json\/wp\/v2\/media\/186069"}],"wp:attachment":[{"href":"https:\/\/www.europesays.com\/fr\/wp-json\/wp\/v2\/media?parent=186068"}],"wp:term":[{"taxonomy":"category","embeddable":true,"href":"https:\/\/www.europesays.com\/fr\/wp-json\/wp\/v2\/categories?post=186068"},{"taxonomy":"post_tag","embeddable":true,"href":"https:\/\/www.europesays.com\/fr\/wp-json\/wp\/v2\/tags?post=186068"}],"curies":[{"name":"wp","href":"https:\/\/api.w.org\/{rel}","templated":true}]}}