{"id":186070,"date":"2025-06-18T14:34:14","date_gmt":"2025-06-18T14:34:14","guid":{"rendered":"https:\/\/www.europesays.com\/fr\/186070\/"},"modified":"2025-06-18T14:34:14","modified_gmt":"2025-06-18T14:34:14","slug":"christian-estrosi-refuse-de-retirer-le-drapeau-israelien-du-fronton-de-la-mairie-malgre-la-demande-du-prefet","status":"publish","type":"post","link":"https:\/\/www.europesays.com\/fr\/186070\/","title":{"rendered":"Christian Estrosi refuse de retirer le drapeau isra\u00e9lien du fronton de la mairie malgr\u00e9 la demande du pr\u00e9fet"},"content":{"rendered":"<p>Le pr\u00e9fet a envoy\u00e9 une circulaire \u00e0 toutes les mairies des Alpes-Maritimes pour interdire les drapeaux \u00e9trangers, comme \u00e0 Nice, o\u00f9 flotte celui d\u2019Isra\u00ebl depuis les attaques du 7 octobre 2023.<\/p>\n<p class=\"fig-paragraph\">Le maire de Nice\u00a0<a href=\"http:\/\/www.lefigaro.fr\/nice\/municipales-2026-a-un-an-des-elections-christian-estrosi-deja-en-mode-campagne-a-nice-20250328\" data-fig-type=\"NewsFlash\" data-gtm-custom-categorie=\"navigation\" data-gtm-custom-action=\"crossclick\" data-gtm-custom-label=\"Contextuel\" data-gtm-event=\"customEventSPE\" data-fig-domain=\"LEFIGARO\" rel=\"nofollow noopener\" target=\"_blank\">Christian Estrosi (Horizons)<\/a>\u00a0a fait part au pr\u00e9fet des Alpes-Maritimes\u00a0<a href=\"http:\/\/www.lefigaro.fr\/nice\/je-serai-un-prefet-impartial-dans-les-alpes-maritimes-laurent-hottiaux-vise-l-ordre-et-l-unite-20250520\" data-fig-type=\"NewsFlash\" data-gtm-custom-categorie=\"navigation\" data-gtm-custom-action=\"crossclick\" data-gtm-custom-label=\"Contextuel\" data-gtm-event=\"customEventSPE\" data-fig-domain=\"LEFIGARO\" rel=\"nofollow noopener\" target=\"_blank\">Laurent Hottiaux<\/a>\u00a0de son refus de retirer le drapeau d\u2019Isra\u00ebl du fronton de l\u2019h\u00f4tel de ville,\u00a0<a href=\"http:\/\/www.lefigaro.fr\/nice\/le-prefet-des-alpes-maritimes-demande-le-retrait-du-drapeau-israelien-de-la-mairie-de-nice-20250617\" data-fig-type=\"NewsFlash\" data-gtm-custom-categorie=\"navigation\" data-gtm-custom-action=\"crossclick\" data-gtm-custom-label=\"Contextuel\" data-gtm-event=\"customEventSPE\" data-fig-domain=\"LEFIGARO\" rel=\"nofollow noopener\" target=\"_blank\">malgr\u00e9 la demande de ce dernier et une circulaire pr\u00e9fectorale<\/a>\u00a0prise en ce sens. \u00abJe lui ai r\u00e9pondu que j\u2019\u00e9tais d\u00e9sol\u00e9 de lui dire non\u00bb, a-t-il expliqu\u00e9 au quotidien r\u00e9gional Nice-Matin, confirmant qu\u2019il avait bien re\u00e7u un courrier du pr\u00e9fet et qu\u2019ils avaient aussi \u00e9chang\u00e9 par t\u00e9l\u00e9phone.<\/p>\n<p class=\"fig-paragraph\">\u00abC\u2019est un refus au gouvernement, pas au pr\u00e9fet\u00bb, a ajout\u00e9 l\u2019\u00e9dile, assurant qu\u2019il entretenait de bonnes relations avec Laurent Hottiaux, qui a pris ses fonctions il y a un mois en remplacement\u00a0<a href=\"http:\/\/www.lefigaro.fr\/actualite-france\/bras-arme-de-bruno-retailleau-le-prefet-hugues-moutouh-remonte-sur-le-ring-pour-secouer-le-cocotier-20250609\" data-fig-type=\"Article\" data-gtm-custom-categorie=\"navigation\" data-gtm-custom-action=\"crossclick\" data-gtm-custom-label=\"Contextuel\" data-gtm-event=\"customEventSPE\" data-fig-domain=\"LEFIGARO\" rel=\"nofollow noopener\" target=\"_blank\">d\u2019Hugues Moutouh<\/a>, avec qui le maire de Nice \u00e9tait\u00a0<a href=\"http:\/\/www.lefigaro.fr\/nice\/d-une-arrivee-detonante-au-conflit-ouvert-entre-le-maire-estrosi-et-le-prefet-moutouh-les-raisons-d-une-violente-rupture-20240816\" data-fig-type=\"NewsFlash\" data-gtm-custom-categorie=\"navigation\" data-gtm-custom-action=\"crossclick\" data-gtm-custom-label=\"Contextuel\" data-gtm-event=\"customEventSPE\" data-fig-domain=\"LEFIGARO\" rel=\"nofollow noopener\" target=\"_blank\">en conflit ouvert<\/a>.<\/p>\n<p class=\"fig-paragraph\">Dans une circulaire du 17 juin adress\u00e9e aux maires des Alpes-Maritimes, le pr\u00e9fet a rappel\u00e9 un \u00abprincipe de neutralit\u00e9\u00bb quant \u00e0 l\u2019installation de drapeaux \u00e9trangers sur les \u00e9difices publics. \u00abCe principe fait obstacle \u00e0 toute prise de position de ces administrations en mati\u00e8re politique, religieuse, philosophique ou syndicale. Dans ces conditions, l\u2019apposition de drapeaux est susceptible d\u2019\u00eatre assimil\u00e9 \u00e0 une telle prise de position\u00bb, pr\u00e9cise le repr\u00e9sentant de l\u2019\u00c9tat.<\/p>\n<p>Installation permanente ill\u00e9gale<\/p>\n<p class=\"fig-paragraph\">Il a ainsi cit\u00e9 une d\u00e9cision du tribunal administratif de Lyon en 2011, qui avait jug\u00e9 ill\u00e9gale l\u2019installation permanente d\u2019un drapeau constituant \u00abl\u2019expression directe d\u2019une prise de position politique dans le domaine de la politique \u00e9trang\u00e8re de la France\u00bb. Il rappelle encore que si cela peut \u00eatre tol\u00e9r\u00e9 sur une p\u00e9riode limit\u00e9e, l\u2019installation d\u2019un autre drapeau que celui tricolore doit faire l\u2019objet d\u2019une d\u00e9lib\u00e9ration municipale, \u00abet non d\u2019une simple d\u00e9cision du maire\u00bb.<\/p>\n<p class=\"fig-paragraph\">\u00abIl convient de rappeler que l\u2019installation de drapeaux \u00e9trangers est strictement prohib\u00e9e dans les cas o\u00f9 celle-ci est susceptible de provoquer des troubles \u00e0 l\u2019ordre public\u00bb, poursuit le pr\u00e9fet, invitant les maires \u00ab\u00e0 la plus grande vigilance\u00bb. \u00c0 Nice, des militants propalestiniens se r\u00e9unissent de mani\u00e8re quasi hebdomadaire et\u00a0<a href=\"http:\/\/www.lefigaro.fr\/nice\/nice-malgre-l-opposition-d-estrosi-les-manifestations-de-soutien-a-la-palestine-se-multiplient-devant-la-mairie-20240531\" data-fig-type=\"NewsFlash\" data-gtm-custom-categorie=\"navigation\" data-gtm-custom-action=\"crossclick\" data-gtm-custom-label=\"Contextuel\" data-gtm-event=\"customEventSPE\" data-fig-domain=\"LEFIGARO\" rel=\"nofollow noopener\" target=\"_blank\">convergent vers la mairie<\/a>, sous les drapeaux isra\u00e9liens.<\/p>\n<p>Des recours d\u00e9j\u00e0 d\u00e9pos\u00e9s<\/p>\n<p class=\"fig-paragraph\">Au lendemain des attaques meurtri\u00e8res du Hamas en Isra\u00ebl,\u00a0<a href=\"http:\/\/www.lefigaro.fr\/international\/l-armee-qui-n-est-pas-arrivee-tsahal-publie-ses-enquetes-sur-la-defaite-du-7-octobre-20250309\" data-fig-type=\"Article\" data-gtm-custom-categorie=\"navigation\" data-gtm-custom-action=\"crossclick\" data-gtm-custom-label=\"Contextuel\" data-gtm-event=\"customEventSPE\" data-fig-domain=\"LEFIGARO\" rel=\"nofollow noopener\" target=\"_blank\">le 7 octobre 2023<\/a>, Christian Estrosi avait d\u00e9cid\u00e9 de hisser le drapeau isra\u00e9lien au balcon de l\u2019h\u00f4tel de ville. \u00abJ\u2019ai pris des engagements face aux Ni\u00e7ois pour que le drapeau isra\u00e9lien, aux c\u00f4t\u00e9s du drapeau fran\u00e7ais et ni\u00e7ois, reste pr\u00e9sent sur la fa\u00e7ade de la mairie jusqu\u2019\u00e0 la lib\u00e9ration des otages d\u00e9tenus par l\u2019organisation terroriste du Hamas et pour d\u00e9noncer le pogrom du 7 octobre\u00bb, a expliqu\u00e9 le maire de Nice dans un communiqu\u00e9.<\/p>\n<p class=\"fig-paragraph\">Plusieurs recours ont \u00e9t\u00e9 d\u00e9pos\u00e9s par\u00a0<a href=\"http:\/\/www.lefigaro.fr\/nice\/nice-la-militante-propalestinienne-condamnee-a-trois-ans-de-prison-pour-des-tweets-antisemites-fait-appel-20241115\" data-fig-type=\"NewsFlash\" data-gtm-custom-categorie=\"navigation\" data-gtm-custom-action=\"crossclick\" data-gtm-custom-label=\"Contextuel\" data-gtm-event=\"customEventSPE\" data-fig-domain=\"LEFIGARO\" rel=\"nofollow noopener\" target=\"_blank\">des militants propalestiniens<\/a>\u00a0pour demander ce retrait du drapeau isra\u00e9lien, jusqu\u2019ici en vain. \u00abSi Christian Estrosi maintient sa position, sans tenir compte d\u2019une mobilisation citoyenne constante et du rappel \u00e0 l\u2019ordre par l\u2019\u00c9tat, c\u2019est qu\u2019il est d\u00e9cid\u00e9 \u00e0 faire l\u2019apologie des crimes de guerre, du crime contre l\u2019humanit\u00e9 et du g\u00e9nocide en cours \u00e0 Gaza\u00bb, a r\u00e9agi David Nakache, le pr\u00e9sident de l\u2019association Tous citoyens et membre du collectif Viva, proche de La France insoumise.<\/p>\n<p class=\"fig-paragraph\">\u00abJe continuerai jusqu\u2019au bout \u00e0 mettre mon \u00e9nergie contre toutes les formes d\u2019antis\u00e9mitisme et d\u2019antisionisme\u00bb, a pr\u00e9cis\u00e9 Christian Estrosi.<\/p>\n","protected":false},"excerpt":{"rendered":"Le pr\u00e9fet a envoy\u00e9 une circulaire \u00e0 toutes les mairies des Alpes-Maritimes pour interdire les drapeaux \u00e9trangers, comme&hellip;\n","protected":false},"author":2,"featured_media":186071,"comment_status":"","ping_status":"","sticky":false,"template":"","format":"standard","meta":{"footnotes":""},"categories":[2],"tags":[11,2898,2829,2971,2972,2397,2973,2974,2975,1011,27,664,2969,2970,2987,2980,12,2897,2976,2977,2978,2985,2986,2979,2981,2982,2983,2984,2991,2992,2993,2994,2996,2997,2998,2999,3000,3001,3002,2995,3003,3004,3005,3007,2268,6822,2988,2989,2990,2968,3006],"class_list":{"0":"post-186070","1":"post","2":"type-post","3":"status-publish","4":"format-standard","5":"has-post-thumbnail","7":"category-actualites","8":"tag-actualites","9":"tag-alpes-maritimes","10":"tag-baumettes","11":"tag-carabacel","12":"tag-caucade","13":"tag-christian-estrosi","14":"tag-cimiez","15":"tag-cremat","16":"tag-fabron","17":"tag-fr","18":"tag-france","19":"tag-israel","20":"tag-larenas","21":"tag-lariane","22":"tag-le-ray","23":"tag-lingostiere","24":"tag-news","25":"tag-nice-cote-dazur","26":"tag-nice-gairaut","27":"tag-nice-gambetta","28":"tag-nice-jean-medecin","29":"tag-nice-le-piol","30":"tag-nice-le-port","31":"tag-nice-liberation","32":"tag-nice-magnan","33":"tag-nice-mantega-mont-boron","34":"tag-nice-pasteur","35":"tag-nice-pessicart","36":"tag-nice-rue-de-france","37":"tag-nice-saint-antoine","38":"tag-nice-saint-augustin","39":"tag-nice-saint-isidore","40":"tag-nice-saint-maurice","41":"tag-nice-saint-pancrace","42":"tag-nice-saint-philippe","43":"tag-nice-saint-pierre-de-feric","44":"tag-nice-saint-roch","45":"tag-nice-saint-roman-de-bellet","46":"tag-nice-saint-sylvestre","47":"tag-nice-sainte-marguerite","48":"tag-nice-thiers","49":"tag-nice-ventabrun","50":"tag-nice-vernier","51":"tag-nice-vinaigrier","52":"tag-ogc-nice","53":"tag-prefets","54":"tag-rimiez","55":"tag-riquier","56":"tag-roquebilliere","57":"tag-sud-est","58":"tag-vieux-nice"},"share_on_mastodon":{"url":"","error":"Validation failed: Text character limit of 500 exceeded"},"_links":{"self":[{"href":"https:\/\/www.europesays.com\/fr\/wp-json\/wp\/v2\/posts\/186070","targetHints":{"allow":["GET"]}}],"collection":[{"href":"https:\/\/www.europesays.com\/fr\/wp-json\/wp\/v2\/posts"}],"about":[{"href":"https:\/\/www.europesays.com\/fr\/wp-json\/wp\/v2\/types\/post"}],"author":[{"embeddable":true,"href":"https:\/\/www.europesays.com\/fr\/wp-json\/wp\/v2\/users\/2"}],"replies":[{"embeddable":true,"href":"https:\/\/www.europesays.com\/fr\/wp-json\/wp\/v2\/comments?post=186070"}],"version-history":[{"count":0,"href":"https:\/\/www.europesays.com\/fr\/wp-json\/wp\/v2\/posts\/186070\/revisions"}],"wp:featuredmedia":[{"embeddable":true,"href":"https:\/\/www.europesays.com\/fr\/wp-json\/wp\/v2\/media\/186071"}],"wp:attachment":[{"href":"https:\/\/www.europesays.com\/fr\/wp-json\/wp\/v2\/media?parent=186070"}],"wp:term":[{"taxonomy":"category","embeddable":true,"href":"https:\/\/www.europesays.com\/fr\/wp-json\/wp\/v2\/categories?post=186070"},{"taxonomy":"post_tag","embeddable":true,"href":"https:\/\/www.europesays.com\/fr\/wp-json\/wp\/v2\/tags?post=186070"}],"curies":[{"name":"wp","href":"https:\/\/api.w.org\/{rel}","templated":true}]}}