{"id":186072,"date":"2025-06-18T14:35:11","date_gmt":"2025-06-18T14:35:11","guid":{"rendered":"https:\/\/www.europesays.com\/fr\/186072\/"},"modified":"2025-06-18T14:35:11","modified_gmt":"2025-06-18T14:35:11","slug":"saint-etienne-lautomobiliste-outrage-et-refuse-de-se-soumettre-aux-controles-de-la-police","status":"publish","type":"post","link":"https:\/\/www.europesays.com\/fr\/186072\/","title":{"rendered":"Saint-\u00c9tienne. L\u2019automobiliste outrage et refuse de se soumettre aux contr\u00f4les de la police"},"content":{"rendered":"<p>Dans la nuit de lundi \u00e0 mardi \u00e0 0\u00a0h\u00a030, alors qu\u2019il sortait d\u2019un immeuble, rue de la Richelandi\u00e8re \u00e0 Saint-\u00c9tienne, o\u00f9 il \u00e9tait intervenu pour un tapage, un \u00e9quipage de police contr\u00f4le un automobiliste stationn\u00e9 sur un passage pour pi\u00e9tons. L\u2019homme au volant, \u00e2g\u00e9 de 24 ans, tr\u00e8s peu coop\u00e9ratif, est verbalis\u00e9.<\/p>\n<p>Quelques minutes plus tard, la patrouille aper\u00e7oit, un peu plus loin, \u00e0 nouveau l\u2019automobiliste qui\u00a0\u00e0 la vue des fonctionnaires se gare et part en courant. Les policiers l\u2019interpellent. L\u2019individu les outrage et refuse de se soumettre aux contr\u00f4les de stup\u00e9fiants et d\u2019alcool\u00e9mie. Son permis de conduire a fait l\u2019objet d\u2019une r\u00e9tention administrative.<\/p>\n<p>Il sera prochainement convoqu\u00e9 pour r\u00e9pondre des chefs d\u2019accusation d\u2019outrage et r\u00e9bellion et pour refus de se soumettre aux contr\u00f4les d\u2019alcool\u00e9mie et de stup\u00e9fiants.<\/p>\n","protected":false},"excerpt":{"rendered":"Dans la nuit de lundi \u00e0 mardi \u00e0 0\u00a0h\u00a030, alors qu\u2019il sortait d\u2019un immeuble, rue de la Richelandi\u00e8re&hellip;\n","protected":false},"author":2,"featured_media":186073,"comment_status":"","ping_status":"","sticky":false,"template":"","format":"standard","meta":{"footnotes":""},"categories":[9653],"tags":[1111,11,2430,271,272,7539,1777,674,274,1011,27,3367,12,25,4001,7538],"class_list":{"0":"post-186072","1":"post","2":"type-post","3":"status-publish","4":"format-standard","5":"has-post-thumbnail","7":"category-saint-etienne","8":"tag-actu","9":"tag-actualites","10":"tag-auvergne-rhone-alpes","11":"tag-crime","12":"tag-delit-et-contravention","13":"tag-edition-loire-sud","14":"tag-eu","15":"tag-europe","16":"tag-faits-divers-justice","17":"tag-fr","18":"tag-france","19":"tag-loire","20":"tag-news","21":"tag-republique-francaise","22":"tag-saint-etienne","23":"tag-saint-etienne-ville"},"share_on_mastodon":{"url":"https:\/\/pubeurope.com\/@fr\/114704870648870659","error":""},"_links":{"self":[{"href":"https:\/\/www.europesays.com\/fr\/wp-json\/wp\/v2\/posts\/186072","targetHints":{"allow":["GET"]}}],"collection":[{"href":"https:\/\/www.europesays.com\/fr\/wp-json\/wp\/v2\/posts"}],"about":[{"href":"https:\/\/www.europesays.com\/fr\/wp-json\/wp\/v2\/types\/post"}],"author":[{"embeddable":true,"href":"https:\/\/www.europesays.com\/fr\/wp-json\/wp\/v2\/users\/2"}],"replies":[{"embeddable":true,"href":"https:\/\/www.europesays.com\/fr\/wp-json\/wp\/v2\/comments?post=186072"}],"version-history":[{"count":0,"href":"https:\/\/www.europesays.com\/fr\/wp-json\/wp\/v2\/posts\/186072\/revisions"}],"wp:featuredmedia":[{"embeddable":true,"href":"https:\/\/www.europesays.com\/fr\/wp-json\/wp\/v2\/media\/186073"}],"wp:attachment":[{"href":"https:\/\/www.europesays.com\/fr\/wp-json\/wp\/v2\/media?parent=186072"}],"wp:term":[{"taxonomy":"category","embeddable":true,"href":"https:\/\/www.europesays.com\/fr\/wp-json\/wp\/v2\/categories?post=186072"},{"taxonomy":"post_tag","embeddable":true,"href":"https:\/\/www.europesays.com\/fr\/wp-json\/wp\/v2\/tags?post=186072"}],"curies":[{"name":"wp","href":"https:\/\/api.w.org\/{rel}","templated":true}]}}