{"id":186074,"date":"2025-06-18T14:36:18","date_gmt":"2025-06-18T14:36:18","guid":{"rendered":"https:\/\/www.europesays.com\/fr\/186074\/"},"modified":"2025-06-18T14:36:18","modified_gmt":"2025-06-18T14:36:18","slug":"saint-etienne-laudience-concernant-laccident-de-tramway-a-chateaucreux-a-nouveau-renvoyee","status":"publish","type":"post","link":"https:\/\/www.europesays.com\/fr\/186074\/","title":{"rendered":"Saint-\u00c9tienne. L\u2019audience concernant l\u2019accident de tramway \u00e0 Ch\u00e2teaucreux \u00e0 nouveau renvoy\u00e9e"},"content":{"rendered":"<p>D\u00e9cid\u00e9ment cette affaire n\u2019a pas fini de faire parler d\u2019elle. Le 1er mars 2025, l\u2019accident de tramway qui avait percut\u00e9 un bus devait \u00eatre jug\u00e9 une premi\u00e8re fois le 23\u00a0avril dernier. Mais il manquait le rapport d\u2019expertise du m\u00e9decin de la victime, la plus impact\u00e9e dans la collision et le tribunal avait repouss\u00e9 l\u2019audience \u00e0 ce mercredi 18\u00a0juin.<\/p>\n<p>Cette fois-ci, nouveau coup de th\u00e9\u00e2tre. Entretemps, le rapport m\u00e9dical est bien parvenu mais le rapport technique du contr\u00f4leur ind\u00e9pendant pr\u00e9cisant les circonstances de la collision n\u2019a \u00e9t\u00e9 en possession par toutes les personnes concern\u00e9es que ce mercredi\u00a018 en fin de matin\u00e9e.<\/p>\n<p>Le tribunal a d\u00e9cid\u00e9 de reprogrammer l\u2019audience le 16\u00a0juillet \u00e0 13\u00a0h\u00a030. \u00c0 suivre.<\/p>\n","protected":false},"excerpt":{"rendered":"D\u00e9cid\u00e9ment cette affaire n\u2019a pas fini de faire parler d\u2019elle. Le 1er mars 2025, l\u2019accident de tramway qui&hellip;\n","protected":false},"author":2,"featured_media":186075,"comment_status":"","ping_status":"","sticky":false,"template":"","format":"standard","meta":{"footnotes":""},"categories":[9653],"tags":[119,1111,11,2430,7539,1777,674,274,1011,27,3367,12,25,4001,7538],"class_list":{"0":"post-186074","1":"post","2":"type-post","3":"status-publish","4":"format-standard","5":"has-post-thumbnail","7":"category-saint-etienne","8":"tag-accident","9":"tag-actu","10":"tag-actualites","11":"tag-auvergne-rhone-alpes","12":"tag-edition-loire-sud","13":"tag-eu","14":"tag-europe","15":"tag-faits-divers-justice","16":"tag-fr","17":"tag-france","18":"tag-loire","19":"tag-news","20":"tag-republique-francaise","21":"tag-saint-etienne","22":"tag-saint-etienne-ville"},"share_on_mastodon":{"url":"https:\/\/pubeurope.com\/@fr\/114704874758095534","error":""},"_links":{"self":[{"href":"https:\/\/www.europesays.com\/fr\/wp-json\/wp\/v2\/posts\/186074","targetHints":{"allow":["GET"]}}],"collection":[{"href":"https:\/\/www.europesays.com\/fr\/wp-json\/wp\/v2\/posts"}],"about":[{"href":"https:\/\/www.europesays.com\/fr\/wp-json\/wp\/v2\/types\/post"}],"author":[{"embeddable":true,"href":"https:\/\/www.europesays.com\/fr\/wp-json\/wp\/v2\/users\/2"}],"replies":[{"embeddable":true,"href":"https:\/\/www.europesays.com\/fr\/wp-json\/wp\/v2\/comments?post=186074"}],"version-history":[{"count":0,"href":"https:\/\/www.europesays.com\/fr\/wp-json\/wp\/v2\/posts\/186074\/revisions"}],"wp:featuredmedia":[{"embeddable":true,"href":"https:\/\/www.europesays.com\/fr\/wp-json\/wp\/v2\/media\/186075"}],"wp:attachment":[{"href":"https:\/\/www.europesays.com\/fr\/wp-json\/wp\/v2\/media?parent=186074"}],"wp:term":[{"taxonomy":"category","embeddable":true,"href":"https:\/\/www.europesays.com\/fr\/wp-json\/wp\/v2\/categories?post=186074"},{"taxonomy":"post_tag","embeddable":true,"href":"https:\/\/www.europesays.com\/fr\/wp-json\/wp\/v2\/tags?post=186074"}],"curies":[{"name":"wp","href":"https:\/\/api.w.org\/{rel}","templated":true}]}}